{"id":245159,"date":"2023-07-12T15:23:32","date_gmt":"2023-07-12T19:23:32","guid":{"rendered":"https:\/\/www.ocorreionews.com.br\/acervo-correio\/?p=245159"},"modified":"2023-07-12T15:23:32","modified_gmt":"2023-07-12T19:23:32","slug":"esposa-e-filho-sao-presos-suspeitos-de-matar-homem-e-enterrar-corpo-com-ajuda-de-amante-em-goias","status":"publish","type":"post","link":"https:\/\/www.ocorreionews.com.br\/acervo-correio\/?p=245159","title":{"rendered":"Esposa e filho s\u00e3o presos suspeitos de matar homem e enterrar corpo com ajuda de amante, em Goi\u00e1s"},"content":{"rendered":"<div id=\"chunk-br3q3\">\n<div class=\"mc-column content-text active-extra-styles \" data-block-type=\"unstyled\" data-block-weight=\"56\" data-block-id=\"3\">\n<p class=\"content-text__container \" data-track-category=\"Link no Texto\" data-track-links=\"\">Uma mulher foi presa suspeita de matar e enterrar o corpo do marido, em \u00c1guas Lindas de Goi\u00e1s, no Entorno do Distrito Federal (DF). Um dos filhos da v\u00edtima e outras duas pessoas tamb\u00e9m foram presas. Segundo a Pol\u00edcia Civil (PC), a esposa, um amante, os dois filhos dela e um casal teriam planejado o crime.<\/p>\n<\/div>\n<\/div>\n<div class=\"wall protected-content\">\n<div id=\"chunk-9a81b\">\n<p>&nbsp;<\/p>\n<\/div>\n<div id=\"chunk-6ui0r\">\n<div class=\"mc-column content-text active-extra-styles \" data-block-type=\"unstyled\" data-block-weight=\"50\" data-block-id=\"5\">\n<p class=\"content-text__container \" data-track-category=\"Link no Texto\" data-track-links=\"\">O <strong>g1<\/strong> n\u00e3o localizou a defesa da esposa da v\u00edtima, Tereza Ara\u00fajo, do filho, Francisco Filho, do amante, Ant\u00f4nio Pedro, e do casal, M\u00e1rcio e Nayara, para um posicionamento. O corpo de Francisco Sousa foi encontrado ap\u00f3s um homem denunciar que teria recebido uma proposta de R$ 150 para enterr\u00e1-lo.<\/p>\n<\/div>\n<\/div>\n<div id=\"chunk-cda45\">\n<div class=\"content-ads content-ads--reveal\" data-block-type=\"ads\" data-block-id=\"6\">\n<div><\/div>\n<\/div>\n<\/div>\n<div id=\"chunk-e4k1c\">\n<div class=\"mc-column content-text active-extra-styles\" data-block-type=\"raw\" data-block-weight=\"1\" data-block-id=\"7\">\n<p class=\"content-text__container\">\n<div class=\"content-intertitle\">\n<h2>Den\u00fancia<\/h2>\n<\/div>\n<\/div>\n<p>&nbsp;<\/p>\n<\/div>\n<div id=\"chunk-48t3t\">\n<div class=\"mc-column content-text active-extra-styles \" data-block-type=\"unstyled\" data-block-weight=\"50\" data-block-id=\"8\">\n<p class=\"content-text__container \" data-track-category=\"Link no Texto\" data-track-links=\"\">O caso \u00e9 investigado pelo delegado Vin\u00edcius M\u00e1ximo, do Grupo de Investiga\u00e7\u00e3o de Homic\u00eddios (GIH) de \u00c1guas Lindas de Goi\u00e1s. Ele conta que na den\u00fancia a testemunha contou \u00e0 pol\u00edcia onde M\u00e1rcio e Nayara moravam. \u201cEle estava em um bar e, ao receber a proposta, teria ficado muito assustado\u201d, disse.<\/p>\n<p data-track-category=\"Link no Texto\" data-track-links=\"\">\n<\/div>\n<\/div>\n<div id=\"chunk-66qfi\">\n<div class=\"mc-column content-text active-extra-styles \" data-block-type=\"unstyled\" data-block-weight=\"53\" data-block-id=\"9\">\n<p class=\"content-text__container \" data-track-category=\"Link no Texto\" data-track-links=\"\">As equipes foram at\u00e9 uma ch\u00e1cara e encontraram o dono dela, Ant\u00f4nio, e o casal. \u201cInicialmente, n\u00f3s conversamos com eles sobre a proposta e eles negaram os fatos\u201d, conta M\u00e1ximo. No mesmo dia, a pol\u00edcia conversou com moradores da regi\u00e3o que disseram que o Francisco estaria desaparecido desde o dia 23 de junho.<\/p>\n<p data-track-category=\"Link no Texto\" data-track-links=\"\">\n<\/div>\n<\/div>\n<div id=\"chunk-b4rsn\">\n<div class=\"mc-column content-text active-extra-styles\" data-block-type=\"raw\" data-block-weight=\"1\" data-block-id=\"12\">\n<p class=\"content-text__container\">\n<div class=\"content-intertitle\">\n<h2>Desaparecimento<\/h2>\n<\/div>\n<div class=\"mc-article-header\"><\/div>\n<div class=\"mc-article-body\">\n<article>\n<div id=\"chunk-d0ipi\">\n<div class=\"row medium-uncollapsed content-media content-photo\" data-block-type=\"backstage-photo\" data-block-id=\"1\">\n<div class=\" mc-column  content-media__container\">\n<div class=\"content-media-container glb-skeleton-box\">\n<figure class=\"content-media-figure\">\n<p><figure style=\"width: 647px\" class=\"wp-caption aligncenter\"><img loading=\"lazy\" decoding=\"async\" class=\"i-amphtml-fill-content i-amphtml-replaced-content\" src=\"https:\/\/s2-g1.glbimg.com\/15YaGvT6NcCw8kS452npv2MrrLE=\/0x0:1700x1065\/984x0\/smart\/filters:strip_icc()\/i.s3.glbimg.com\/v1\/AUTH_59edd422c0c84a879bd37670ae4f538a\/internal_photos\/bs\/2023\/J\/n\/uSNHX5TeWuRRS2bneTLA\/foto-1-amante.jpg\" sizes=\"auto, (max-width: 1366px) 648px, 100vw\" srcset=\"https:\/\/s2-g1.glbimg.com\/saOviRY8fI2eG034VFJfCHmfhbE=\/0x0:1700x1065\/1000x0\/smart\/filters:strip_icc()\/i.s3.glbimg.com\/v1\/AUTH_59edd422c0c84a879bd37670ae4f538a\/internal_photos\/bs\/2023\/J\/n\/uSNHX5TeWuRRS2bneTLA\/foto-1-amante.jpg 1000w, https:\/\/s2-g1.glbimg.com\/15YaGvT6NcCw8kS452npv2MrrLE=\/0x0:1700x1065\/984x0\/smart\/filters:strip_icc()\/i.s3.glbimg.com\/v1\/AUTH_59edd422c0c84a879bd37670ae4f538a\/internal_photos\/bs\/2023\/J\/n\/uSNHX5TeWuRRS2bneTLA\/foto-1-amante.jpg 984w, https:\/\/s2-g1.glbimg.com\/fpiMf1n9TNnp6k9zPul-qLmSAZA=\/0x0:1700x1065\/640x0\/smart\/filters:strip_icc()\/i.s3.glbimg.com\/v1\/AUTH_59edd422c0c84a879bd37670ae4f538a\/internal_photos\/bs\/2023\/J\/n\/uSNHX5TeWuRRS2bneTLA\/foto-1-amante.jpg 640w, https:\/\/s2-g1.glbimg.com\/0Zrsji3sQiEBds7AYfj-12KyF5U=\/0x0:1700x1065\/600x0\/smart\/filters:strip_icc()\/i.s3.glbimg.com\/v1\/AUTH_59edd422c0c84a879bd37670ae4f538a\/internal_photos\/bs\/2023\/J\/n\/uSNHX5TeWuRRS2bneTLA\/foto-1-amante.jpg 600w\" alt=\"Francisco Sousa foi morto e o corpo enterrado pela esposa, filho e amante, em \u00c1guas Listas de Goi\u00e1s \u2014 Foto: Divulga\u00e7\u00e3o\/Pol\u00edcia Civil\" width=\"647\" height=\"405\" \/><figcaption class=\"wp-caption-text\">Francisco Sousa foi morto e o corpo enterrado pela esposa, filho e amante, em \u00c1guas Listas de Goi\u00e1s \u2014 Foto: Divulga\u00e7\u00e3o\/Pol\u00edcia Civil<\/figcaption><\/figure><\/figure>\n<\/div>\n<\/div>\n<p class=\"content-media__description  \">\n<\/div>\n<\/div>\n<\/article>\n<\/div>\n<\/div>\n<\/div>\n<div id=\"chunk-dpclk\">\n<div class=\"mc-column content-text active-extra-styles \" data-block-type=\"unstyled\" data-block-weight=\"56\" data-block-id=\"13\">\n<p class=\"content-text__container \" data-track-category=\"Link no Texto\" data-track-links=\"\">\u201cN\u00f3s fomos at\u00e9 a esposa e os dois filhos do casal e, ao conversar sobre o desaparecimento da v\u00edtima, Tereza ficou um pouco nervosa e disse que ele teria viajado para o Maranh\u00e3o de moto\u201d, relata o delegado. Devido a dist\u00e2ncia de mais de 1,5 mil km, os policiais desconfiaram da hist\u00f3ria e iniciaram a investiga\u00e7\u00e3o.<\/p>\n<p data-track-category=\"Link no Texto\" data-track-links=\"\">\n<\/div>\n<\/div>\n<div class=\"content-ads content-ads--reveal\" data-block-type=\"ads\" data-block-id=\"14\"><\/div>\n<div id=\"chunk-5v4ba\">\n<div class=\"mc-column content-text active-extra-styles \" data-block-type=\"unstyled\" data-block-weight=\"51\" data-block-id=\"15\">\n<p class=\"content-text__container \" data-track-category=\"Link no Texto\" data-track-links=\"\">O investigador afirma que M\u00e1rcio e Nayara tamb\u00e9m s\u00e3o suspeitos de outro homic\u00eddio ocorrido em maio e, por isso, no dia seguinte, os policiais voltaram ao local para cumprir um mandado de pris\u00e3o contra eles. \u201cNo interrogat\u00f3rio, Nayara falou sobre o corpo de Francisco, que estava enterrado na ch\u00e1cara\u201d, disse.<\/p>\n<p data-track-category=\"Link no Texto\" data-track-links=\"\">\n<\/div>\n<\/div>\n<div id=\"chunk-a5vqa\">\n<div class=\"mc-column content-text active-extra-styles\" data-block-type=\"raw\" data-block-weight=\"2\" data-block-id=\"16\">\n<p class=\"content-text__container\">\n<div class=\"content-intertitle\">\n<h2>O corpo<\/h2>\n<p>&nbsp;<\/p>\n<\/div>\n<p>&nbsp;<\/p>\n<\/div>\n<\/div>\n<div id=\"chunk-mnhj\">\n<div class=\"mc-column content-text active-extra-styles \" data-block-type=\"unstyled\" data-block-weight=\"54\" data-block-id=\"17\">\n<p class=\"content-text__container \" data-track-category=\"Link no Texto\" data-track-links=\"\">As equipes voltaram na ch\u00e1cara e encontraram o local da cova e o corpo da v\u00edtima. \u201cEle estava enterrado dentro de um saco pl\u00e1stico com os p\u00e9s e as m\u00e3os amarradas, bastantes golpes de arma branca nas costas, um golpe de machado na cabe\u00e7a e sinais de disparos de arma de fogo\u201d, detalha M\u00e1ximo.<\/p>\n<p data-track-category=\"Link no Texto\" data-track-links=\"\">\n<\/div>\n<\/div>\n<div id=\"chunk-293dk\">\n<div class=\"mc-column content-text active-extra-styles\" data-block-type=\"raw\" data-block-weight=\"3\" data-block-id=\"20\">\n<div class=\"content-intertitle\">\n<h2>Planejamento do crime<\/h2>\n<\/div>\n<\/div>\n<p>&nbsp;<\/p>\n<\/div>\n<div id=\"chunk-cll02\">\n<div class=\"mc-column content-text active-extra-styles \" data-block-type=\"unstyled\" data-block-weight=\"55\" data-block-id=\"21\">\n<p class=\"content-text__container \" data-track-category=\"Link no Texto\" data-track-links=\"\">Ap\u00f3s localizar o corpo, os policiais encontraram na regi\u00e3o uma testemunha que frequentava a ch\u00e1cara. \u201cEla disse que tinha contato com todos os envolvidos e em uma das idas ao local disse que presenciou o dono da ch\u00e1cara, o casal, a esposa e um dos dois filhos da v\u00edtima tramando a morte de Francisco\u201d, revela.<\/p>\n<p data-track-category=\"Link no Texto\" data-track-links=\"\">\n<\/div>\n<\/div>\n<div id=\"chunk-dbmjf\">\n<div class=\"mc-column content-text active-extra-styles \" data-block-type=\"unstyled\" data-block-weight=\"57\" data-block-id=\"22\">\n<p class=\"content-text__container \" data-track-category=\"Link no Texto\" data-track-links=\"\">O delegado afirma que Ant\u00f4nio era amante de Tereza e que os dois filhos n\u00e3o gostavam do pai por terem sido agredidos na inf\u00e2ncia e, por isso, planejaram o crime. \u201cPara os filhos de Francisco, o amante da m\u00e3e era como um pai, pois ele dava dinheiro e mantinha eles com um padr\u00e3o de vida razo\u00e1vel\u201d, explica.<\/p>\n<p data-track-category=\"Link no Texto\" data-track-links=\"\">\n<\/div>\n<\/div>\n<div id=\"chunk-6rfgg\">\n<div class=\"mc-column content-text active-extra-styles\" data-block-type=\"raw\" data-block-weight=\"4\" data-block-id=\"23\">\n<p class=\"content-text__container\">\n<div class=\"content-intertitle\">\n<h2>Como o crime aconteceu?<\/h2>\n<\/div>\n<\/div>\n<p>&nbsp;<\/p>\n<\/div>\n<div id=\"chunk-227jb\">\n<div class=\"mc-column content-text active-extra-styles \" data-block-type=\"unstyled\" data-block-weight=\"65\" data-block-id=\"24\">\n<p class=\"content-text__container \" data-track-category=\"Link no Texto\" data-track-links=\"\">De acordo com o delegado, no dia do crime, Francisco foi chamado at\u00e9 a ch\u00e1cara para realizar um servi\u00e7o e, ao chegar no local, foi surpreendido, morto e enterrado por Ant\u00f4nio, M\u00e1rcio, Nayara e um dos dois filhos dele. \u201cA Tereza n\u00e3o estava presente, pois disse que n\u00e3o queria ver a cena\u201d, conta. M\u00e1ximo ainda ressalta que a cova foi preparada dias antes do crime.<\/p>\n<p data-track-category=\"Link no Texto\" data-track-links=\"\">\n<\/div>\n<\/div>\n<div id=\"chunk-9qdp3\">\n<div class=\"mc-column content-text active-extra-styles\" data-block-type=\"raw\" data-block-weight=\"1\" data-block-id=\"25\">\n<p class=\"content-text__container\">\n<div class=\"content-intertitle\">\n<h2>Pris\u00f5es<\/h2>\n<p>&nbsp;<\/p>\n<\/div>\n<p>&nbsp;<\/p>\n<\/div>\n<\/div>\n<div id=\"chunk-bugi9\">\n<div class=\"mc-column content-text active-extra-styles \" data-block-type=\"unstyled\" data-block-weight=\"44\" data-block-id=\"26\">\n<p class=\"content-text__container \" data-track-category=\"Link no Texto\" data-track-links=\"\">Tereza, M\u00e1rcio, Nayara e Francisco Filho foram presos no dia 07 de julho. O segundo filho da v\u00edtima, que, segundo o delegado, sabia do crime, \u00e9 menor de idade e, por isso, ser\u00e1 instaurado um outro procedimento. Ele foi ouvido na delegacia e liberado.<\/p>\n<p data-track-category=\"Link no Texto\" data-track-links=\"\">\n<\/div>\n<\/div>\n<div id=\"chunk-132b8\">\n<div class=\"content-ads content-ads--reveal\" data-block-type=\"ads\" data-block-id=\"27\"><\/div>\n<\/div>\n<div id=\"chunk-4i3kd\">\n<div class=\"mc-column content-text active-extra-styles \" data-block-type=\"unstyled\" data-block-weight=\"46\" data-block-id=\"28\">\n<p class=\"content-text__container \" data-track-category=\"Link no Texto\" data-track-links=\"\">Ant\u00f4nio est\u00e1 foragido. \u201cTodos os que s\u00e3o maiores de idade v\u00e3o responder por homic\u00eddio e por oculta\u00e7\u00e3o de cad\u00e1ver. Al\u00e9m disso, Tereza tamb\u00e9m \u00e9 investigada por corrup\u00e7\u00e3o de menor\u201d, explica. Na pris\u00e3o, os envolvidos revelaram \u00e0 pol\u00edcia o local onde as armas do crime estavam enterradas.<\/p>\n<\/div>\n<\/div>\n<\/div>\n<p>&nbsp;<\/p>\n<p class=\"content-publication-data__from\" title=\"Augusto Sobrinho, g1 Goi\u00e1s\">Por Augusto Sobrinho, g1 Goi\u00e1s<\/p>\n","protected":false},"excerpt":{"rendered":"<p>Uma mulher foi presa suspeita de matar e enterrar o corpo do marido, em \u00c1guas Lindas de Goi\u00e1s, no Entorno do Distrito Federal (DF). Um dos filhos da v\u00edtima e outras duas pessoas tamb\u00e9m foram presas. Segundo a Pol\u00edcia Civil (PC), a esposa, um amante, os dois filhos dela e um casal teriam planejado o [&hellip;]<\/p>\n","protected":false},"author":5,"featured_media":245160,"comment_status":"closed","ping_status":"closed","sticky":false,"template":"","format":"standard","meta":{"footnotes":""},"categories":[141,38],"tags":[],"class_list":["post-245159","post","type-post","status-publish","format-standard","has-post-thumbnail","hentry","category-goias","category-policia"],"_links":{"self":[{"href":"https:\/\/www.ocorreionews.com.br\/acervo-correio\/index.php?rest_route=\/wp\/v2\/posts\/245159","targetHints":{"allow":["GET"]}}],"collection":[{"href":"https:\/\/www.ocorreionews.com.br\/acervo-correio\/index.php?rest_route=\/wp\/v2\/posts"}],"about":[{"href":"https:\/\/www.ocorreionews.com.br\/acervo-correio\/index.php?rest_route=\/wp\/v2\/types\/post"}],"author":[{"embeddable":true,"href":"https:\/\/www.ocorreionews.com.br\/acervo-correio\/index.php?rest_route=\/wp\/v2\/users\/5"}],"replies":[{"embeddable":true,"href":"https:\/\/www.ocorreionews.com.br\/acervo-correio\/index.php?rest_route=%2Fwp%2Fv2%2Fcomments&post=245159"}],"version-history":[{"count":1,"href":"https:\/\/www.ocorreionews.com.br\/acervo-correio\/index.php?rest_route=\/wp\/v2\/posts\/245159\/revisions"}],"predecessor-version":[{"id":245161,"href":"https:\/\/www.ocorreionews.com.br\/acervo-correio\/index.php?rest_route=\/wp\/v2\/posts\/245159\/revisions\/245161"}],"wp:featuredmedia":[{"embeddable":true,"href":"https:\/\/www.ocorreionews.com.br\/acervo-correio\/index.php?rest_route=\/wp\/v2\/media\/245160"}],"wp:attachment":[{"href":"https:\/\/www.ocorreionews.com.br\/acervo-correio\/index.php?rest_route=%2Fwp%2Fv2%2Fmedia&parent=245159"}],"wp:term":[{"taxonomy":"category","embeddable":true,"href":"https:\/\/www.ocorreionews.com.br\/acervo-correio\/index.php?rest_route=%2Fwp%2Fv2%2Fcategories&post=245159"},{"taxonomy":"post_tag","embeddable":true,"href":"https:\/\/www.ocorreionews.com.br\/acervo-correio\/index.php?rest_route=%2Fwp%2Fv2%2Ftags&post=245159"}],"curies":[{"name":"wp","href":"https:\/\/api.w.org\/{rel}","templated":true}]}}