{"id":245162,"date":"2023-07-12T15:51:18","date_gmt":"2023-07-12T19:51:18","guid":{"rendered":"https:\/\/www.ocorreionews.com.br\/acervo-correio\/?p=245162"},"modified":"2023-07-12T15:51:57","modified_gmt":"2023-07-12T19:51:57","slug":"com-duas-sessoes-antes-do-recesso-camara-de-chapadao-do-sul-finaliza-primeira-etapa-do-projeto-camara-vai-a-escola","status":"publish","type":"post","link":"https:\/\/www.ocorreionews.com.br\/acervo-correio\/?p=245162","title":{"rendered":"Com duas sess\u00f5es antes do recesso, C\u00e2mara de Chapad\u00e3o do Sul finaliza primeira etapa do projeto \u201cC\u00e2mara vai \u00e0 Escola\u201d"},"content":{"rendered":"<p dir=\"ltr\">Na segunda-feira (10) a C\u00e2mara Municipal de Chapad\u00e3o do Sul realizou duas sess\u00f5es ordin\u00e1rias, antes do recesso parlamentar, que ser\u00e1 entre os dias 18 e 31 de julho. Entre vota\u00e7\u00f5es, apresenta\u00e7\u00e3o de indica\u00e7\u00f5es e requerimentos, alunos de tr\u00eas escolas do munic\u00edpio discursaram no Plen\u00e1rio da C\u00e2mara, no espa\u00e7o reservado ao projeto \u201cC\u00e2mara Vai \u00e0 Escola\u201d.<\/p>\n<p dir=\"ltr\">Na sess\u00e3o n\u00aa 1422, que aconteceu \u00e0s 9h, o aluno \u00cdtalo Vin\u00edcius da Silva representou o Centro Estadual de Educa\u00e7\u00e3o Profissional Arlindo Neckel, e apresentou as solicita\u00e7\u00f5es da comunidade escolar. O estudante explicou que \u00e9 necess\u00e1rio a disponibiliza\u00e7\u00e3o de um vigia na portaria da institui\u00e7\u00e3o para que alunos e funcion\u00e1rios tenham mais seguran\u00e7a, enquanto estiverem na escola. A institui\u00e7\u00e3o \u00e9 uma escola t\u00e9cnica e oferece cursos profissionalizantes, os alunos viajam constantemente e, por esse motivo, \u00e9 necess\u00e1rio que a escola tenha um meio de locomo\u00e7\u00e3o garantido.<\/p>\n<p dir=\"ltr\"><img loading=\"lazy\" decoding=\"async\" class=\"wp-image-245167 aligncenter\" src=\"https:\/\/www.ocorreionews.com.br\/acervo-correio\/wp-content\/uploads\/2023\/07\/italo.jpg\" alt=\"\" width=\"600\" height=\"400\" srcset=\"https:\/\/www.ocorreionews.com.br\/acervo-correio\/wp-content\/uploads\/2023\/07\/italo.jpg 1080w, https:\/\/www.ocorreionews.com.br\/acervo-correio\/wp-content\/uploads\/2023\/07\/italo-300x200.jpg 300w, https:\/\/www.ocorreionews.com.br\/acervo-correio\/wp-content\/uploads\/2023\/07\/italo-1024x683.jpg 1024w, https:\/\/www.ocorreionews.com.br\/acervo-correio\/wp-content\/uploads\/2023\/07\/italo-768x512.jpg 768w\" sizes=\"auto, (max-width: 600px) 100vw, 600px\" \/><\/p>\n<p dir=\"ltr\">\u00cdtalo frisou que, a institui\u00e7\u00e3o funciona h\u00e1 tr\u00eas anos e disponibiliza cursos nas \u00e1reas de inform\u00e1tica e administra\u00e7\u00e3o. Para que os estudantes cheguem no hor\u00e1rio correto para assistirem a todas as aulas, \u00e9 necess\u00e1ria uma adequa\u00e7\u00e3o de hor\u00e1rios e disponibilidade de linhas do transporte coletivo.<\/p>\n<p dir=\"ltr\">Na sess\u00e3o n\u00ba1423, realizada \u00e0s 19h, representantes das Escolas Augusto Krug Netto e Escola Estadual Jorge Amado, encerrando assim, a primeira etapa do projeto \u201cC\u00e2mara Vai \u00e0 Escola\u201d, que continuar\u00e1 na volta do recesso parlamentar, em agosto. An\u00edsio Silveira Silva Correia Junior, da Escola Augusto Krug Netto, foi o primeiro a ocupar a tribuna e solicitou que sejam feitas campanhas de conscientiza\u00e7\u00e3o e seguran\u00e7a no tr\u00e2nsito, direcionada principalmente aos estudantes, sobre a utiliza\u00e7\u00e3o correta das bicicletas, tendo em vista a quantidade de acidentes envolvendo-as.<\/p>\n<p dir=\"ltr\"><img loading=\"lazy\" decoding=\"async\" class=\"wp-image-245166 aligncenter\" src=\"https:\/\/www.ocorreionews.com.br\/acervo-correio\/wp-content\/uploads\/2023\/07\/anisio-scaled.jpg\" alt=\"\" width=\"599\" height=\"399\" srcset=\"https:\/\/www.ocorreionews.com.br\/acervo-correio\/wp-content\/uploads\/2023\/07\/anisio-scaled.jpg 2560w, https:\/\/www.ocorreionews.com.br\/acervo-correio\/wp-content\/uploads\/2023\/07\/anisio-300x200.jpg 300w, https:\/\/www.ocorreionews.com.br\/acervo-correio\/wp-content\/uploads\/2023\/07\/anisio-1024x683.jpg 1024w, https:\/\/www.ocorreionews.com.br\/acervo-correio\/wp-content\/uploads\/2023\/07\/anisio-768x512.jpg 768w, https:\/\/www.ocorreionews.com.br\/acervo-correio\/wp-content\/uploads\/2023\/07\/anisio-1536x1024.jpg 1536w, https:\/\/www.ocorreionews.com.br\/acervo-correio\/wp-content\/uploads\/2023\/07\/anisio-2048x1365.jpg 2048w\" sizes=\"auto, (max-width: 599px) 100vw, 599px\" \/><\/p>\n<p dir=\"ltr\">O aluno tamb\u00e9m mencionou a import\u00e2ncia de adapta\u00e7\u00f5es nas cal\u00e7adas para garantir mobilidade aos cadeirantes e outras comunidades com acessibilidade limitada. An\u00edsio finalizou pedindo prioridade para a constru\u00e7\u00e3o de postos de sa\u00fade, al\u00e9m de uma UPA (Unidade de Pronto Atendimento) para desafogar o Hospital Municipal, e manuten\u00e7\u00e3o em diversas \u00e1reas como em quadras esportivas, coloca\u00e7\u00e3o de lixeiras e coberturas em pontos de \u00f4nibus e maior disponibilidade de pontos e linhas de \u00f4nibus que atendam \u00e0 popula\u00e7\u00e3o em diversos hor\u00e1rios, vesti\u00e1rio nas quadras das escolas e computadores.<\/p>\n<p dir=\"ltr\"><img loading=\"lazy\" decoding=\"async\" class=\"wp-image-245169 aligncenter\" src=\"https:\/\/www.ocorreionews.com.br\/acervo-correio\/wp-content\/uploads\/2023\/07\/danilo.jpg\" alt=\"\" width=\"600\" height=\"400\" srcset=\"https:\/\/www.ocorreionews.com.br\/acervo-correio\/wp-content\/uploads\/2023\/07\/danilo.jpg 1080w, https:\/\/www.ocorreionews.com.br\/acervo-correio\/wp-content\/uploads\/2023\/07\/danilo-300x200.jpg 300w, https:\/\/www.ocorreionews.com.br\/acervo-correio\/wp-content\/uploads\/2023\/07\/danilo-1024x683.jpg 1024w, https:\/\/www.ocorreionews.com.br\/acervo-correio\/wp-content\/uploads\/2023\/07\/danilo-768x512.jpg 768w\" sizes=\"auto, (max-width: 600px) 100vw, 600px\" \/><\/p>\n<p>Danilo Gon\u00e7alves, tamb\u00e9m representou a Escola Arlindo Neckel. O estudante acredita que v\u00e1rias mudan\u00e7as s\u00e3o necess\u00e1rias para melhorar a vida dos moradores de Chapad\u00e3o do Sul, transformando a cidade em um lugar mais acolhedor e seguro a todos. A demanda apresentada pelo aluno, foi referente a ilumina\u00e7\u00e3o, principalmente no entorno das escolas. A falta de ilumina\u00e7\u00e3o adequada, prejudica alunos e professores do per\u00edodo noturno, trazendo sensa\u00e7\u00e3o de inseguran\u00e7a. Danilo finalizou sua participa\u00e7\u00e3o, destacando o espa\u00e7o e o ensino oferecido pela escola e pediu apoio da prefeitura, c\u00e2mara de vereadores e imprensa local, na divulga\u00e7\u00e3o. Pois a qualifica\u00e7\u00e3o profissional \u00e9 essencial na forma\u00e7\u00e3o do cidad\u00e3o.<\/p>\n<p dir=\"ltr\">Maria Beatriz Ramires da Costa, aluna do per\u00edodo noturno da Escola Estadual Jorge Amado pediu aten\u00e7\u00e3o para os cuidados sociais, como a sa\u00fade mental de pais, alunos e professores, contrata\u00e7\u00e3o de psicopedagogos, realiza\u00e7\u00e3o de campanhas educativas e preventivas que protejam e informem os estudantes, abordando temas como, abuso sexual, gravidez precoce, DSTs (Doen\u00e7as Sexualmente Transmiss\u00edveis), bullying, entre outros.<\/p>\n<p dir=\"ltr\"><img loading=\"lazy\" decoding=\"async\" class=\"wp-image-245168 aligncenter\" src=\"https:\/\/www.ocorreionews.com.br\/acervo-correio\/wp-content\/uploads\/2023\/07\/maria-beatriz.jpg\" alt=\"\" width=\"599\" height=\"399\" srcset=\"https:\/\/www.ocorreionews.com.br\/acervo-correio\/wp-content\/uploads\/2023\/07\/maria-beatriz.jpg 1080w, https:\/\/www.ocorreionews.com.br\/acervo-correio\/wp-content\/uploads\/2023\/07\/maria-beatriz-300x200.jpg 300w, https:\/\/www.ocorreionews.com.br\/acervo-correio\/wp-content\/uploads\/2023\/07\/maria-beatriz-1024x683.jpg 1024w, https:\/\/www.ocorreionews.com.br\/acervo-correio\/wp-content\/uploads\/2023\/07\/maria-beatriz-768x512.jpg 768w\" sizes=\"auto, (max-width: 599px) 100vw, 599px\" \/><\/p>\n<p dir=\"ltr\">Ainda falando sobre sa\u00fade mental, a estudante pediu a implanta\u00e7\u00e3o de mais Caps (Centros de Aten\u00e7\u00e3o Psicossocial), em Chapad\u00e3o do Sul, devido \u00e0 grande procura por atendimento psicol\u00f3gico de pessoas diagnosticadas com depress\u00e3o. Maria Beatriz tamb\u00e9m solicitou que aconte\u00e7am mais a\u00e7\u00f5es de lazer, entretenimento e eventos que abranjam a todos, principalmente na periferia, e a melhora na sinaliza\u00e7\u00e3o de tr\u00e2nsito. A Jovem finalizou sua participa\u00e7\u00e3o pedindo a valoriza\u00e7\u00e3o dos professores, classe fundamental para a constru\u00e7\u00e3o de uma sociedade justa e pr\u00f3spera.<\/p>\n<p dir=\"ltr\">Airton Ant\u00f4nio Schwantes (Tucano), presidente da C\u00e2mara de Vereadores, agradeceu a presen\u00e7a das escolas que participam do projeto \u201cC\u00e2mara vai \u00e0 Escola\u201d, que ter\u00e1 outras etapas ap\u00f3s o recesso parlamentar.<\/p>\n<p>\u201cQuero parabenizar todos os alunos pela coragem de colocarem seus nomes \u00e0 disposi\u00e7\u00e3o de suas escolas. Voc\u00eas nos ajudam a desenvolver os trabalhos da C\u00e2mara Municipal, porque voc\u00eas est\u00e3o no local, conhecem cada necessidade, cada problema existente em seus bairros, ruas e escolas. Desejo sucesso a todos e dizer que a C\u00e2mara Municipal de Chapad\u00e3o do Sul est\u00e1 de portas abertas, estamos \u00e0 disposi\u00e7\u00e3o.\u201d<\/p>\n<p><img loading=\"lazy\" decoding=\"async\" class=\"wp-image-245164 aligncenter\" src=\"https:\/\/www.ocorreionews.com.br\/acervo-correio\/wp-content\/uploads\/2023\/07\/01-4.jpg\" alt=\"\" width=\"599\" height=\"399\" srcset=\"https:\/\/www.ocorreionews.com.br\/acervo-correio\/wp-content\/uploads\/2023\/07\/01-4.jpg 1080w, https:\/\/www.ocorreionews.com.br\/acervo-correio\/wp-content\/uploads\/2023\/07\/01-4-300x200.jpg 300w, https:\/\/www.ocorreionews.com.br\/acervo-correio\/wp-content\/uploads\/2023\/07\/01-4-1024x683.jpg 1024w, https:\/\/www.ocorreionews.com.br\/acervo-correio\/wp-content\/uploads\/2023\/07\/01-4-768x512.jpg 768w\" sizes=\"auto, (max-width: 599px) 100vw, 599px\" \/> <img loading=\"lazy\" decoding=\"async\" class=\"wp-image-245165 aligncenter\" src=\"https:\/\/www.ocorreionews.com.br\/acervo-correio\/wp-content\/uploads\/2023\/07\/02-1.jpg\" alt=\"\" width=\"597\" height=\"398\" srcset=\"https:\/\/www.ocorreionews.com.br\/acervo-correio\/wp-content\/uploads\/2023\/07\/02-1.jpg 1080w, https:\/\/www.ocorreionews.com.br\/acervo-correio\/wp-content\/uploads\/2023\/07\/02-1-300x200.jpg 300w, https:\/\/www.ocorreionews.com.br\/acervo-correio\/wp-content\/uploads\/2023\/07\/02-1-1024x683.jpg 1024w, https:\/\/www.ocorreionews.com.br\/acervo-correio\/wp-content\/uploads\/2023\/07\/02-1-768x512.jpg 768w\" sizes=\"auto, (max-width: 597px) 100vw, 597px\" \/><\/p>\n<p><strong>Confira as indica\u00e7\u00f5es e requerimentos das Sess\u00f5es Ordin\u00e1rias, clicando nos links abaixo:<\/strong><\/p>\n<p dir=\"ltr\"><strong>Sess\u00e3o Ordin\u00e1ria n\u00ba 1422:\u00a0<a href=\"https:\/\/www.camarachapadaodosul.ms.gov.br\/noticiasView\/4026_PAUTA-PARA-A-1422-SESSAO-ORDINARIA.html\">C\u00e2mara Municipal Chapad\u00e3o do Sul &#8211; MS (camarachapadaodosul.ms.gov.br)<\/a><\/strong><\/p>\n<p><strong>Sess\u00e3o Ordin\u00e1ria n\u00ba 1423: <a href=\"https:\/\/www.camarachapadaodosul.ms.gov.br\/noticiasView\/4027_PAUTA-PARA-A-1423-SESSAO-ORDINARIA.html\">C\u00e2mara Municipal Chapad\u00e3o do Sul &#8211; MS (camarachapadaodosul.ms.gov.br)<\/a><\/strong><\/p>\n<p>&nbsp;<\/p>\n<p>&nbsp;<\/p>\n<p>*Assessoria C\u00e2mara Municipal<\/p>\n","protected":false},"excerpt":{"rendered":"<p>Na segunda-feira (10) a C\u00e2mara Municipal de Chapad\u00e3o do Sul realizou duas sess\u00f5es ordin\u00e1rias, antes do recesso parlamentar, que ser\u00e1 entre os dias 18 e 31 de julho. Entre vota\u00e7\u00f5es, apresenta\u00e7\u00e3o de indica\u00e7\u00f5es e requerimentos, alunos de tr\u00eas escolas do munic\u00edpio discursaram no Plen\u00e1rio da C\u00e2mara, no espa\u00e7o reservado ao projeto \u201cC\u00e2mara Vai \u00e0 Escola\u201d. [&hellip;]<\/p>\n","protected":false},"author":5,"featured_media":245163,"comment_status":"closed","ping_status":"closed","sticky":false,"template":"","format":"standard","meta":{"footnotes":""},"categories":[20,23,41],"tags":[],"class_list":["post-245162","post","type-post","status-publish","format-standard","has-post-thumbnail","hentry","category-camara-municipal","category-chapadao-do-sul","category-destaque"],"_links":{"self":[{"href":"https:\/\/www.ocorreionews.com.br\/acervo-correio\/index.php?rest_route=\/wp\/v2\/posts\/245162","targetHints":{"allow":["GET"]}}],"collection":[{"href":"https:\/\/www.ocorreionews.com.br\/acervo-correio\/index.php?rest_route=\/wp\/v2\/posts"}],"about":[{"href":"https:\/\/www.ocorreionews.com.br\/acervo-correio\/index.php?rest_route=\/wp\/v2\/types\/post"}],"author":[{"embeddable":true,"href":"https:\/\/www.ocorreionews.com.br\/acervo-correio\/index.php?rest_route=\/wp\/v2\/users\/5"}],"replies":[{"embeddable":true,"href":"https:\/\/www.ocorreionews.com.br\/acervo-correio\/index.php?rest_route=%2Fwp%2Fv2%2Fcomments&post=245162"}],"version-history":[{"count":1,"href":"https:\/\/www.ocorreionews.com.br\/acervo-correio\/index.php?rest_route=\/wp\/v2\/posts\/245162\/revisions"}],"predecessor-version":[{"id":245171,"href":"https:\/\/www.ocorreionews.com.br\/acervo-correio\/index.php?rest_route=\/wp\/v2\/posts\/245162\/revisions\/245171"}],"wp:featuredmedia":[{"embeddable":true,"href":"https:\/\/www.ocorreionews.com.br\/acervo-correio\/index.php?rest_route=\/wp\/v2\/media\/245163"}],"wp:attachment":[{"href":"https:\/\/www.ocorreionews.com.br\/acervo-correio\/index.php?rest_route=%2Fwp%2Fv2%2Fmedia&parent=245162"}],"wp:term":[{"taxonomy":"category","embeddable":true,"href":"https:\/\/www.ocorreionews.com.br\/acervo-correio\/index.php?rest_route=%2Fwp%2Fv2%2Fcategories&post=245162"},{"taxonomy":"post_tag","embeddable":true,"href":"https:\/\/www.ocorreionews.com.br\/acervo-correio\/index.php?rest_route=%2Fwp%2Fv2%2Ftags&post=245162"}],"curies":[{"name":"wp","href":"https:\/\/api.w.org\/{rel}","templated":true}]}}