{"id":245172,"date":"2023-07-12T15:55:57","date_gmt":"2023-07-12T19:55:57","guid":{"rendered":"https:\/\/www.ocorreionews.com.br\/acervo-correio\/?p=245172"},"modified":"2023-07-12T15:55:57","modified_gmt":"2023-07-12T19:55:57","slug":"prefeito-de-chapadao-do-sul-emite-nota-de-pesar-e-decreta-luto-oficial-pelo-falecimento-do-pioneiro-osvaldo-maria-neckel","status":"publish","type":"post","link":"https:\/\/www.ocorreionews.com.br\/acervo-correio\/?p=245172","title":{"rendered":"Prefeito de Chapad\u00e3o do Sul emite Nota de Pesar e decreta luto oficial  pelo falecimento do pioneiro Osvaldo Maria Neckel"},"content":{"rendered":"<p>O Prefeito Jo\u00e3o Carlos Krug, no uso de suas atribui\u00e7\u00f5es legais, emite a nota de pesar, em virtude do falecimento do pioneiro Osvaldo Maria Neckel, 91 anos, nesta quarta-feira, 12 de julho.<\/p>\n<p>O senhor Osvaldo Maria Neckel sofreu uma queda em casa, no s\u00e1bado, e quebrou o f\u00eamur. Foi conduzido com Vaga Zero para Campo Grande onde seria submetido \u00e0 cirurgia, mas n\u00e3o resistiu.<\/p>\n<p>Osvaldo era tio do prefeito Jo\u00e3o Carlos Krug e pertencia h\u00e1 uma fam\u00edlia tradicional de Chapad\u00e3o do Sul. Deixa esposa, filhos e netos.<\/p>\n<p>Foi decretado luto oficial de tr\u00eas dias em virtude do falecimento do pioneiro.<\/p>\n<p>O prefeito manifesta suas condol\u00eancias aos familiares e amigos.<\/p>\n<p>&nbsp;<\/p>\n<p>*Assessoria<\/p>\n","protected":false},"excerpt":{"rendered":"<p>O Prefeito Jo\u00e3o Carlos Krug, no uso de suas atribui\u00e7\u00f5es legais, emite a nota de pesar, em virtude do falecimento do pioneiro Osvaldo Maria Neckel, 91 anos, nesta quarta-feira, 12 de julho. O senhor Osvaldo Maria Neckel sofreu uma queda em casa, no s\u00e1bado, e quebrou o f\u00eamur. Foi conduzido com Vaga Zero para Campo [&hellip;]<\/p>\n","protected":false},"author":5,"featured_media":245174,"comment_status":"closed","ping_status":"closed","sticky":false,"template":"","format":"standard","meta":{"footnotes":""},"categories":[23],"tags":[],"class_list":["post-245172","post","type-post","status-publish","format-standard","has-post-thumbnail","hentry","category-chapadao-do-sul"],"_links":{"self":[{"href":"https:\/\/www.ocorreionews.com.br\/acervo-correio\/index.php?rest_route=\/wp\/v2\/posts\/245172","targetHints":{"allow":["GET"]}}],"collection":[{"href":"https:\/\/www.ocorreionews.com.br\/acervo-correio\/index.php?rest_route=\/wp\/v2\/posts"}],"about":[{"href":"https:\/\/www.ocorreionews.com.br\/acervo-correio\/index.php?rest_route=\/wp\/v2\/types\/post"}],"author":[{"embeddable":true,"href":"https:\/\/www.ocorreionews.com.br\/acervo-correio\/index.php?rest_route=\/wp\/v2\/users\/5"}],"replies":[{"embeddable":true,"href":"https:\/\/www.ocorreionews.com.br\/acervo-correio\/index.php?rest_route=%2Fwp%2Fv2%2Fcomments&post=245172"}],"version-history":[{"count":1,"href":"https:\/\/www.ocorreionews.com.br\/acervo-correio\/index.php?rest_route=\/wp\/v2\/posts\/245172\/revisions"}],"predecessor-version":[{"id":245175,"href":"https:\/\/www.ocorreionews.com.br\/acervo-correio\/index.php?rest_route=\/wp\/v2\/posts\/245172\/revisions\/245175"}],"wp:featuredmedia":[{"embeddable":true,"href":"https:\/\/www.ocorreionews.com.br\/acervo-correio\/index.php?rest_route=\/wp\/v2\/media\/245174"}],"wp:attachment":[{"href":"https:\/\/www.ocorreionews.com.br\/acervo-correio\/index.php?rest_route=%2Fwp%2Fv2%2Fmedia&parent=245172"}],"wp:term":[{"taxonomy":"category","embeddable":true,"href":"https:\/\/www.ocorreionews.com.br\/acervo-correio\/index.php?rest_route=%2Fwp%2Fv2%2Fcategories&post=245172"},{"taxonomy":"post_tag","embeddable":true,"href":"https:\/\/www.ocorreionews.com.br\/acervo-correio\/index.php?rest_route=%2Fwp%2Fv2%2Ftags&post=245172"}],"curies":[{"name":"wp","href":"https:\/\/api.w.org\/{rel}","templated":true}]}}