{"id":245205,"date":"2023-07-13T08:10:53","date_gmt":"2023-07-13T12:10:53","guid":{"rendered":"https:\/\/www.ocorreionews.com.br\/acervo-correio\/?p=245205"},"modified":"2023-07-13T08:10:53","modified_gmt":"2023-07-13T12:10:53","slug":"premio-sebrae-mulher-de-negocios-2023-esta-com-inscricoes-abertas","status":"publish","type":"post","link":"https:\/\/www.ocorreionews.com.br\/acervo-correio\/?p=245205","title":{"rendered":"Pr\u00eamio Sebrae Mulher de Neg\u00f3cios 2023 est\u00e1 com inscri\u00e7\u00f5es abertas"},"content":{"rendered":"<div class=\"ntc_cont_descricao_noticia sw_txteditor\">or\u00e7a do empreendedorismo feminino, protagonismo de mulheres e inspira\u00e7\u00e3o s\u00e3o os destaques do Pr\u00eamio Sebrae Mulher de Neg\u00f3cios 2023, que j\u00e1 est\u00e1 com inscri\u00e7\u00f5es abertas. Nesta edi\u00e7\u00e3o, o pr\u00eamio conta com tr\u00eas categorias: Pequenos Neg\u00f3cios, Produtora Rural e Microempreendedora Individual.\n<\/div>\n<div class=\"ntc_cont_descricao_noticia sw_txteditor\">Costa Rica participa atrav\u00e9s do Programa Cidade Empreendedora ciclo de Expans\u00e3o<\/div>\n<div class=\"ntc_cont_descricao_noticia sw_txteditor\">\nO objetivo do pr\u00eamio \u00e9 reconhecer e valorizar o trabalho das empreendedoras brasileiras, que t\u00eam se destacado cada vez mais no cen\u00e1rio empresarial. Segundo dados do Sebrae, as mulheres representam cerca de 48% dos empreendedores no Brasil, e esse n\u00famero s\u00f3 tende a crescer.<\/p>\n<p>As inscri\u00e7\u00f5es para o pr\u00eamio est\u00e3o abertas e podem ser feitas atrav\u00e9s do site <a href=\"https:\/\/www.sebrae.com.br\/sites\/PortalSebrae\/empreendedorismofeminino\/premiomulherdenegocios\">sebrae.com.br\/premiomulherdenegocios<\/a>. As interessadas devem preencher um formul\u00e1rio com informa\u00e7\u00f5es sobre o neg\u00f3cio, como o tempo de atua\u00e7\u00e3o, faturamento, n\u00famero de funcion\u00e1rios, entre outros dados relevantes.<\/p>\n<p>As tr\u00eas primeiras colocadas de cada categoria ser\u00e3o premiadas com equipamentos de trabalho, de acordo com a sua posi\u00e7\u00e3o no ranking. Al\u00e9m disso, as vencedoras tamb\u00e9m receber\u00e3o um convite para participar de uma miss\u00e3o nacional de capacita\u00e7\u00e3o, onde ter\u00e3o acesso a palestras, workshops e mentorias com especialistas renomados.<\/p>\n<p>O Pr\u00eamio Sebrae Mulher de Neg\u00f3cios \u00e9 uma oportunidade \u00fanica para as empreendedoras mostrarem o seu talento e dedica\u00e7\u00e3o. Atrav\u00e9s dele, elas podem ganhar visibilidade e reconhecimento no mercado, al\u00e9m de fortalecerem a sua rede de contatos e adquirirem conhecimentos valiosos para o crescimento dos seus neg\u00f3cios.<\/p>\n<p>O Sebrae, como organizador do pr\u00eamio, tem como miss\u00e3o apoiar o empreendedorismo feminino e contribuir para o desenvolvimento econ\u00f4mico do pa\u00eds. A institui\u00e7\u00e3o oferece diversos programas e servi\u00e7os voltados para as mulheres empreendedoras, como cursos, consultorias, workshops e eventos de networking.<\/p>\n<p>Para mais informa\u00e7\u00f5es sobre o Pr\u00eamio Sebrae Mulher de Neg\u00f3cios 2023 e sobre os servi\u00e7os oferecidos pelo Sebrae, acesse o site <a href=\"https:\/\/www.sebrae.com.br\/sites\/PortalSebrae\/empreendedorismofeminino\/premiomulherdenegocios\">sebrae.com.br\/premiomulherdenegocios<\/a>. Aproveite essa oportunidade de mostrar a for\u00e7a do empreendedorismo feminino e inspirar outras mulheres a seguirem seus sonhos e alcan\u00e7arem o sucesso nos neg\u00f3cios.<\/p>\n<p><img decoding=\"async\" class=\"imgcentraliza\" src=\"https:\/\/www.costarica.ms.gov.br\/fotos\/27f5b8ba96b02994a7adab65f2430f19.jpg\" alt=\"Foto Noticia Principal Grande\" \/><\/div>\n<div class=\"ntc_area_info_noticia sw_lato\">\n<div>\n<div class=\"ntc_info_noticia\"><strong class=\"sw_lato_black\">Fonte: <\/strong>Assessoria de Comunica\u00e7\u00e3o \/ PMCR, <strong class=\"sw_lato_black\">\u00a0<\/strong>Silvestre de Castro<\/div>\n<\/div>\n<\/div>\n","protected":false},"excerpt":{"rendered":"<p>or\u00e7a do empreendedorismo feminino, protagonismo de mulheres e inspira\u00e7\u00e3o s\u00e3o os destaques do Pr\u00eamio Sebrae Mulher de Neg\u00f3cios 2023, que j\u00e1 est\u00e1 com inscri\u00e7\u00f5es abertas. Nesta edi\u00e7\u00e3o, o pr\u00eamio conta com tr\u00eas categorias: Pequenos Neg\u00f3cios, Produtora Rural e Microempreendedora Individual. Costa Rica participa atrav\u00e9s do Programa Cidade Empreendedora ciclo de Expans\u00e3o O objetivo do pr\u00eamio [&hellip;]<\/p>\n","protected":false},"author":5,"featured_media":245206,"comment_status":"closed","ping_status":"closed","sticky":false,"template":"","format":"standard","meta":{"footnotes":""},"categories":[31],"tags":[],"class_list":["post-245205","post","type-post","status-publish","format-standard","has-post-thumbnail","hentry","category-geral"],"_links":{"self":[{"href":"https:\/\/www.ocorreionews.com.br\/acervo-correio\/index.php?rest_route=\/wp\/v2\/posts\/245205","targetHints":{"allow":["GET"]}}],"collection":[{"href":"https:\/\/www.ocorreionews.com.br\/acervo-correio\/index.php?rest_route=\/wp\/v2\/posts"}],"about":[{"href":"https:\/\/www.ocorreionews.com.br\/acervo-correio\/index.php?rest_route=\/wp\/v2\/types\/post"}],"author":[{"embeddable":true,"href":"https:\/\/www.ocorreionews.com.br\/acervo-correio\/index.php?rest_route=\/wp\/v2\/users\/5"}],"replies":[{"embeddable":true,"href":"https:\/\/www.ocorreionews.com.br\/acervo-correio\/index.php?rest_route=%2Fwp%2Fv2%2Fcomments&post=245205"}],"version-history":[{"count":1,"href":"https:\/\/www.ocorreionews.com.br\/acervo-correio\/index.php?rest_route=\/wp\/v2\/posts\/245205\/revisions"}],"predecessor-version":[{"id":245207,"href":"https:\/\/www.ocorreionews.com.br\/acervo-correio\/index.php?rest_route=\/wp\/v2\/posts\/245205\/revisions\/245207"}],"wp:featuredmedia":[{"embeddable":true,"href":"https:\/\/www.ocorreionews.com.br\/acervo-correio\/index.php?rest_route=\/wp\/v2\/media\/245206"}],"wp:attachment":[{"href":"https:\/\/www.ocorreionews.com.br\/acervo-correio\/index.php?rest_route=%2Fwp%2Fv2%2Fmedia&parent=245205"}],"wp:term":[{"taxonomy":"category","embeddable":true,"href":"https:\/\/www.ocorreionews.com.br\/acervo-correio\/index.php?rest_route=%2Fwp%2Fv2%2Fcategories&post=245205"},{"taxonomy":"post_tag","embeddable":true,"href":"https:\/\/www.ocorreionews.com.br\/acervo-correio\/index.php?rest_route=%2Fwp%2Fv2%2Ftags&post=245205"}],"curies":[{"name":"wp","href":"https:\/\/api.w.org\/{rel}","templated":true}]}}