{"id":245208,"date":"2023-07-13T08:13:11","date_gmt":"2023-07-13T12:13:11","guid":{"rendered":"https:\/\/www.ocorreionews.com.br\/acervo-correio\/?p=245208"},"modified":"2023-07-13T08:13:11","modified_gmt":"2023-07-13T12:13:11","slug":"7o-costa-rica-com-cristo-que-acontecera-de-8-a-10-de-setembro","status":"publish","type":"post","link":"https:\/\/www.ocorreionews.com.br\/acervo-correio\/?p=245208","title":{"rendered":"7\u00ba Costa Rica com Cristo que acontecer\u00e1 de 8 a 10 de setembro"},"content":{"rendered":"<div class=\"ntc_cont_descricao_noticia sw_txteditor\">Na \u00faltima ter\u00e7a-feira, dia 11 de julho, o prefeito de Costa Rica, delegado Cleverson Alves dos Santos, e o vice-prefeito, Roni Cota, estiveram presentes na Igreja Batista da Lagoinha para participar de uma reuni\u00e3o do Conselho de Pastores e L\u00edderes Evang\u00e9licos de Costa Rica (CONPLECOR). O encontro teve como objetivo discutir a realiza\u00e7\u00e3o do evento &#8220;7\u00ba Costa Rica com Cristo&#8221;, que acontecer\u00e1 nos dias 8 a 10 de setembro de 2023, em parceria com o Poder P\u00fablico e com entrada franca.<\/p>\n<p>O prefeito Cleverson Alves dos Santos destacou a import\u00e2ncia da parceria com o CONPLECOR, ressaltando que a administra\u00e7\u00e3o municipal est\u00e1 comprometida em apoiar e incentivar eventos que promovam a uni\u00e3o da comunidade e a valoriza\u00e7\u00e3o da f\u00e9 crist\u00e3. \u201c\u00c9 a oportunidade para louvar e agradecer ao Criador por todas as b\u00ean\u00e7\u00e3os concedidas a todos n\u00f3s\u201d, disse o gestor.<br \/>\nOutro ponto relevante do evento \u00e9 a valoriza\u00e7\u00e3o do turismo religioso, que atrai visitantes de diferentes cidades e estados, movimentando a economia local e proporcionando oportunidades de neg\u00f3cios para a regi\u00e3o.<\/p>\n<p>De acordo com o presidente, Claudiney Montani, o CONPLECOR \u00e9 uma entidade que representa publicamente as igrejas evang\u00e9licas associadas a ele, al\u00e9m de coordenar trabalhos sociais e evangel\u00edsticos na regi\u00e3o. Com o intuito de fortalecer o relacionamento entre a comunidade evang\u00e9lica e a administra\u00e7\u00e3o municipal, a parceria entre o Poder P\u00fablico e o conselho tem proporcionado a realiza\u00e7\u00e3o de eventos importantes, como o &#8220;Costa Rica com Cristo&#8221;.<\/p>\n<p>Montani destaca, tamb\u00e9m que o evento ser\u00e1 sediado no Centro de Eventos Ramez Tebet, um local de capacidade ampla e adequada para receber um grande n\u00famero de pessoas. Com o objetivo de promover a uni\u00e3o e a f\u00e9 crist\u00e3 na regi\u00e3o, o &#8220;7\u00ba Costa Rica com Cristo&#8221; busca oferecer momentos de reflex\u00e3o, louvor, adora\u00e7\u00e3o, palestras e manifesta\u00e7\u00f5es culturais. Espera-se um p\u00fablico acima de 5 mil pessoas.<\/p>\n<p>J\u00e1 o pastor Osmar Gomes, justifica que a import\u00e2ncia desse evento vai al\u00e9m do aspecto religioso, pois promove a uni\u00e3o entre diferentes comunidades e fortalece o sentimento de pertencimento da popula\u00e7\u00e3o de Costa Rica. Al\u00e9m disso, o &#8220;Costa Rica com Cristo&#8221; tamb\u00e9m tem um impacto positivo atrav\u00e9s do Festival Canta Costa Rica que acontece nos dias 8 e 9 e o grandioso show no dia 10 com a artista nacional N\u00edvea Soares, cantora, compositora de m\u00fasica crist\u00e3 contempor\u00e2nea, tamb\u00e9m pastora, apresentadora e escritora brasileira. A cantora que possui carreira solo desde 2003, tamb\u00e9m j\u00e1 foi integrante do grupo Diante do Trono.<\/p>\n<p>O vice-prefeito Roni Cota enfatizou que o &#8220;7\u00ba Costa Rica com Cristo&#8221; ser\u00e1 um momento de renova\u00e7\u00e3o espiritual e de fortalecimento da comunh\u00e3o entre os fi\u00e9is, al\u00e9m de ser uma oportunidade para receber visitantes de outras regi\u00f5es, mostrando a hospitalidade e a riqueza cultural de Costa Rica.<\/p>\n<p>J\u00e1 para o secret\u00e1rio de Turismo, Meio Ambiente, Esporte e Cultura, Jo\u00e3o Carlos Candido Rocha, o &#8220;7\u00ba Costa Rica com Cristo&#8221; \u00e9 um evento de grande import\u00e2ncia para a cidade, n\u00e3o apenas por seu car\u00e1ter religioso, mas tamb\u00e9m por promover a uni\u00e3o da comunidade, fortalecer a f\u00e9 crist\u00e3 e realizar trabalhos sociais relevantes. Al\u00e9m disso, o evento contribui para o desenvolvimento econ\u00f4mico local atrav\u00e9s do turismo religioso, demonstrando a capacidade de Costa Rica em sediar eventos de grande porte.\n<\/p><\/div>\n<div class=\"ntc_area_info_noticia sw_lato\">\n<div>\n<div class=\"ntc_info_noticia\"><strong class=\"sw_lato_black\">Fonte: <\/strong>Assessoria de Comunica\u00e7\u00e3o \/ PMCR &#8211;<strong class=\"sw_lato_black\">\u00a0<\/strong>Silvestre de Castro<\/div>\n<\/div>\n<\/div>\n","protected":false},"excerpt":{"rendered":"<p>Na \u00faltima ter\u00e7a-feira, dia 11 de julho, o prefeito de Costa Rica, delegado Cleverson Alves dos Santos, e o vice-prefeito, Roni Cota, estiveram presentes na Igreja Batista da Lagoinha para participar de uma reuni\u00e3o do Conselho de Pastores e L\u00edderes Evang\u00e9licos de Costa Rica (CONPLECOR). O encontro teve como objetivo discutir a realiza\u00e7\u00e3o do evento [&hellip;]<\/p>\n","protected":false},"author":5,"featured_media":245209,"comment_status":"closed","ping_status":"closed","sticky":false,"template":"","format":"standard","meta":{"footnotes":""},"categories":[25],"tags":[],"class_list":["post-245208","post","type-post","status-publish","format-standard","has-post-thumbnail","hentry","category-costa-rica"],"_links":{"self":[{"href":"https:\/\/www.ocorreionews.com.br\/acervo-correio\/index.php?rest_route=\/wp\/v2\/posts\/245208","targetHints":{"allow":["GET"]}}],"collection":[{"href":"https:\/\/www.ocorreionews.com.br\/acervo-correio\/index.php?rest_route=\/wp\/v2\/posts"}],"about":[{"href":"https:\/\/www.ocorreionews.com.br\/acervo-correio\/index.php?rest_route=\/wp\/v2\/types\/post"}],"author":[{"embeddable":true,"href":"https:\/\/www.ocorreionews.com.br\/acervo-correio\/index.php?rest_route=\/wp\/v2\/users\/5"}],"replies":[{"embeddable":true,"href":"https:\/\/www.ocorreionews.com.br\/acervo-correio\/index.php?rest_route=%2Fwp%2Fv2%2Fcomments&post=245208"}],"version-history":[{"count":1,"href":"https:\/\/www.ocorreionews.com.br\/acervo-correio\/index.php?rest_route=\/wp\/v2\/posts\/245208\/revisions"}],"predecessor-version":[{"id":245210,"href":"https:\/\/www.ocorreionews.com.br\/acervo-correio\/index.php?rest_route=\/wp\/v2\/posts\/245208\/revisions\/245210"}],"wp:featuredmedia":[{"embeddable":true,"href":"https:\/\/www.ocorreionews.com.br\/acervo-correio\/index.php?rest_route=\/wp\/v2\/media\/245209"}],"wp:attachment":[{"href":"https:\/\/www.ocorreionews.com.br\/acervo-correio\/index.php?rest_route=%2Fwp%2Fv2%2Fmedia&parent=245208"}],"wp:term":[{"taxonomy":"category","embeddable":true,"href":"https:\/\/www.ocorreionews.com.br\/acervo-correio\/index.php?rest_route=%2Fwp%2Fv2%2Fcategories&post=245208"},{"taxonomy":"post_tag","embeddable":true,"href":"https:\/\/www.ocorreionews.com.br\/acervo-correio\/index.php?rest_route=%2Fwp%2Fv2%2Ftags&post=245208"}],"curies":[{"name":"wp","href":"https:\/\/api.w.org\/{rel}","templated":true}]}}