{"id":245223,"date":"2023-07-13T11:02:56","date_gmt":"2023-07-13T15:02:56","guid":{"rendered":"https:\/\/www.ocorreionews.com.br\/acervo-correio\/?p=245223"},"modified":"2023-07-13T11:02:56","modified_gmt":"2023-07-13T15:02:56","slug":"conab-estima-safra-recorde-de-3176-milhoes-de-toneladas-em-2023","status":"publish","type":"post","link":"https:\/\/www.ocorreionews.com.br\/acervo-correio\/?p=245223","title":{"rendered":"Conab estima safra recorde de 317,6 milh\u00f5es de toneladas em 2023"},"content":{"rendered":"<div class=\"post-item-wrap\">\n<p>A Companhia Nacional de Abastecimento (Conab) informou, nesta quinta-feira (13), em Bras\u00edlia, que a previs\u00e3o da safra brasileira de gr\u00e3os 2022\/23 ser\u00e1 a maior j\u00e1 produzida no pa\u00eds: 317,6 milh\u00f5es de toneladas.<img decoding=\"async\" src=\"https:\/\/agenciabrasil.ebc.com.br\/ebc.png?id=1543594&amp;o=node\" \/><img decoding=\"async\" src=\"https:\/\/agenciabrasil.ebc.com.br\/ebc.gif?id=1543594&amp;o=node\" \/><\/p>\n<p>O volume representa crescimento de 16,5% ou 44,9 milh\u00f5es de toneladas acima da safra 2021\/22. Os dados constam do 10\u00ba Levantamento da Safra de Gr\u00e3os 2022\/2023.<\/p>\n<p>O desempenho decorre, principalmente, das lavouras de milho segunda safra e do crescimento da \u00e1rea semeada de trigo e representa um resultado 0,6% superior ao divulgado em junho \u00faltimo. A Conab disse, tamb\u00e9m, que o resultado favor\u00e1vel foi poss\u00edvel em raz\u00e3o das boas condi\u00e7\u00f5es clim\u00e1ticas.<\/p>\n<p>\u201c\u00c9 com muita alegria por poder passar para o nosso pa\u00eds os n\u00fameros t\u00e3o expressivos e positivos da previs\u00e3o de safra 2022\/20223. A previs\u00e3o que divulgamos agora n\u00e3o s\u00f3 consolida n\u00fameros t\u00e3o positivos de uma safra recorde que o nosso pa\u00eds ter\u00e1, mas tamb\u00e9m est\u00e1 prevendo mais um aumento\u201d, disse o presidente da Conab, Edegar Pretto.<\/p>\n<p>\u201cA agricultura brasileira vem demonstrando sua for\u00e7a e potencial para alcan\u00e7ar n\u00fameros cada vez mais elevados, com investimentos constantes que permitem aumentos de produtividade\u201d, acrescentou.<\/p>\n<h2>Colheita<\/h2>\n<p>Segundo boletim divulgado pela companhia, no fim de junho, as culturas de primeira safra &#8211; com exce\u00e7\u00e3o do milho &#8211; tinham a colheita encerrada. As de segunda safra j\u00e1 est\u00e3o em processo inicial de colheita, com os est\u00e1gios de enchimento de gr\u00e3os e matura\u00e7\u00e3o.<\/p>\n<p>As de terceira safra, juntamente com as culturas de inverno, encontram-se em fase final de plantio para in\u00edcio de colheita. O volume final da colheita vai depender do comportamento clim\u00e1tico.<\/p>\n<p>Para o milho, a previs\u00e3o \u00e9 que a safra fique em 127,8 milh\u00f5es de toneladas, incluindo as tr\u00eas safras. O aumento \u00e9 de 12,9% ou 14,6 milh\u00f5es de toneladas acima da cultivada em 2021\/22.<\/p>\n<p>O levantamento mostra, ainda, que a soja &#8211; o principal produto cultivado no pa\u00eds &#8211; dever\u00e1 atingir uma produ\u00e7\u00e3o recorde, estimada em 154,6 milh\u00f5es de toneladas, o que representa expans\u00e3o de 23,1% ou 29 milh\u00f5es de toneladas acima da ocorrida no ciclo passado.<\/p>\n<p>\u201cOutras culturas &#8211; algod\u00e3o, feij\u00e3o e sorgo &#8211; seguiram o movimento de alta e apresentaram percentuais de aumento na produ\u00e7\u00e3o. J\u00e1 o arroz e alguns cultivos de inverno &#8211; aveia, centeio e trigo &#8211; apontam para redu\u00e7\u00e3o no volume produzido em compara\u00e7\u00e3o com a safra anterior\u201d, informou a Conab.<\/p>\n<h2>Expans\u00e3o<\/h2>\n<p>O levantamento aponta ainda uma estimativa de \u00e1rea plantada de 78,2 milh\u00f5es de hectares, o que representa expans\u00e3o de 4,9% com mais 3,7 milh\u00f5es de hectares somados \u00e0 semeada em 2021\/22. Os maiores incrementos s\u00e3o observados na soja, com 2,6 milh\u00f5es de hectares (6,2%), no milho, com 576 mil hectares (2,7%), e no trigo, com 343,4 mil hectares (11,1%).<\/p>\n<p>A estimativa \u00e9 que o aumento da produ\u00e7\u00e3o brasileira deve elevar o volume de exporta\u00e7\u00f5es de milho em 2023 em raz\u00e3o da maior demanda internacional. A proje\u00e7\u00e3o \u00e9 que 48 milh\u00f5es de toneladas do cereal sair\u00e3o do pa\u00eds. Para o estoque interno tamb\u00e9m h\u00e1 previs\u00e3o de aumento de 27,6% ao fim deste ano safra, chegando a 10,3 milh\u00f5es de toneladas.<\/p>\n<p>Com rela\u00e7\u00e3o \u00e0 soja, o boletim aponta que as exporta\u00e7\u00f5es continuam estimadas em 95,64 milh\u00f5es de toneladas, uma alta percentual de 21,5% comparada \u00e0 safra anterior.<\/p>\n<p>\u201cNeste levantamento, a Conab ajustou os n\u00fameros de esmagamentos da oleaginosa, de 52,29 milh\u00f5es de toneladas para 52,82 milh\u00f5es de toneladas, em decorr\u00eancia do aumento na produ\u00e7\u00e3o de biodiesel. Assim, os estoques finais antes estimados em 7,51 milh\u00f5es de toneladas, passaram para 7,43 milh\u00f5es de toneladas\u201d, finalizou a companhia.<\/p>\n<\/div>\n<p>&nbsp;<\/p>\n<p>*Ag\u00eancia Brasil<\/p>\n","protected":false},"excerpt":{"rendered":"<p>A Companhia Nacional de Abastecimento (Conab) informou, nesta quinta-feira (13), em Bras\u00edlia, que a previs\u00e3o da safra brasileira de gr\u00e3os 2022\/23 ser\u00e1 a maior j\u00e1 produzida no pa\u00eds: 317,6 milh\u00f5es de toneladas. O volume representa crescimento de 16,5% ou 44,9 milh\u00f5es de toneladas acima da safra 2021\/22. Os dados constam do 10\u00ba Levantamento da Safra [&hellip;]<\/p>\n","protected":false},"author":5,"featured_media":245224,"comment_status":"closed","ping_status":"closed","sticky":false,"template":"","format":"standard","meta":{"footnotes":""},"categories":[17],"tags":[],"class_list":["post-245223","post","type-post","status-publish","format-standard","has-post-thumbnail","hentry","category-agropecuaria"],"_links":{"self":[{"href":"https:\/\/www.ocorreionews.com.br\/acervo-correio\/index.php?rest_route=\/wp\/v2\/posts\/245223","targetHints":{"allow":["GET"]}}],"collection":[{"href":"https:\/\/www.ocorreionews.com.br\/acervo-correio\/index.php?rest_route=\/wp\/v2\/posts"}],"about":[{"href":"https:\/\/www.ocorreionews.com.br\/acervo-correio\/index.php?rest_route=\/wp\/v2\/types\/post"}],"author":[{"embeddable":true,"href":"https:\/\/www.ocorreionews.com.br\/acervo-correio\/index.php?rest_route=\/wp\/v2\/users\/5"}],"replies":[{"embeddable":true,"href":"https:\/\/www.ocorreionews.com.br\/acervo-correio\/index.php?rest_route=%2Fwp%2Fv2%2Fcomments&post=245223"}],"version-history":[{"count":1,"href":"https:\/\/www.ocorreionews.com.br\/acervo-correio\/index.php?rest_route=\/wp\/v2\/posts\/245223\/revisions"}],"predecessor-version":[{"id":245225,"href":"https:\/\/www.ocorreionews.com.br\/acervo-correio\/index.php?rest_route=\/wp\/v2\/posts\/245223\/revisions\/245225"}],"wp:featuredmedia":[{"embeddable":true,"href":"https:\/\/www.ocorreionews.com.br\/acervo-correio\/index.php?rest_route=\/wp\/v2\/media\/245224"}],"wp:attachment":[{"href":"https:\/\/www.ocorreionews.com.br\/acervo-correio\/index.php?rest_route=%2Fwp%2Fv2%2Fmedia&parent=245223"}],"wp:term":[{"taxonomy":"category","embeddable":true,"href":"https:\/\/www.ocorreionews.com.br\/acervo-correio\/index.php?rest_route=%2Fwp%2Fv2%2Fcategories&post=245223"},{"taxonomy":"post_tag","embeddable":true,"href":"https:\/\/www.ocorreionews.com.br\/acervo-correio\/index.php?rest_route=%2Fwp%2Fv2%2Ftags&post=245223"}],"curies":[{"name":"wp","href":"https:\/\/api.w.org\/{rel}","templated":true}]}}