{"id":245226,"date":"2023-07-13T11:18:19","date_gmt":"2023-07-13T15:18:19","guid":{"rendered":"https:\/\/www.ocorreionews.com.br\/acervo-correio\/?p=245226"},"modified":"2023-07-13T11:18:19","modified_gmt":"2023-07-13T15:18:19","slug":"homem-de-alta-periculosidade-condenado-por-homicidio-foi-preso-em-chapadao-do-sul","status":"publish","type":"post","link":"https:\/\/www.ocorreionews.com.br\/acervo-correio\/?p=245226","title":{"rendered":"Homem de alta periculosidade condenado por homic\u00eddio foi preso em Chapad\u00e3o do Sul"},"content":{"rendered":"<p>Na manh\u00e3 desta quinta-feira (13), Pol\u00edcias de Chapad\u00e3o do Sul prenderam um homem de 43 anos, considerado de alta periculosidade e membro de fac\u00e7\u00e3o criminosa que estava foragido do estado do Paran\u00e1, por v\u00e1rios crimes inclusive homic\u00eddio.<\/p>\n<p>Segundo o Boletim de Ocorr\u00eancia, atrav\u00e9s de atua\u00e7\u00e3o do sistema de intelig\u00eancia da 4\u00aaCIPM em conjunto com demais informa\u00e7\u00f5es, identificaram que Autor de alta periculosidade estava na cidade de Chapad\u00e3o do Sul e que estava com um mandado de pris\u00e3o aberto por frente a esse por in\u00fameros delitos, como Tr\u00e1fico de Drogas, Associa\u00e7\u00e3o ao Tr\u00e1fico de Drogas, Homic\u00eddio, \u00a0Porte Ilegal de arma de fogo de uso permitido e Coa\u00e7\u00e3o no curso do processo, al\u00e9m da liga\u00e7\u00e3o com organiza\u00e7\u00e3o criminosa.<\/p>\n<p>E por volta das 7h desta quinta-feira durante\u00a0 patrulhamento ostensivo pela Rua Dos Cardeais, no Bairro Esplanada III, foi visualizado o foragido em frente a sua resid\u00eancia e que demonstrou bastante nervosismo, al\u00e9m de apresentar um volume estranho na cintura, justificando a abordagem, bem como a ci\u00eancia do mandado de pris\u00e3o a cumprir que os policiais j\u00e1 possu\u00edam.<\/p>\n<p>Feito a abordagem no homem e dado voz de pris\u00e3o, onde foi encaminhamento at\u00e9 Delegacia de Pol\u00edcia Civil.<\/p>\n","protected":false},"excerpt":{"rendered":"<p>Na manh\u00e3 desta quinta-feira (13), Pol\u00edcias de Chapad\u00e3o do Sul prenderam um homem de 43 anos, considerado de alta periculosidade e membro de fac\u00e7\u00e3o criminosa que estava foragido do estado do Paran\u00e1, por v\u00e1rios crimes inclusive homic\u00eddio. Segundo o Boletim de Ocorr\u00eancia, atrav\u00e9s de atua\u00e7\u00e3o do sistema de intelig\u00eancia da 4\u00aaCIPM em conjunto com demais [&hellip;]<\/p>\n","protected":false},"author":5,"featured_media":158439,"comment_status":"closed","ping_status":"closed","sticky":false,"template":"","format":"standard","meta":{"footnotes":""},"categories":[23,41,38],"tags":[],"class_list":["post-245226","post","type-post","status-publish","format-standard","has-post-thumbnail","hentry","category-chapadao-do-sul","category-destaque","category-policia"],"_links":{"self":[{"href":"https:\/\/www.ocorreionews.com.br\/acervo-correio\/index.php?rest_route=\/wp\/v2\/posts\/245226","targetHints":{"allow":["GET"]}}],"collection":[{"href":"https:\/\/www.ocorreionews.com.br\/acervo-correio\/index.php?rest_route=\/wp\/v2\/posts"}],"about":[{"href":"https:\/\/www.ocorreionews.com.br\/acervo-correio\/index.php?rest_route=\/wp\/v2\/types\/post"}],"author":[{"embeddable":true,"href":"https:\/\/www.ocorreionews.com.br\/acervo-correio\/index.php?rest_route=\/wp\/v2\/users\/5"}],"replies":[{"embeddable":true,"href":"https:\/\/www.ocorreionews.com.br\/acervo-correio\/index.php?rest_route=%2Fwp%2Fv2%2Fcomments&post=245226"}],"version-history":[{"count":1,"href":"https:\/\/www.ocorreionews.com.br\/acervo-correio\/index.php?rest_route=\/wp\/v2\/posts\/245226\/revisions"}],"predecessor-version":[{"id":245227,"href":"https:\/\/www.ocorreionews.com.br\/acervo-correio\/index.php?rest_route=\/wp\/v2\/posts\/245226\/revisions\/245227"}],"wp:featuredmedia":[{"embeddable":true,"href":"https:\/\/www.ocorreionews.com.br\/acervo-correio\/index.php?rest_route=\/wp\/v2\/media\/158439"}],"wp:attachment":[{"href":"https:\/\/www.ocorreionews.com.br\/acervo-correio\/index.php?rest_route=%2Fwp%2Fv2%2Fmedia&parent=245226"}],"wp:term":[{"taxonomy":"category","embeddable":true,"href":"https:\/\/www.ocorreionews.com.br\/acervo-correio\/index.php?rest_route=%2Fwp%2Fv2%2Fcategories&post=245226"},{"taxonomy":"post_tag","embeddable":true,"href":"https:\/\/www.ocorreionews.com.br\/acervo-correio\/index.php?rest_route=%2Fwp%2Fv2%2Ftags&post=245226"}],"curies":[{"name":"wp","href":"https:\/\/api.w.org\/{rel}","templated":true}]}}