{"id":245229,"date":"2023-07-13T13:41:57","date_gmt":"2023-07-13T17:41:57","guid":{"rendered":"https:\/\/www.ocorreionews.com.br\/acervo-correio\/?p=245229"},"modified":"2023-07-13T13:41:57","modified_gmt":"2023-07-13T17:41:57","slug":"durante-abordagem-pm-flagra-jovem-com-drogas-em-figueirao","status":"publish","type":"post","link":"https:\/\/www.ocorreionews.com.br\/acervo-correio\/?p=245229","title":{"rendered":"Durante abordagem PM flagra jovem com drogas em Figueir\u00e3o"},"content":{"rendered":"<p>Na noite desta quarta-feira (12), um jovem de 21 anos, foi detido ao ser flagrado com entorpecentes na cidade de Figueir\u00e3o.<\/p>\n<p>De acordo com Boletim de Ocorr\u00eancia, por volta das 20h, uma equipe da PM de Figueir\u00e3o realizava patrulhamento ostensivo em ruas da cidade, quando visualizou o jovem que ao ver a viatura demonstrou nervosismo e a todo momento desviava o olhar, diante da suspeita foi feita a abordagem.<\/p>\n<p>Os militares realizaram busca pessoal no autor e com ele foi encontrado uma por\u00e7\u00e3o de substancia an\u00e1loga a maconha.<\/p>\n<p>Diante dos fatos foi confeccionado o boletim de ocorr\u00eancia e o autor foi encaminhado \u00e0 Delegacia Civil para as providencias cab\u00edveis.<\/p>\n","protected":false},"excerpt":{"rendered":"<p>Na noite desta quarta-feira (12), um jovem de 21 anos, foi detido ao ser flagrado com entorpecentes na cidade de Figueir\u00e3o. De acordo com Boletim de Ocorr\u00eancia, por volta das 20h, uma equipe da PM de Figueir\u00e3o realizava patrulhamento ostensivo em ruas da cidade, quando visualizou o jovem que ao ver a viatura demonstrou nervosismo [&hellip;]<\/p>\n","protected":false},"author":5,"featured_media":245236,"comment_status":"closed","ping_status":"closed","sticky":false,"template":"","format":"standard","meta":{"footnotes":""},"categories":[30],"tags":[],"class_list":["post-245229","post","type-post","status-publish","format-standard","has-post-thumbnail","hentry","category-figueirao"],"_links":{"self":[{"href":"https:\/\/www.ocorreionews.com.br\/acervo-correio\/index.php?rest_route=\/wp\/v2\/posts\/245229","targetHints":{"allow":["GET"]}}],"collection":[{"href":"https:\/\/www.ocorreionews.com.br\/acervo-correio\/index.php?rest_route=\/wp\/v2\/posts"}],"about":[{"href":"https:\/\/www.ocorreionews.com.br\/acervo-correio\/index.php?rest_route=\/wp\/v2\/types\/post"}],"author":[{"embeddable":true,"href":"https:\/\/www.ocorreionews.com.br\/acervo-correio\/index.php?rest_route=\/wp\/v2\/users\/5"}],"replies":[{"embeddable":true,"href":"https:\/\/www.ocorreionews.com.br\/acervo-correio\/index.php?rest_route=%2Fwp%2Fv2%2Fcomments&post=245229"}],"version-history":[{"count":1,"href":"https:\/\/www.ocorreionews.com.br\/acervo-correio\/index.php?rest_route=\/wp\/v2\/posts\/245229\/revisions"}],"predecessor-version":[{"id":245237,"href":"https:\/\/www.ocorreionews.com.br\/acervo-correio\/index.php?rest_route=\/wp\/v2\/posts\/245229\/revisions\/245237"}],"wp:featuredmedia":[{"embeddable":true,"href":"https:\/\/www.ocorreionews.com.br\/acervo-correio\/index.php?rest_route=\/wp\/v2\/media\/245236"}],"wp:attachment":[{"href":"https:\/\/www.ocorreionews.com.br\/acervo-correio\/index.php?rest_route=%2Fwp%2Fv2%2Fmedia&parent=245229"}],"wp:term":[{"taxonomy":"category","embeddable":true,"href":"https:\/\/www.ocorreionews.com.br\/acervo-correio\/index.php?rest_route=%2Fwp%2Fv2%2Fcategories&post=245229"},{"taxonomy":"post_tag","embeddable":true,"href":"https:\/\/www.ocorreionews.com.br\/acervo-correio\/index.php?rest_route=%2Fwp%2Fv2%2Ftags&post=245229"}],"curies":[{"name":"wp","href":"https:\/\/api.w.org\/{rel}","templated":true}]}}