{"id":245241,"date":"2023-07-13T13:52:31","date_gmt":"2023-07-13T17:52:31","guid":{"rendered":"https:\/\/www.ocorreionews.com.br\/acervo-correio\/?p=245241"},"modified":"2023-07-13T14:03:49","modified_gmt":"2023-07-13T18:03:49","slug":"com-objetivo-de-fomentar-o-empreendedorismo-executivo-municipal-leva-servicos-da-sedema-ao-cras-cerrado","status":"publish","type":"post","link":"https:\/\/www.ocorreionews.com.br\/acervo-correio\/?p=245241","title":{"rendered":"Com objetivo de fomentar o empreendedorismo, SEDEMA leva servi\u00e7os ao \u201cCRAS Cerrado\u201d."},"content":{"rendered":"<p>Na \u00faltima quinta-feira, 06, a SEDEMA (Secretaria Municipal de Desenvolvimento Econ\u00f4mico e Meio Ambiente) em parceria com Secretaria de Assist\u00eancia Social, promoveu apresenta\u00e7\u00e3o de extrema relev\u00e2ncia para o p\u00fablico do \u201cCRAS Cerrado\u201d, os servidores da SEDEMA: Karine Francisquette &#8211; Gestora da Sala do Empreendedor e Renan Lima \u2013 Coordenador do Desenvolvimento Econ\u00f4mico, realizaram importante iniciativa com objetivo de fornecer informa\u00e7\u00f5es valiosas sobre os direitos e obriga\u00e7\u00f5es do MEI, empreendedorismo, Plano Municipal de Qualifica\u00e7\u00e3o e Gest\u00e3o, al\u00e9m dos servi\u00e7os disponibilizados pelo PAV da Receita Federal. O intuito principal dessa a\u00e7\u00e3o foi apresentar ao p\u00fablico presente as possibilidades de empreendedorismo, qualifica\u00e7\u00f5es e os servi\u00e7os oferecidos pela SEDEMA que podem facilitar e encurtar os caminhos para quem deseja empreender.<\/p>\n<p>Um dos principais servi\u00e7os oferecidos pela Sala do Empreendedor \u00e9 o atendimento constante \u00e0s demandas dos MEI&#8217;s no munic\u00edpio, visando fomentar e incentivar o empreendedorismo na cidade. Atuando de forma desburocratizada, disponibiliza informa\u00e7\u00f5es e orienta\u00e7\u00f5es de forma simples, facilitando os processos de abertura de empresas, regulariza\u00e7\u00e3o, baixa, declara\u00e7\u00f5es, pedidos de inscri\u00e7\u00e3o estadual e emiss\u00e3o de notas fiscais.<\/p>\n<p>Al\u00e9m disso, o Plano Municipal de Qualifica\u00e7\u00e3o e Gest\u00e3o tem como objetivo qualificar colaboradores, funcion\u00e1rios p\u00fablicos, gestores, empreendedores e indiv\u00edduos que buscam desenvolvimento pessoal e profissional. Durante 2023, o munic\u00edpio preparou uma ampla grade de treinamentos, qualifica\u00e7\u00f5es e palestras. Outro prop\u00f3sito dessa iniciativa \u00e9 atrair novas empresas, ind\u00fastrias e investidores, uma vez que a m\u00e3o de obra qualificada \u00e9 uma das principais premissas para a instala\u00e7\u00e3o no munic\u00edpio. Dessa forma, busca-se gerar emprego, renda e melhorar a qualidade de vida da popula\u00e7\u00e3o, promovendo o desenvolvimento econ\u00f4mico local de maneira sustent\u00e1vel.<\/p>\n<p>A qualifica\u00e7\u00e3o profissional \u00e9 fundamental para se destacar e se inserir no mercado de trabalho, que \u00e9 altamente competitivo diante do grande n\u00famero de profissionais dispon\u00edveis. Investir na qualifica\u00e7\u00e3o profissional significa pensar em uma carreira a longo prazo. Entre os principais benef\u00edcios est\u00e3o: oportunidade de desenvolver novas habilidades, obter melhor remunera\u00e7\u00e3o, estar atualizado (a) sobre as tend\u00eancias do mercado e alcan\u00e7ar reconhecimento profissional.<\/p>\n<p>Por fim, o PAV (Posto de Atendimento Virtual) da Receita Federal \u00e9 resultado de um termo de coopera\u00e7\u00e3o t\u00e9cnica firmado entre a RFB (Receita Federal do Brasil) e o Executivo Municipal, com o objetivo de atender \u00e0s demandas locais relacionadas aos servi\u00e7os oferecidos pela Receita. Alguns desses servi\u00e7os incluem: comprovante de inscri\u00e7\u00e3o e regulariza\u00e7\u00e3o do CPF, pesquisa de situa\u00e7\u00e3o fiscal para CPF, CNPJ e im\u00f3vel rural. Essa parceria facilita o acesso da popula\u00e7\u00e3o do munic\u00edpio aos servi\u00e7os da Receita Federal, promovendo maior comodidade e agilidade nos processos.<\/p>\n<p><img decoding=\"async\" src=\"http:\/\/www.chapadaodosul.ms.gov.br\/admin\/arquivos\/imagem\/WhatsApp Image 2023-07-07 at 15.54.46 (1).jpeg\" \/><\/p>\n","protected":false},"excerpt":{"rendered":"<p>Na \u00faltima quinta-feira, 06, a SEDEMA (Secretaria Municipal de Desenvolvimento Econ\u00f4mico e Meio Ambiente) em parceria com Secretaria de Assist\u00eancia Social, promoveu apresenta\u00e7\u00e3o de extrema relev\u00e2ncia para o p\u00fablico do \u201cCRAS Cerrado\u201d, os servidores da SEDEMA: Karine Francisquette &#8211; Gestora da Sala do Empreendedor e Renan Lima \u2013 Coordenador do Desenvolvimento Econ\u00f4mico, realizaram importante iniciativa [&hellip;]<\/p>\n","protected":false},"author":4,"featured_media":245239,"comment_status":"closed","ping_status":"closed","sticky":false,"template":"","format":"standard","meta":{"footnotes":""},"categories":[23],"tags":[],"class_list":["post-245241","post","type-post","status-publish","format-standard","has-post-thumbnail","hentry","category-chapadao-do-sul"],"_links":{"self":[{"href":"https:\/\/www.ocorreionews.com.br\/acervo-correio\/index.php?rest_route=\/wp\/v2\/posts\/245241","targetHints":{"allow":["GET"]}}],"collection":[{"href":"https:\/\/www.ocorreionews.com.br\/acervo-correio\/index.php?rest_route=\/wp\/v2\/posts"}],"about":[{"href":"https:\/\/www.ocorreionews.com.br\/acervo-correio\/index.php?rest_route=\/wp\/v2\/types\/post"}],"author":[{"embeddable":true,"href":"https:\/\/www.ocorreionews.com.br\/acervo-correio\/index.php?rest_route=\/wp\/v2\/users\/4"}],"replies":[{"embeddable":true,"href":"https:\/\/www.ocorreionews.com.br\/acervo-correio\/index.php?rest_route=%2Fwp%2Fv2%2Fcomments&post=245241"}],"version-history":[{"count":2,"href":"https:\/\/www.ocorreionews.com.br\/acervo-correio\/index.php?rest_route=\/wp\/v2\/posts\/245241\/revisions"}],"predecessor-version":[{"id":245246,"href":"https:\/\/www.ocorreionews.com.br\/acervo-correio\/index.php?rest_route=\/wp\/v2\/posts\/245241\/revisions\/245246"}],"wp:featuredmedia":[{"embeddable":true,"href":"https:\/\/www.ocorreionews.com.br\/acervo-correio\/index.php?rest_route=\/wp\/v2\/media\/245239"}],"wp:attachment":[{"href":"https:\/\/www.ocorreionews.com.br\/acervo-correio\/index.php?rest_route=%2Fwp%2Fv2%2Fmedia&parent=245241"}],"wp:term":[{"taxonomy":"category","embeddable":true,"href":"https:\/\/www.ocorreionews.com.br\/acervo-correio\/index.php?rest_route=%2Fwp%2Fv2%2Fcategories&post=245241"},{"taxonomy":"post_tag","embeddable":true,"href":"https:\/\/www.ocorreionews.com.br\/acervo-correio\/index.php?rest_route=%2Fwp%2Fv2%2Ftags&post=245241"}],"curies":[{"name":"wp","href":"https:\/\/api.w.org\/{rel}","templated":true}]}}