{"id":245244,"date":"2023-07-13T14:33:50","date_gmt":"2023-07-13T18:33:50","guid":{"rendered":"https:\/\/www.ocorreionews.com.br\/acervo-correio\/?p=245244"},"modified":"2023-07-13T14:33:50","modified_gmt":"2023-07-13T18:33:50","slug":"paraiso-das-aguas-e-contemplada-com-mais-uma-ambulancia","status":"publish","type":"post","link":"https:\/\/www.ocorreionews.com.br\/acervo-correio\/?p=245244","title":{"rendered":"Para\u00edso das \u00c1guas \u00e9 contemplada com mais uma ambul\u00e2ncia"},"content":{"rendered":"<p>A sa\u00fade de Para\u00edso das \u00c1guas conta com mais uma ambul\u00e2ncia para o atendimento de sua popula\u00e7\u00e3o. Dessa vez trata-se do ve\u00edculo Peugeout Expert, transformada em ambul\u00e2ncia Tipo A, simples remo\u00e7\u00e3o, Semi-UTI. A ambul\u00e2ncia foi adquirida gra\u00e7as \u00e0 emenda parlamentar da senadora Soraya Thronicke, no valor de R$ 236.000,00.<\/p>\n<p>A ambul\u00e2ncia foi solicitada em 2022 pelos vereadores Fio do Povo, Prof. Leonardo, Edson da Oficina e Ueder Angola (atual Secret\u00e1rio Municipal de Sa\u00fade). O pedido foi prontamente atendido pela Senadora que n\u00e3o mediu esfor\u00e7os para contribuir com o atendimento m\u00e9dico de nossa cidade.<\/p>\n<p>De acordo com o prefeito An\u00edzio Andrade, a emenda parlamentar da Senadora Soraya e o empenho do legislativo municipal garantem ainda mais qualidade para o atendimento dos usu\u00e1rios do servi\u00e7o de sa\u00fade no munic\u00edpio.<\/p>\n<p>\u201cAtualmente contamos com 7 (sete) ambul\u00e2ncias em nosso munic\u00edpio. S\u00e3o viaturas UTI\u2019s, Semi-uti\u2019s e de simples remo\u00e7\u00e3o que garantem pronto atendimento para os moradores da sede e dos distritos de Bela Alvorada e Pouso Alto. Acreditamos que a uni\u00e3o de esfor\u00e7os entre o executivo municipal, o legislativo, e governos estadual e federal s\u00e3o o melhor caminho para construirmos uma cidade mais desenvolvida e com mais qualidade de vida\u201d, afirmou o prefeito.<\/p>\n<p>&nbsp;<\/p>\n<p><img loading=\"lazy\" decoding=\"async\" class=\"alignnone size-full wp-image-245254\" src=\"https:\/\/www.ocorreionews.com.br\/acervo-correio\/wp-content\/uploads\/2023\/07\/ambulancia-paraiso.jpeg\" alt=\"\" width=\"700\" height=\"315\" srcset=\"https:\/\/www.ocorreionews.com.br\/acervo-correio\/wp-content\/uploads\/2023\/07\/ambulancia-paraiso.jpeg 700w, https:\/\/www.ocorreionews.com.br\/acervo-correio\/wp-content\/uploads\/2023\/07\/ambulancia-paraiso-300x135.jpeg 300w\" sizes=\"auto, (max-width: 700px) 100vw, 700px\" \/><\/p>\n<p>Fonte: ASSECOM &#8211; Prefeitura Municipal de Para\u00edso das \u00c1guas<\/p>\n","protected":false},"excerpt":{"rendered":"<p>A sa\u00fade de Para\u00edso das \u00c1guas conta com mais uma ambul\u00e2ncia para o atendimento de sua popula\u00e7\u00e3o. Dessa vez trata-se do ve\u00edculo Peugeout Expert, transformada em ambul\u00e2ncia Tipo A, simples remo\u00e7\u00e3o, Semi-UTI. A ambul\u00e2ncia foi adquirida gra\u00e7as \u00e0 emenda parlamentar da senadora Soraya Thronicke, no valor de R$ 236.000,00. A ambul\u00e2ncia foi solicitada em 2022 [&hellip;]<\/p>\n","protected":false},"author":5,"featured_media":245255,"comment_status":"closed","ping_status":"closed","sticky":false,"template":"","format":"standard","meta":{"footnotes":""},"categories":[36],"tags":[],"class_list":["post-245244","post","type-post","status-publish","format-standard","has-post-thumbnail","hentry","category-paraiso-das-aguas"],"_links":{"self":[{"href":"https:\/\/www.ocorreionews.com.br\/acervo-correio\/index.php?rest_route=\/wp\/v2\/posts\/245244","targetHints":{"allow":["GET"]}}],"collection":[{"href":"https:\/\/www.ocorreionews.com.br\/acervo-correio\/index.php?rest_route=\/wp\/v2\/posts"}],"about":[{"href":"https:\/\/www.ocorreionews.com.br\/acervo-correio\/index.php?rest_route=\/wp\/v2\/types\/post"}],"author":[{"embeddable":true,"href":"https:\/\/www.ocorreionews.com.br\/acervo-correio\/index.php?rest_route=\/wp\/v2\/users\/5"}],"replies":[{"embeddable":true,"href":"https:\/\/www.ocorreionews.com.br\/acervo-correio\/index.php?rest_route=%2Fwp%2Fv2%2Fcomments&post=245244"}],"version-history":[{"count":1,"href":"https:\/\/www.ocorreionews.com.br\/acervo-correio\/index.php?rest_route=\/wp\/v2\/posts\/245244\/revisions"}],"predecessor-version":[{"id":245256,"href":"https:\/\/www.ocorreionews.com.br\/acervo-correio\/index.php?rest_route=\/wp\/v2\/posts\/245244\/revisions\/245256"}],"wp:featuredmedia":[{"embeddable":true,"href":"https:\/\/www.ocorreionews.com.br\/acervo-correio\/index.php?rest_route=\/wp\/v2\/media\/245255"}],"wp:attachment":[{"href":"https:\/\/www.ocorreionews.com.br\/acervo-correio\/index.php?rest_route=%2Fwp%2Fv2%2Fmedia&parent=245244"}],"wp:term":[{"taxonomy":"category","embeddable":true,"href":"https:\/\/www.ocorreionews.com.br\/acervo-correio\/index.php?rest_route=%2Fwp%2Fv2%2Fcategories&post=245244"},{"taxonomy":"post_tag","embeddable":true,"href":"https:\/\/www.ocorreionews.com.br\/acervo-correio\/index.php?rest_route=%2Fwp%2Fv2%2Ftags&post=245244"}],"curies":[{"name":"wp","href":"https:\/\/api.w.org\/{rel}","templated":true}]}}