{"id":245247,"date":"2023-07-13T14:29:52","date_gmt":"2023-07-13T18:29:52","guid":{"rendered":"https:\/\/www.ocorreionews.com.br\/acervo-correio\/?p=245247"},"modified":"2023-07-13T14:29:52","modified_gmt":"2023-07-13T18:29:52","slug":"jovem-mata-pai-avo-e-madrasta-com-golpes-de-marreta-em-goias-para-roubar-r-4-mil","status":"publish","type":"post","link":"https:\/\/www.ocorreionews.com.br\/acervo-correio\/?p=245247","title":{"rendered":"Jovem mata pai, av\u00f4 e madrasta com golpes de marreta em Goi\u00e1s para roubar R$ 4 mil"},"content":{"rendered":"<div id=\"chunk-f47hh\">\n<div class=\"mc-column content-text active-extra-styles \" data-block-type=\"unstyled\" data-block-weight=\"66\" data-block-id=\"3\">\n<p data-track-category=\"Link no Texto\" data-track-links=\"\">Um homem matou o pai, o av\u00f4 e a madrasta com golpes de marreta, em Urua\u00e7u, no norte goiano. De acordo com o tenente Danilo, da 7\u00aa Companhia Independente da Pol\u00edcia Militar (CIPM), o crime foi cometido na noite desta ter\u00e7a-feira (11) e descoberto nesta quarta-feira (12), quando o suspeito foi preso.<\/p>\n<p class=\"content-text__container \" data-track-category=\"Link no Texto\" data-track-links=\"\">O pedreiro que matou os parentes, pretendia roubar o dinheiro deles e comprar drogas em seguida, apontou a investiga\u00e7\u00e3o da Pol\u00edcia Civil de Goi\u00e1s (PCGO). Wemerson Pereira Rodrigues teria visto R$ 4 mil em dinheiro no ve\u00edculo do pai e, por isso, resolveu matar os familiares com uma marreta.<\/p>\n<p data-track-category=\"Link no Texto\" data-track-links=\"\">\n<\/div>\n<\/div>\n<div class=\"wall protected-content\">\n<div id=\"chunk-55veb\">\n<div class=\"mc-column content-text active-extra-styles\" data-block-type=\"raw\" data-block-weight=\"6\" data-block-id=\"4\">\n<p>&nbsp;<\/p>\n<\/div>\n<\/div>\n<div id=\"chunk-a3dmu\">\n<div class=\"mc-column content-text active-extra-styles \" data-block-type=\"unstyled\" data-block-weight=\"54\" data-block-id=\"5\">\n<p class=\"content-text__container \" data-track-category=\"Link no Texto\" data-track-links=\"\">Ap\u00f3s matar os familiares com golpes de marreta na cabe\u00e7a, o homem, de 28 anos, fugiu em um dos ve\u00edculos da fam\u00edlia. De acordo com o delegado que investiga o caso, Sandro Leal, Wemerson cometeu o crime ap\u00f3s um surto ocasionado pelo uso intenso de coca\u00edna, pretendendo comprar mais drogas e depois cometer suic\u00eddio.<\/p>\n<\/div>\n<\/div>\n<div id=\"chunk-5k2aj\">\n<div class=\"content-ads content-ads--reveal\" data-block-type=\"ads\" data-block-id=\"6\">\n<div><\/div>\n<\/div>\n<\/div>\n<div id=\"chunk-9g5t0\">\n<div class=\"mc-column content-text active-extra-styles\" data-block-type=\"raw\" data-block-weight=\"47\" data-block-id=\"7\">\n<p class=\"content-text__container\">\n<blockquote class=\"content-blockquote theme-border-color-primary-before\"><p>&#8220;Al\u00e9m do homic\u00eddio qualificado, ele tamb\u00e9m vai responder por fraude processual, porque ainda tentou alterar a cena do crime. A princ\u00edpio, n\u00e3o se descobriu a participa\u00e7\u00e3o de outras pessoas. Ele matou os familiares e tentou limpar o hotel antes de fugir para n\u00e3o deixar rastros\u201d, explicou Sandro.<\/p><\/blockquote>\n<\/div>\n<\/div>\n<div id=\"chunk-4v79k\">\n<p>&nbsp;<\/p>\n<\/div>\n<div id=\"chunk-1uqab\">\n<div class=\"mc-column content-text active-extra-styles \" data-block-type=\"unstyled\" data-block-weight=\"43\" data-block-id=\"10\">\n<p class=\"content-text__container \" data-track-category=\"Link no Texto\" data-track-links=\"\">Ap\u00f3s a chacina, Wemerson fugiu para S\u00e3o Luiz do Norte, mas foi localizado e preso por uma equipe da Pol\u00edcia Militar (PM). Ele estava bebendo em uma distribuidora com outro homem, que tamb\u00e9m foi encaminhado \u00e0 delegacia, mas prestou depoimento e foi liberado.<\/p>\n<p data-track-category=\"Link no Texto\" data-track-links=\"\">\n<\/div>\n<\/div>\n<div id=\"chunk-e0p4n\">\n<div class=\"mc-column content-text active-extra-styles \" data-block-type=\"unstyled\" data-block-weight=\"40\" data-block-id=\"11\">\n<p class=\"content-text__container \" data-track-category=\"Link no Texto\" data-track-links=\"\">\u201cEle j\u00e1 tinha gastado parte do dinheiro. Em m\u00e3os, tinha cerca de R$ 2,6 mil, que pretendia usar para comprar mais coca\u00edna. No dia do crime, al\u00e9m da droga, ele tamb\u00e9m havia consumido rem\u00e9dio controlado, tarja preta\u201d, explicou o delegado.<\/p>\n<p data-track-category=\"Link no Texto\" data-track-links=\"\">\n<\/div>\n<\/div>\n<div id=\"chunk-6vloe\">\n<div class=\"mc-column content-text active-extra-styles \" data-block-type=\"unstyled\" data-block-weight=\"52\" data-block-id=\"12\">\n<p class=\"content-text__container \" data-track-category=\"Link no Texto\" data-track-links=\"\">Wermerson foi conduzido \u00e0 delegacia de Urua\u00e7u e preso em flagrante por triplo homic\u00eddio. Ele vai responder por homic\u00eddio qualificado e fraude processual. Somadas as penas, pode pegar at\u00e9 32 anos de reclus\u00e3o. O g1 n\u00e3o conseguiu localizar a defesa do investigado, que se encontra preso na Unidade Prisional Regional de Urua\u00e7u.<\/p>\n<p data-track-category=\"Link no Texto\" data-track-links=\"\">\n<\/div>\n<\/div>\n<div id=\"chunk-7p9hi\">\n<div class=\"content-ads content-ads--reveal\" data-block-type=\"ads\" data-block-id=\"13\"><\/div>\n<\/div>\n<div id=\"chunk-3ocju\">\n<div class=\"row medium-uncollapsed content-media content-photo\" data-block-type=\"backstage-photo\" data-block-id=\"14\">\n<div class=\" mc-column  content-media__container\">\n<div class=\"content-media-container glb-skeleton-box\">\n<figure class=\"content-media-figure\">\n<p><figure style=\"width: 647px\" class=\"wp-caption aligncenter\"><img loading=\"lazy\" decoding=\"async\" class=\"i-amphtml-fill-content i-amphtml-replaced-content\" src=\"https:\/\/s2-g1.glbimg.com\/RxA6q7o3fp14xABSynK9QJ-Cj_s=\/0x0:1700x1065\/984x0\/smart\/filters:strip_icc()\/i.s3.glbimg.com\/v1\/AUTH_59edd422c0c84a879bd37670ae4f538a\/internal_photos\/bs\/2023\/z\/Y\/5LA76CSzCsaUYjsdtFTA\/foto-2-uruacu.jpg\" sizes=\"auto, (max-width: 1366px) 648px, 100vw\" srcset=\"https:\/\/s2-g1.glbimg.com\/coqSuMu32kVwt7lmhUpvQim6wsQ=\/0x0:1700x1065\/1000x0\/smart\/filters:strip_icc()\/i.s3.glbimg.com\/v1\/AUTH_59edd422c0c84a879bd37670ae4f538a\/internal_photos\/bs\/2023\/z\/Y\/5LA76CSzCsaUYjsdtFTA\/foto-2-uruacu.jpg 1000w, https:\/\/s2-g1.glbimg.com\/RxA6q7o3fp14xABSynK9QJ-Cj_s=\/0x0:1700x1065\/984x0\/smart\/filters:strip_icc()\/i.s3.glbimg.com\/v1\/AUTH_59edd422c0c84a879bd37670ae4f538a\/internal_photos\/bs\/2023\/z\/Y\/5LA76CSzCsaUYjsdtFTA\/foto-2-uruacu.jpg 984w, https:\/\/s2-g1.glbimg.com\/gXadtN2ZR27ALvEuR0cwJn2a6Nw=\/0x0:1700x1065\/640x0\/smart\/filters:strip_icc()\/i.s3.glbimg.com\/v1\/AUTH_59edd422c0c84a879bd37670ae4f538a\/internal_photos\/bs\/2023\/z\/Y\/5LA76CSzCsaUYjsdtFTA\/foto-2-uruacu.jpg 640w, https:\/\/s2-g1.glbimg.com\/TPcaxB6guF3Ksinn5FFe2Qs9uAk=\/0x0:1700x1065\/600x0\/smart\/filters:strip_icc()\/i.s3.glbimg.com\/v1\/AUTH_59edd422c0c84a879bd37670ae4f538a\/internal_photos\/bs\/2023\/z\/Y\/5LA76CSzCsaUYjsdtFTA\/foto-2-uruacu.jpg 600w\" alt=\"Wermerson foi conduzido \u00e0 delegacia de Urua\u00e7u e preso em flagrante por triplo homic\u00eddio \u2014 Foto: Dovulga\u00e7\u00e3o\/Pol\u00edcia Civil\" width=\"647\" height=\"405\" \/><figcaption class=\"wp-caption-text\">Wermerson foi conduzido \u00e0 delegacia de Urua\u00e7u e preso em flagrante por triplo homic\u00eddio \u2014 Foto: Dovulga\u00e7\u00e3o\/Pol\u00edcia Civil<\/figcaption><\/figure><\/figure>\n<\/div>\n<p class=\"content-media__description  \">\n<p>&nbsp;<\/p>\n<\/div>\n<\/div>\n<\/div>\n<div id=\"chunk-arp98\">\n<div class=\"mc-column content-text active-extra-styles \" data-block-type=\"unstyled\" data-block-weight=\"55\" data-block-id=\"15\">\n<p class=\"content-text__container \" data-track-category=\"Link no Texto\" data-track-links=\"\">Lourival Rodrigues de Paula J\u00fanior (pai), de 52 anos, Marilac Rodrigues Sales de Paula (madrasta), de 55 anos, e Lourival Rodrigues de Paula (av\u00f4), de 79 anos foram assassinados com golpes de marreta na cabe\u00e7a. O crime foi cometido na noite da \u00faltima ter\u00e7a-feira (11) e descoberto nesta quarta-feira (12), quando o homem foi preso.<\/p>\n<p data-track-category=\"Link no Texto\" data-track-links=\"\">\n<\/div>\n<\/div>\n<div id=\"chunk-7esmm\">\n<div class=\"mc-column content-text active-extra-styles\" data-block-type=\"raw\" data-block-weight=\"3\" data-block-id=\"16\">\n<p class=\"content-text__container\">\n<div class=\"content-intertitle\">\n<h2>Entenda o caso<\/h2>\n<\/div>\n<p>&nbsp;<\/p>\n<\/div>\n<\/div>\n<div id=\"chunk-33por\">\n<div class=\"mc-column content-text active-extra-styles \" data-block-type=\"unstyled\" data-block-weight=\"46\" data-block-id=\"17\">\n<p class=\"content-text__container \" data-track-category=\"Link no Texto\" data-track-links=\"\">A Pol\u00edcia Civil de Urua\u00e7u foi acionada por um dos filhos de Lourival, que mora em S\u00e3o Paulo (SP), e buscava informa\u00e7\u00f5es sobre o desaparecimento do pai. Segundo a PC, ele falou que o pai e o av\u00f4 estavam desaparecidos, pois n\u00e3o conseguia falar com eles.<\/p>\n<p data-track-category=\"Link no Texto\" data-track-links=\"\">\n<\/div>\n<\/div>\n<div id=\"chunk-9tj9t\">\n<div class=\"content-ads content-ads--reveal\" data-block-type=\"ads\" data-block-id=\"18\">\n<div id=\"banner_materia__d8e31f33-1515-446f-8e13-c28e84ab427e\" class=\"tag-manager-publicidade-container mc-has-reveal mc-has-ad-lazyload tag-manager-publicidade-banner_materia__d8e31f33-1515-446f-8e13-c28e84ab427e tag-manager-publicidade-container--carregado tag-manager-publicidade-container--visivel\" data-id=\"banner_materia__d8e31f33-1515-446f-8e13-c28e84ab427e\" data-google-query-id=\"CIXsxs6njIADFeihlQIdlFoL1w\">\n<div id=\"google_ads_iframe_\/95377733\/tvg_G1\/Sua_Regiao&gt;Centro_Oeste&gt;Goias_5__container__\"><\/div>\n<\/div>\n<\/div>\n<\/div>\n<div id=\"chunk-dib5j\">\n<div class=\"mc-column content-text active-extra-styles \" data-block-type=\"unstyled\" data-block-weight=\"50\" data-block-id=\"19\">\n<p class=\"content-text__container \" data-track-category=\"Link no Texto\" data-track-links=\"\">O rapaz informou ainda que eles estavam hospedados em um hotel desativado, em Urua\u00e7u. Segundo o filho, os pais e o av\u00f4 estavam providenciando a reforma para a reinaugura\u00e7\u00e3o do hotel. A \u00faltima localiza\u00e7\u00e3o das v\u00edtimas informada pelo filho seria em S\u00e3o Luiz do Norte, na regi\u00e3o norte de Goi\u00e1s.<\/p>\n<p data-track-category=\"Link no Texto\" data-track-links=\"\">\n<\/div>\n<\/div>\n<div id=\"chunk-3pdbj\">\n<div class=\"row medium-uncollapsed content-media content-photo\" data-block-type=\"backstage-photo\" data-block-id=\"20\">\n<div class=\" mc-column  content-media__container\">\n<div class=\"content-media-container glb-skeleton-box\">\n<figure class=\"content-media-figure\">\n<p><figure style=\"width: 647px\" class=\"wp-caption aligncenter\"><img loading=\"lazy\" decoding=\"async\" class=\"i-amphtml-fill-content i-amphtml-replaced-content\" src=\"https:\/\/s2-g1.glbimg.com\/Pp_cbzFMnfCy_zfcgr3j7GmLguQ=\/0x0:1700x1065\/984x0\/smart\/filters:strip_icc()\/i.s3.glbimg.com\/v1\/AUTH_59edd422c0c84a879bd37670ae4f538a\/internal_photos\/bs\/2023\/h\/m\/f6day4Tcqh40FCxNAwWA\/foto-1-uruacu.jpg\" sizes=\"auto, (max-width: 1366px) 648px, 100vw\" srcset=\"https:\/\/s2-g1.glbimg.com\/Atmof4pcy674f2bcLEbQ6Hb1TFI=\/0x0:1700x1065\/1000x0\/smart\/filters:strip_icc()\/i.s3.glbimg.com\/v1\/AUTH_59edd422c0c84a879bd37670ae4f538a\/internal_photos\/bs\/2023\/h\/m\/f6day4Tcqh40FCxNAwWA\/foto-1-uruacu.jpg 1000w, https:\/\/s2-g1.glbimg.com\/Pp_cbzFMnfCy_zfcgr3j7GmLguQ=\/0x0:1700x1065\/984x0\/smart\/filters:strip_icc()\/i.s3.glbimg.com\/v1\/AUTH_59edd422c0c84a879bd37670ae4f538a\/internal_photos\/bs\/2023\/h\/m\/f6day4Tcqh40FCxNAwWA\/foto-1-uruacu.jpg 984w, https:\/\/s2-g1.glbimg.com\/14bica3zpXInfOlMnDs1MtH6piQ=\/0x0:1700x1065\/640x0\/smart\/filters:strip_icc()\/i.s3.glbimg.com\/v1\/AUTH_59edd422c0c84a879bd37670ae4f538a\/internal_photos\/bs\/2023\/h\/m\/f6day4Tcqh40FCxNAwWA\/foto-1-uruacu.jpg 640w, https:\/\/s2-g1.glbimg.com\/gnQj2phAhy_RpUqHbOuZL3m4YW4=\/0x0:1700x1065\/600x0\/smart\/filters:strip_icc()\/i.s3.glbimg.com\/v1\/AUTH_59edd422c0c84a879bd37670ae4f538a\/internal_photos\/bs\/2023\/h\/m\/f6day4Tcqh40FCxNAwWA\/foto-1-uruacu.jpg 600w\" alt=\"Homem mata pai, av\u00f4 e madrasta com golpes de marreta em Urua\u00e7u, Goi\u00e1s \u2014 Foto: Divulga\u00e7\u00e3o\/Pol\u00edcia Militar\" width=\"647\" height=\"405\" \/><figcaption class=\"wp-caption-text\">Homem mata pai, av\u00f4 e madrasta com golpes de marreta em Urua\u00e7u, Goi\u00e1s \u2014 Foto: Divulga\u00e7\u00e3o\/Pol\u00edcia Militar<\/figcaption><\/figure><\/figure>\n<p>&nbsp;<\/p>\n<\/div>\n<p class=\"content-media__description  \">\n<\/div>\n<\/div>\n<\/div>\n<div id=\"chunk-8q5l9\">\n<div class=\"mc-column content-text active-extra-styles \" data-block-type=\"unstyled\" data-block-weight=\"50\" data-block-id=\"21\">\n<p class=\"content-text__container \" data-track-category=\"Link no Texto\" data-track-links=\"\">Os bombeiros de Urua\u00e7u, ent\u00e3o, ligaram para a pol\u00edcia de S\u00e3o Luiz para saber se houve algum acidente. Com a negativa, as equipes informaram a placa do ve\u00edculo que as v\u00edtimas estavam e, ap\u00f3s dilig\u00eancias, os policiais localizaram o carro e abordaram o motorista e outro rapaz, que era passageiro.<\/p>\n<p data-track-category=\"Link no Texto\" data-track-links=\"\">\n<\/div>\n<\/div>\n<div id=\"chunk-aq8v\">\n<div class=\"content-ads content-ads--reveal\" data-block-type=\"ads\" data-block-id=\"22\">\n<div id=\"banner_materia__1c49bc46-ba48-4231-b5cb-6456a78f5586\" class=\"tag-manager-publicidade-container mc-has-reveal mc-has-ad-lazyload\" data-id=\"banner_materia__1c49bc46-ba48-4231-b5cb-6456a78f5586\">\n<div id=\"google_ads_iframe_\/95377733\/tvg_G1\/Sua_Regiao&gt;Centro_Oeste&gt;Goias_6__container__\"><\/div>\n<\/div>\n<\/div>\n<\/div>\n<div id=\"chunk-bot1f\">\n<div class=\"mc-column content-text active-extra-styles \" data-block-type=\"unstyled\" data-block-weight=\"52\" data-block-id=\"23\">\n<p class=\"content-text__container \" data-track-category=\"Link no Texto\" data-track-links=\"\">Durante a abordagem, Wemerson confessou que ter matado o pai, o av\u00f4 e a madrasta com golpes de marreta na cabe\u00e7a. Al\u00e9m disso, disse que teria usado drogas e, ap\u00f3s cometer o crime, saiu para beber em uma distribuidora com o outro rapaz do carro, que, segundo ele, n\u00e3o sabia do homic\u00eddio.<\/p>\n<p data-track-category=\"Link no Texto\" data-track-links=\"\">\n<\/div>\n<\/div>\n<div id=\"chunk-5i4hc\">\n<div class=\"mc-column content-text active-extra-styles\" data-block-type=\"raw\" data-block-weight=\"50\" data-block-id=\"24\">\n<p class=\"content-text__container\">\n<blockquote class=\"content-blockquote theme-border-color-primary-before\"><p>&#8220;Chegando ao hotel, a equipe identificou apenas um dos carros do casal, al\u00e9m de anguns vest\u00edgios de sangue no local. A Pol\u00edcia Militar, ent\u00e3o, arrombou a porta e encontrou tr\u00eas corpos. Os corpos do casal estavam em um quarto e o do av\u00f4 estava no quarto ao lado&#8221;, explicou Sandro.<\/p><\/blockquote>\n<\/div>\n<p>&nbsp;<\/p>\n<\/div>\n<div id=\"chunk-2fkdh\">\n<div class=\"mc-column content-text active-extra-styles \" data-block-type=\"unstyled\" data-block-weight=\"23\" data-block-id=\"25\">\n<p class=\"content-text__container \" data-track-category=\"Link no Texto\" data-track-links=\"\">Segundo a Pol\u00edcia Civil, a investiga\u00e7\u00e3o ter\u00e1 continuidade para apurar a participa\u00e7\u00e3o de outras pessoas, o que at\u00e9 o momento n\u00e3o restou evidenciado.<\/p>\n<p data-track-category=\"Link no Texto\" data-track-links=\"\">\n<\/div>\n<\/div>\n<\/div>\n<p>&nbsp;<\/p>\n<p class=\"content-publication-data__from\" title=\"Giovanna Campos, g1 Goi\u00e1s\">Por Giovanna Campos, g1 Goi\u00e1s<\/p>\n","protected":false},"excerpt":{"rendered":"<p>Um homem matou o pai, o av\u00f4 e a madrasta com golpes de marreta, em Urua\u00e7u, no norte goiano. De acordo com o tenente Danilo, da 7\u00aa Companhia Independente da Pol\u00edcia Militar (CIPM), o crime foi cometido na noite desta ter\u00e7a-feira (11) e descoberto nesta quarta-feira (12), quando o suspeito foi preso. O pedreiro que [&hellip;]<\/p>\n","protected":false},"author":5,"featured_media":245248,"comment_status":"closed","ping_status":"closed","sticky":false,"template":"","format":"standard","meta":{"footnotes":""},"categories":[141,38],"tags":[],"class_list":["post-245247","post","type-post","status-publish","format-standard","has-post-thumbnail","hentry","category-goias","category-policia"],"_links":{"self":[{"href":"https:\/\/www.ocorreionews.com.br\/acervo-correio\/index.php?rest_route=\/wp\/v2\/posts\/245247","targetHints":{"allow":["GET"]}}],"collection":[{"href":"https:\/\/www.ocorreionews.com.br\/acervo-correio\/index.php?rest_route=\/wp\/v2\/posts"}],"about":[{"href":"https:\/\/www.ocorreionews.com.br\/acervo-correio\/index.php?rest_route=\/wp\/v2\/types\/post"}],"author":[{"embeddable":true,"href":"https:\/\/www.ocorreionews.com.br\/acervo-correio\/index.php?rest_route=\/wp\/v2\/users\/5"}],"replies":[{"embeddable":true,"href":"https:\/\/www.ocorreionews.com.br\/acervo-correio\/index.php?rest_route=%2Fwp%2Fv2%2Fcomments&post=245247"}],"version-history":[{"count":1,"href":"https:\/\/www.ocorreionews.com.br\/acervo-correio\/index.php?rest_route=\/wp\/v2\/posts\/245247\/revisions"}],"predecessor-version":[{"id":245253,"href":"https:\/\/www.ocorreionews.com.br\/acervo-correio\/index.php?rest_route=\/wp\/v2\/posts\/245247\/revisions\/245253"}],"wp:featuredmedia":[{"embeddable":true,"href":"https:\/\/www.ocorreionews.com.br\/acervo-correio\/index.php?rest_route=\/wp\/v2\/media\/245248"}],"wp:attachment":[{"href":"https:\/\/www.ocorreionews.com.br\/acervo-correio\/index.php?rest_route=%2Fwp%2Fv2%2Fmedia&parent=245247"}],"wp:term":[{"taxonomy":"category","embeddable":true,"href":"https:\/\/www.ocorreionews.com.br\/acervo-correio\/index.php?rest_route=%2Fwp%2Fv2%2Fcategories&post=245247"},{"taxonomy":"post_tag","embeddable":true,"href":"https:\/\/www.ocorreionews.com.br\/acervo-correio\/index.php?rest_route=%2Fwp%2Fv2%2Ftags&post=245247"}],"curies":[{"name":"wp","href":"https:\/\/api.w.org\/{rel}","templated":true}]}}