{"id":245249,"date":"2023-07-13T14:29:12","date_gmt":"2023-07-13T18:29:12","guid":{"rendered":"https:\/\/www.ocorreionews.com.br\/acervo-correio\/?p=245249"},"modified":"2023-07-13T14:29:12","modified_gmt":"2023-07-13T18:29:12","slug":"2o-torneio-de-bocha-trio-os-pioneiros-sera-realizado-dias-22-e-23","status":"publish","type":"post","link":"https:\/\/www.ocorreionews.com.br\/acervo-correio\/?p=245249","title":{"rendered":"2\u00ba Torneio de Bocha Trio \u201cOs Pioneiros\u201d ser\u00e1 realizado dias 22 e 23"},"content":{"rendered":"<p>Os maiores jogadores de Bocha do Brasil, v\u00e3o mostrar todas as suas habilidades em Chapad\u00e3o do Sul, no 2\u00ba Torneio de Bocha Trio \u201cOs Pioneiros\u201d.<\/p>\n<p>O Torneio vai acontecer nos dias 22 e 23 julho, no CTG \u2013 Centro de Tradi\u00e7\u00f5es Ga\u00fachas e ter\u00e1 os nomes das primeiras fam\u00edlias que se instalaram nessa regi\u00e3o: Elo Ramiro, Christovam C. Krug, Augusto Krug (in Memoria) Vit\u00f3rio Tontini (in memoria) e Ant\u00f4nio Assun\u00e7\u00e3o (in memoria).<\/p>\n<p>O torneio ser\u00e1 regido pela Regra Mundial. A competi\u00e7\u00e3o vai envolver 36 trios, de todas as partes do Brasil.<\/p>\n<p>A premia\u00e7\u00e3o ser\u00e1 de R$ 30 mil reais. Veja no cartaz mais detalhes do evento.<\/p>\n<p><img loading=\"lazy\" decoding=\"async\" class=\"alignnone size-full wp-image-245250\" src=\"https:\/\/www.ocorreionews.com.br\/acervo-correio\/wp-content\/uploads\/2023\/07\/2o-troneio-de-bocha.png\" alt=\"\" width=\"666\" height=\"926\" srcset=\"https:\/\/www.ocorreionews.com.br\/acervo-correio\/wp-content\/uploads\/2023\/07\/2o-troneio-de-bocha.png 666w, https:\/\/www.ocorreionews.com.br\/acervo-correio\/wp-content\/uploads\/2023\/07\/2o-troneio-de-bocha-216x300.png 216w\" sizes=\"auto, (max-width: 666px) 100vw, 666px\" \/><\/p>\n","protected":false},"excerpt":{"rendered":"<p>Os maiores jogadores de Bocha do Brasil, v\u00e3o mostrar todas as suas habilidades em Chapad\u00e3o do Sul, no 2\u00ba Torneio de Bocha Trio \u201cOs Pioneiros\u201d. O Torneio vai acontecer nos dias 22 e 23 julho, no CTG \u2013 Centro de Tradi\u00e7\u00f5es Ga\u00fachas e ter\u00e1 os nomes das primeiras fam\u00edlias que se instalaram nessa regi\u00e3o: Elo [&hellip;]<\/p>\n","protected":false},"author":4,"featured_media":245251,"comment_status":"closed","ping_status":"closed","sticky":false,"template":"","format":"standard","meta":{"footnotes":""},"categories":[23,41,29],"tags":[],"class_list":["post-245249","post","type-post","status-publish","format-standard","has-post-thumbnail","hentry","category-chapadao-do-sul","category-destaque","category-esporte"],"_links":{"self":[{"href":"https:\/\/www.ocorreionews.com.br\/acervo-correio\/index.php?rest_route=\/wp\/v2\/posts\/245249","targetHints":{"allow":["GET"]}}],"collection":[{"href":"https:\/\/www.ocorreionews.com.br\/acervo-correio\/index.php?rest_route=\/wp\/v2\/posts"}],"about":[{"href":"https:\/\/www.ocorreionews.com.br\/acervo-correio\/index.php?rest_route=\/wp\/v2\/types\/post"}],"author":[{"embeddable":true,"href":"https:\/\/www.ocorreionews.com.br\/acervo-correio\/index.php?rest_route=\/wp\/v2\/users\/4"}],"replies":[{"embeddable":true,"href":"https:\/\/www.ocorreionews.com.br\/acervo-correio\/index.php?rest_route=%2Fwp%2Fv2%2Fcomments&post=245249"}],"version-history":[{"count":1,"href":"https:\/\/www.ocorreionews.com.br\/acervo-correio\/index.php?rest_route=\/wp\/v2\/posts\/245249\/revisions"}],"predecessor-version":[{"id":245252,"href":"https:\/\/www.ocorreionews.com.br\/acervo-correio\/index.php?rest_route=\/wp\/v2\/posts\/245249\/revisions\/245252"}],"wp:featuredmedia":[{"embeddable":true,"href":"https:\/\/www.ocorreionews.com.br\/acervo-correio\/index.php?rest_route=\/wp\/v2\/media\/245251"}],"wp:attachment":[{"href":"https:\/\/www.ocorreionews.com.br\/acervo-correio\/index.php?rest_route=%2Fwp%2Fv2%2Fmedia&parent=245249"}],"wp:term":[{"taxonomy":"category","embeddable":true,"href":"https:\/\/www.ocorreionews.com.br\/acervo-correio\/index.php?rest_route=%2Fwp%2Fv2%2Fcategories&post=245249"},{"taxonomy":"post_tag","embeddable":true,"href":"https:\/\/www.ocorreionews.com.br\/acervo-correio\/index.php?rest_route=%2Fwp%2Fv2%2Ftags&post=245249"}],"curies":[{"name":"wp","href":"https:\/\/api.w.org\/{rel}","templated":true}]}}