{"id":245268,"date":"2023-07-14T08:10:51","date_gmt":"2023-07-14T12:10:51","guid":{"rendered":"https:\/\/www.ocorreionews.com.br\/acervo-correio\/?p=245268"},"modified":"2023-07-14T13:19:37","modified_gmt":"2023-07-14T17:19:37","slug":"confiram-a-listagem-dos-aprovados-na-primeira-fase-do-curso-tecnico-em-agronegocio","status":"publish","type":"post","link":"https:\/\/www.ocorreionews.com.br\/acervo-correio\/?p=245268","title":{"rendered":"Confira a Lista dos aprovados na primeira fase do Curso T\u00e9cnico em Agroneg\u00f3cio em Chapad\u00e3o do Sul"},"content":{"rendered":"<p>A Escola T\u00e9cnica do Senar\/MS juntamente com o Sindicato Rural de Chapad\u00e3o do Sul,\u00a0 divulgou a lista dos aprovados na primeira fase do Curso T\u00e9cnico em Agroneg\u00f3cio em Chapad\u00e3o do Sul.<\/p>\n<p>&nbsp;<\/p>\n<table>\n<tbody>\n<tr>\n<td width=\"566\">Polo Chapad\u00e3o do Sul &#8211; MS &#8211; Mato Gros so do Sul<\/td>\n<\/tr>\n<tr>\n<td width=\"566\"><\/td>\n<\/tr>\n<tr>\n<td width=\"566\">NOME N\u00daMERO DA INS CRI\u00c7\u00c3O SITUA\u00c7\u00c3O<\/td>\n<\/tr>\n<tr>\n<td width=\"566\">ALEX JOS\u00c9 DA SILVA 2023.2.9860327 Inscri\u00e7\u00e3o V\u00e1lida<\/td>\n<\/tr>\n<tr>\n<td width=\"566\">ALINE RODRIGUES DA SILVA 2023.2.9860153 Inscri\u00e7\u00e3o V\u00e1lida<\/td>\n<\/tr>\n<tr>\n<td width=\"566\">AMANDA GON\u00c7ALVES DA CRUZ 2023.2.9861369 Inscri\u00e7\u00e3o V\u00e1lida<\/td>\n<\/tr>\n<tr>\n<td width=\"566\">ANA FRANCIELE SOUSA PACHECO 2023.2.9859794 Inscri\u00e7\u00e3o V\u00e1lida<\/td>\n<\/tr>\n<tr>\n<td width=\"566\">ANA MARIA MARQUES BENEDITO 2023.2.9860159 Inscri\u00e7\u00e3o V\u00e1lida<\/td>\n<\/tr>\n<tr>\n<td width=\"566\">ANDREA DUARTE DA SILVA MATIAS 2023.2.9860352 Inscri\u00e7\u00e3o V\u00e1lida<\/td>\n<\/tr>\n<tr>\n<td width=\"566\">ANDRESSA PRADO DE SOUZA 2023.2.9859797 Inscri\u00e7\u00e3o V\u00e1lida<\/td>\n<\/tr>\n<tr>\n<td width=\"566\">ARTUR ANTUNES BRITO DE PAULA 2023.2.9859736 Inscri\u00e7\u00e3o V\u00e1lida<\/td>\n<\/tr>\n<tr>\n<td width=\"566\">AURISO LIMA DE OLIVEIRA 2023.2.9859860 Inscri\u00e7\u00e3o V\u00e1lida<\/td>\n<\/tr>\n<tr>\n<td width=\"566\">BARBARA RAFAELA DE OLIVEIRA 2023.2.9859756 Inscri\u00e7\u00e3o V\u00e1lida<\/td>\n<\/tr>\n<tr>\n<td width=\"566\">CLEBERSON ERN 2023.2.9857605 Inscri\u00e7\u00e3o V\u00e1lida<\/td>\n<\/tr>\n<tr>\n<td width=\"566\">DANIARA FERNANDES FRAN\u00c7A 2023.2.9861478 Inscri\u00e7\u00e3o V\u00e1lida<\/td>\n<\/tr>\n<tr>\n<td width=\"566\">EDUARDO PAIOLA 2023.2.9856137 Inscri\u00e7\u00e3o V\u00e1lida<\/td>\n<\/tr>\n<tr>\n<td width=\"566\">FLORISVALDO DA SILVA VITOR 2023.2.9858683 Inscri\u00e7\u00e3o V\u00e1lida<\/td>\n<\/tr>\n<tr>\n<td width=\"566\">FRANCISCO CARDOSO NETO 2023.2.9859916 Inscri\u00e7\u00e3o V\u00e1lida<\/td>\n<\/tr>\n<tr>\n<td width=\"566\">GABRIELLA DE SOUZA SANTANA 2023.2.9859848 Inscri\u00e7\u00e3o V\u00e1lida<\/td>\n<\/tr>\n<tr>\n<td width=\"566\">GERLANE BORGES SORIANO 2023.2.9860398 Inscri\u00e7\u00e3o V\u00e1lida<\/td>\n<\/tr>\n<tr>\n<td width=\"566\">GUTIERRY APARECIDO GARCIA DUTRA 2023.2.9862649 Inscri\u00e7\u00e3o V\u00e1lida<\/td>\n<\/tr>\n<tr>\n<td width=\"566\">HONORATO ISMAEL ALVARENGA 2023.2.9859773 Inscri\u00e7\u00e3o V\u00e1lida<\/td>\n<\/tr>\n<tr>\n<td width=\"566\">IGOR NATANAEL RIBAS 2023.2.9860858 Inscri\u00e7\u00e3o V\u00e1lida<\/td>\n<\/tr>\n<tr>\n<td width=\"566\">IVANEZ MIRANDA 2023.2.9862824 Inscri\u00e7\u00e3o V\u00e1lida<\/td>\n<\/tr>\n<tr>\n<td width=\"566\">IVETE JOSE DE SOUZA 2023.2.9862637 Inscri\u00e7\u00e3o V\u00e1lida<\/td>\n<\/tr>\n<tr>\n<td width=\"566\">IZAEL DOS SANTOS SABINO CORDEIRO 2023.2.9859892 Inscri\u00e7\u00e3o V\u00e1lida<\/td>\n<\/tr>\n<tr>\n<td width=\"566\">JONAS DE SOUZA MEDINA 2023.2.9856559 Inscri\u00e7\u00e3o V\u00e1lida<\/td>\n<\/tr>\n<tr>\n<td width=\"566\">JOS\u00c9 FILHO DUTRA MORAES 2023.2.9863766 Inscri\u00e7\u00e3o V\u00e1lida<\/td>\n<\/tr>\n<tr>\n<td width=\"566\">JOSE WELLINGTON DOS SANTOS FRAGOSO 2023.2.9859767 Inscri\u00e7\u00e3o V\u00e1lida<\/td>\n<\/tr>\n<tr>\n<td width=\"566\"><\/td>\n<\/tr>\n<tr>\n<td width=\"566\">NOME N\u00daMERO DA INS CRI\u00c7\u00c3O SITUA\u00c7\u00c3O<\/td>\n<\/tr>\n<tr>\n<td width=\"566\">KAROLAYNE RICHELLY CAMARGO DIESEL 2023.2.9859746 Inscri\u00e7\u00e3o V\u00e1lida<\/td>\n<\/tr>\n<tr>\n<td width=\"566\">KATIA HENRIQUE SANTOS 2023.2.9860351 Inscri\u00e7\u00e3o V\u00e1lida<\/td>\n<\/tr>\n<tr>\n<td width=\"566\">KATIA JAMILY PEREIRA FORLIN 2023.2.9857240 Inscri\u00e7\u00e3o V\u00e1lida<\/td>\n<\/tr>\n<tr>\n<td width=\"566\">KELLY APARECIDA DOS SANTOS 2023.2.9859740 Inscri\u00e7\u00e3o V\u00e1lida<\/td>\n<\/tr>\n<tr>\n<td width=\"566\">KELLY FERNANDES REIS 2023.2.9859788 Inscri\u00e7\u00e3o V\u00e1lida<\/td>\n<\/tr>\n<tr>\n<td width=\"566\">LAIANE FREITAS GON\u00c7ALVES 2023.2.9859987 Inscri\u00e7\u00e3o V\u00e1lida<\/td>\n<\/tr>\n<tr>\n<td width=\"566\">LARISSA DA SILVA RIBEIRO 2023.2.9860569 Inscri\u00e7\u00e3o V\u00e1lida<\/td>\n<\/tr>\n<tr>\n<td width=\"566\">LAYANE MARI C\u00c2NDIDA MARTINS 2023.2.9862672 Inscri\u00e7\u00e3o V\u00e1lida<\/td>\n<\/tr>\n<tr>\n<td width=\"566\">LUCAS WESLLER DE OLIVEIRA 2023.2.9856485 Inscri\u00e7\u00e3o V\u00e1lida<\/td>\n<\/tr>\n<tr>\n<td width=\"566\">LUDIMILA GARCIA DA SILVA 2023.2.9859906 Inscri\u00e7\u00e3o V\u00e1lida<\/td>\n<\/tr>\n<tr>\n<td width=\"566\">MAIDA DE OLIVEIRA SOUZA 2023.2.9858461 Inscri\u00e7\u00e3o V\u00e1lida<\/td>\n<\/tr>\n<tr>\n<td width=\"566\">MANOEL PEREIRA AGUSTINHO 2023.2.9860310 Inscri\u00e7\u00e3o V\u00e1lida<\/td>\n<\/tr>\n<tr>\n<td width=\"566\">M\u00c1RCIA L\u00daBIA DE FREITAS 2023.2.9862684 Inscri\u00e7\u00e3o V\u00e1lida<\/td>\n<\/tr>\n<tr>\n<td width=\"566\">MARCIO SANCHES MEDEIROS 2023.2.9861163 Inscri\u00e7\u00e3o V\u00e1lida<\/td>\n<\/tr>\n<tr>\n<td width=\"566\">MARIA EDUARDA DOMINGUES DE MENDON\u00c7A 2023.2.9860474 Inscri\u00e7\u00e3o V\u00e1lida<\/td>\n<\/tr>\n<tr>\n<td width=\"566\">MARIA EDUARDA MORRO 2023.2.9861371 Inscri\u00e7\u00e3o V\u00e1lida<\/td>\n<\/tr>\n<tr>\n<td width=\"566\">MARIA IZABELA CALIS PEREIRA 2023.2.9858318 Inscri\u00e7\u00e3o V\u00e1lida<\/td>\n<\/tr>\n<tr>\n<td width=\"566\">MATHEUS PEREIRA ANDRADE 2023.2.9859787 Inscri\u00e7\u00e3o V\u00e1lida<\/td>\n<\/tr>\n<tr>\n<td width=\"566\">MAURICIO GERMANO RODRIGUES JUNIOR 2023.2.9863187 Inscri\u00e7\u00e3o V\u00e1lida<\/td>\n<\/tr>\n<tr>\n<td width=\"566\">MAURICIO VIEIRA BARBOSA 2023.2.9859817 Inscri\u00e7\u00e3o V\u00e1lida<\/td>\n<\/tr>\n<tr>\n<td width=\"566\">MIGUEL PEREIRA AGUSTINHO 2023.2.9858145 Inscri\u00e7\u00e3o V\u00e1lida<\/td>\n<\/tr>\n<tr>\n<td width=\"566\">NAIEF CASSIMIRO DO NASCIMENTO 2023.2.9859819 Inscri\u00e7\u00e3o V\u00e1lida<\/td>\n<\/tr>\n<tr>\n<td width=\"566\">NIVALDO MARTINS DA SILVEIRA 2023.2.9858456 Inscri\u00e7\u00e3o V\u00e1lida<\/td>\n<\/tr>\n<tr>\n<td width=\"566\">PAULO HENRIQUE ALVES DE SOUZA 2023.2.9860011 Inscri\u00e7\u00e3o V\u00e1lida<\/td>\n<\/tr>\n<tr>\n<td width=\"566\">RAFAEL VIEIRA DE SOUZA 2023.2.9863314 Inscri\u00e7\u00e3o V\u00e1lida<\/td>\n<\/tr>\n<tr>\n<td width=\"566\">RAIARA COSTA NUNES 2023.2.9863556 Inscri\u00e7\u00e3o V\u00e1lida<\/td>\n<\/tr>\n<tr>\n<td width=\"566\">RENE WILLIAN FERNANDES DE JESUS 2023.2.9863454 Inscri\u00e7\u00e3o V\u00e1lida<\/td>\n<\/tr>\n<tr>\n<td width=\"566\">RICHARD MARTINS PEREIRA 2023.2.9859771 Inscri\u00e7\u00e3o V\u00e1lida<\/td>\n<\/tr>\n<tr>\n<td width=\"566\">RITAIANE RODRIGUES MARTINS 2023.2.9859823 Inscri\u00e7\u00e3o V\u00e1lida<\/td>\n<\/tr>\n<tr>\n<td width=\"566\">RODRIGO BUHLER DE OLIVEIRA 2023.2.9861740 Inscri\u00e7\u00e3o V\u00e1lida<\/td>\n<\/tr>\n<tr>\n<td width=\"566\">RUBERLEI DA SILVA SANTOS 2023.2.9859826 Inscri\u00e7\u00e3o V\u00e1lida<\/td>\n<\/tr>\n<tr>\n<td width=\"566\">RUTH LORRAINE MATOS DELBONI 2023.2.9860002 Inscri\u00e7\u00e3o V\u00e1lida<\/td>\n<\/tr>\n<tr>\n<td width=\"566\">SABRINA DE MOURA GAUNA 2023.2.9861934 Inscri\u00e7\u00e3o V\u00e1lida<\/td>\n<\/tr>\n<tr>\n<td width=\"566\"><\/td>\n<\/tr>\n<tr>\n<td width=\"566\">NOME N\u00daMERO DA INS CRI\u00c7\u00c3O SITUA\u00c7\u00c3O<\/td>\n<\/tr>\n<tr>\n<td width=\"566\">SARAH NILS DE CARVALHO 2023.2.9860413 Inscri\u00e7\u00e3o V\u00e1lida<\/td>\n<\/tr>\n<tr>\n<td width=\"566\">SERGIO EMANUEL COSTA LUCAS 2023.2.9859828 Inscri\u00e7\u00e3o V\u00e1lida<\/td>\n<\/tr>\n<tr>\n<td width=\"566\">SIMONE DOS REIS DIAS 2023.2.9859743 Inscri\u00e7\u00e3o V\u00e1lida<\/td>\n<\/tr>\n<tr>\n<td width=\"566\">SOLANO LOPES 2023.2.9859863 Inscri\u00e7\u00e3o V\u00e1lida<\/td>\n<\/tr>\n<tr>\n<td width=\"566\">STELA SILVA OLIVEIRA 2023.2.9859800 Inscri\u00e7\u00e3o V\u00e1lida<\/td>\n<\/tr>\n<tr>\n<td width=\"566\">SUELLEN THAYNARA LOPEZ RODRIGUES 2023.2.9859837 Inscri\u00e7\u00e3o V\u00e1lida<\/td>\n<\/tr>\n<tr>\n<td width=\"566\">TAINARA GOMES GUEDES 2023.2.9859760 Inscri\u00e7\u00e3o V\u00e1lida<\/td>\n<\/tr>\n<tr>\n<td width=\"566\">TASSIANA OLIVEIRA DA SILVA 2023.2.9860621 Inscri\u00e7\u00e3o V\u00e1lida<\/td>\n<\/tr>\n<tr>\n<td width=\"566\">THAINA LEMES DA SILVA 2023.2.9863204 Inscri\u00e7\u00e3o V\u00e1lida<\/td>\n<\/tr>\n<tr>\n<td width=\"566\">VALDIR VIEIRA 2023.2.9860146 Inscri\u00e7\u00e3o V\u00e1lida<\/td>\n<\/tr>\n<\/tbody>\n<\/table>\n<p>&nbsp;<\/p>\n<h5>ETAPA II \u2013 CLASSIFICA\u00c7\u00c3O DOS CANDIDATOS<\/h5>\n<p>Etapa de aprova\u00e7\u00e3o dos candidatos.<br \/>\nEste processo \u00e9 definido pelas Regionais do Senar e-Tec, acesse o regulamento classificat\u00f3rio no final desta p\u00e1gina e site da regional do polo escolhido, assim voc\u00ea saber\u00e1 as normas e etapas da classifica\u00e7\u00e3o e se h\u00e1 necessidade de comparecimento presencial.<br \/>\nDuas listagens ser\u00e3o publicadas nesse per\u00edodo:<br \/>\n\u2013 Lista dos Candidatos Classificados (antes dos recursos): ser\u00e1 divulgada no dia 02\/08\/2023.<br \/>\n\u2013 Lista dos Candidatos Aprovados: ser\u00e1 divulgada no dia 07\/08\/2023.<\/p>\n<h5>MATR\u00cdCULA<\/h5>\n<p>Os candidatos aprovados (Lista dos Candidatos Aprovados) dever\u00e3o realizar suas matr\u00edculas presencialmente, entre os dias 07\/08\/2023 (ap\u00f3s as 12h, hor\u00e1rio de Bras\u00edlia) e 12\/08\/2023.<br \/>\nFa\u00e7a um checklist dos documentos obrigat\u00f3rios para apresentar no ato da matr\u00edcula \u2013 originais e fotoc\u00f3pias ou autenticados em cart\u00f3rio.<\/p>\n<p>O Curso de T\u00e9cnico em Agroneg\u00f3cio \u00e9 80% Online (EAD) e 20% presencial onde as aulas ser\u00e3o ministradas no Sindicato Rural de Chapad\u00e3o do Sul.<\/p>\n<h5>O CURSO<\/h5>\n<p>O Curso T\u00e9cnico em Agroneg\u00f3cio organizado pelo SENAR habilita profissionais na execu\u00e7\u00e3o das a\u00e7\u00f5es de gest\u00e3o e de opera\u00e7\u00e3o das cadeias produtivas do agroneg\u00f3cio, de acordo com as boas pr\u00e1ticas agr\u00edcolas, normas t\u00e9cnicas, legisla\u00e7\u00f5es.<\/p>\n<ul>\n<li>Eixo Tecnol\u00f3gico (SETEC\/MEC): Recursos Naturais<\/li>\n<li>Nome do Curso: Curso T\u00e9cnico de N\u00edvel M\u00e9dio em Agroneg\u00f3cio<\/li>\n<li>Habilita\u00e7\u00e3o Profissional: T\u00e9cnico em Agroneg\u00f3cio<\/li>\n<li>N\u00edvel de Ensino: T\u00e9cnico de N\u00edvel M\u00e9dio<\/li>\n<li>Modalidade de Ensino: Ensino a Dist\u00e2ncia (80% online e 20% presencial)<\/li>\n<li>Forma de Oferta: Subsequente (\u00e9 necess\u00e1rio ter o ensino m\u00e9dio completo)<\/li>\n<\/ul>\n<p>Carga Hor\u00e1ria Total: 1.200 horas \u2013 Dura\u00e7\u00e3o do Curso: 2 anos<\/p>\n<p>&nbsp;<\/p>\n","protected":false},"excerpt":{"rendered":"<p>A Escola T\u00e9cnica do Senar\/MS juntamente com o Sindicato Rural de Chapad\u00e3o do Sul,\u00a0 divulgou a lista dos aprovados na primeira fase do Curso T\u00e9cnico em Agroneg\u00f3cio em Chapad\u00e3o do Sul. &nbsp; Polo Chapad\u00e3o do Sul &#8211; MS &#8211; Mato Gros so do Sul NOME N\u00daMERO DA INS CRI\u00c7\u00c3O SITUA\u00c7\u00c3O ALEX JOS\u00c9 DA SILVA 2023.2.9860327 [&hellip;]<\/p>\n","protected":false},"author":4,"featured_media":245275,"comment_status":"closed","ping_status":"closed","sticky":false,"template":"","format":"standard","meta":{"footnotes":""},"categories":[23,41],"tags":[],"class_list":["post-245268","post","type-post","status-publish","format-standard","has-post-thumbnail","hentry","category-chapadao-do-sul","category-destaque"],"_links":{"self":[{"href":"https:\/\/www.ocorreionews.com.br\/acervo-correio\/index.php?rest_route=\/wp\/v2\/posts\/245268","targetHints":{"allow":["GET"]}}],"collection":[{"href":"https:\/\/www.ocorreionews.com.br\/acervo-correio\/index.php?rest_route=\/wp\/v2\/posts"}],"about":[{"href":"https:\/\/www.ocorreionews.com.br\/acervo-correio\/index.php?rest_route=\/wp\/v2\/types\/post"}],"author":[{"embeddable":true,"href":"https:\/\/www.ocorreionews.com.br\/acervo-correio\/index.php?rest_route=\/wp\/v2\/users\/4"}],"replies":[{"embeddable":true,"href":"https:\/\/www.ocorreionews.com.br\/acervo-correio\/index.php?rest_route=%2Fwp%2Fv2%2Fcomments&post=245268"}],"version-history":[{"count":5,"href":"https:\/\/www.ocorreionews.com.br\/acervo-correio\/index.php?rest_route=\/wp\/v2\/posts\/245268\/revisions"}],"predecessor-version":[{"id":245330,"href":"https:\/\/www.ocorreionews.com.br\/acervo-correio\/index.php?rest_route=\/wp\/v2\/posts\/245268\/revisions\/245330"}],"wp:featuredmedia":[{"embeddable":true,"href":"https:\/\/www.ocorreionews.com.br\/acervo-correio\/index.php?rest_route=\/wp\/v2\/media\/245275"}],"wp:attachment":[{"href":"https:\/\/www.ocorreionews.com.br\/acervo-correio\/index.php?rest_route=%2Fwp%2Fv2%2Fmedia&parent=245268"}],"wp:term":[{"taxonomy":"category","embeddable":true,"href":"https:\/\/www.ocorreionews.com.br\/acervo-correio\/index.php?rest_route=%2Fwp%2Fv2%2Fcategories&post=245268"},{"taxonomy":"post_tag","embeddable":true,"href":"https:\/\/www.ocorreionews.com.br\/acervo-correio\/index.php?rest_route=%2Fwp%2Fv2%2Ftags&post=245268"}],"curies":[{"name":"wp","href":"https:\/\/api.w.org\/{rel}","templated":true}]}}