{"id":245274,"date":"2023-07-14T08:08:33","date_gmt":"2023-07-14T12:08:33","guid":{"rendered":"https:\/\/www.ocorreionews.com.br\/acervo-correio\/?p=245274"},"modified":"2023-07-14T08:08:33","modified_gmt":"2023-07-14T12:08:33","slug":"projeto-clube-de-matematica-e-destaque-em-escolas-de-costa-rica","status":"publish","type":"post","link":"https:\/\/www.ocorreionews.com.br\/acervo-correio\/?p=245274","title":{"rendered":"Projeto Clube de Matem\u00e1tica \u00e9 destaque em escolas de Costa Rica"},"content":{"rendered":"<div class=\"ntc_cont_descricao_noticia sw_txteditor\">Na \u00faltima sexta-feira (7), a Secretaria Municipal de Educa\u00e7\u00e3o de Costa Rica (SEMED) realizou a entrega de certificados de participa\u00e7\u00e3o aos alunos que dedicaram tempo e esfor\u00e7o no Projeto Clube de Matem\u00e1tica. O projeto, voltado para alunos dos 6\u00ba e 7\u00ba anos do Ensino Fundamental da Rede Municipal de Ensino, teve dura\u00e7\u00e3o de mar\u00e7o a julho de 2023 e teve como objetivo estimular o interesse e o gosto pela Matem\u00e1tica por meio de atividades l\u00fadicas e desafiadoras.<\/p>\n<p>O Clube de Matem\u00e1tica consiste em encontros semanais no contraturno dos alunos, com dura\u00e7\u00e3o de uma hora cada. Durante esses encontros, os participantes s\u00e3o envolvidos em atividades como jogos de racioc\u00ednio l\u00f3gico e estrat\u00e9gia, desafios matem\u00e1ticos e problemas de l\u00f3gica. Essas atividades t\u00eam como prop\u00f3sito desenvolver habilidades matem\u00e1ticas, incentivar a curiosidade e a criatividade dos participantes.<\/p>\n<p>A primeira edi\u00e7\u00e3o do projeto contou com a participa\u00e7\u00e3o de 15 alunos, que foram atendidos nas depend\u00eancias das Escolas Municipais Francisco Martins Carrijo e da C\u00edvico-Militar Professor Adenocre Alexandre de Morais. Inicialmente desenvolvido em fase de teste, o projeto ser\u00e1 avaliado para definir ajustes e melhorias para as pr\u00f3ximas edi\u00e7\u00f5es.<\/p>\n<p>Ao serem questionados sobre o que pensam sobre essa forma de aprender Matem\u00e1tica, os alunos afirmaram que gostaram, foram desafiados, aprenderam v\u00e1rias coisas e se divertiram. Um dos alunos declarou: &#8220;Eu acho at\u00e9 dif\u00edcil, mas a gente racha a cuca!&#8221;.<\/p>\n<p>Para a secret\u00e1ria de Educa\u00e7\u00e3o, Maria F. Almeida, \u00e9 importante ressaltar que as atividades propostas no projeto s\u00e3o adequadas ao n\u00edvel de conhecimento dos alunos e desafiadoras, estimulando o racioc\u00ednio l\u00f3gico e a resolu\u00e7\u00e3o de problemas matem\u00e1ticos. \u201c\u00c9 vis\u00edvel a satisfa\u00e7\u00e3o e o prazer dos alunos ao conseguir resolver os desafios propostos\u201d, comenta a gestora.<\/p>\n<p>Dentre as atividades que mais gostaram, os alunos citaram os desafios realizados com palitos de f\u00f3sforos, jogos de estrat\u00e9gia, contagem de quadrados e tri\u00e2ngulos em figuras, busca de objetos em imagens, jogo dos sete erros, labirintos e problemas de l\u00f3gica.<\/p>\n<p>A professora J\u00e9ssica Cristina Rodrigues Martins, respons\u00e1vel por desenvolver as atividades do projeto Clube de Matem\u00e1tica, agradeceu o apoio dos pais e respons\u00e1veis e parabenizou os alunos pelo empenho. Ela explicou que as atividades foram propostas com o objetivo de estimular o interesse pela Matem\u00e1tica, mostrando como essa disciplina pode ser divertida e desafiadora. Al\u00e9m disso, preparar os alunos para competi\u00e7\u00f5es de Matem\u00e1tica, como a OBMEP (Olimp\u00edada Brasileira de Matem\u00e1tica das Escolas P\u00fablicas).<\/p>\n<p>&#8220;Acreditamos que o projeto pode contribuir significativamente para o desenvolvimento acad\u00eamico e pessoal dos participantes, tornando-se uma experi\u00eancia enriquecedora e memor\u00e1vel&#8221;, afirmou a professora J\u00e9ssica Cristina Rodrigues Martins.<\/p>\n<p>A Matem\u00e1tica \u00e9 um componente fundamental para o desenvolvimento cognitivo e acad\u00eamico dos alunos. O Clube de Matem\u00e1tica oferece uma oportunidade \u00fanica de aprofundar conhecimentos, desenvolver habilidades e se divertir com a Matem\u00e1tica, contribuindo para a forma\u00e7\u00e3o de cidad\u00e3os mais cr\u00edticos, criativos e aptos a enfrentar os desafios do mundo contempor\u00e2neo. A iniciativa da SEMED em promover o Projeto Clube de Matem\u00e1tica demonstra o compromisso em proporcionar uma educa\u00e7\u00e3o de qualidade e estimular o interesse dos alunos pela disciplina.<\/p><\/div>\n<div class=\"ntc_cont_descricao_noticia sw_txteditor\"><img decoding=\"async\" class=\"imgcentraliza\" src=\"https:\/\/www.costarica.ms.gov.br\/fotos\/2dbbb7f49eb68d14b5a6a62b077b950b.jpg\" alt=\"Foto Noticia Principal Grande\" \/>\n<\/div>\n<div class=\"ntc_area_info_noticia sw_lato\">\n<div>\n<div class=\"ntc_info_noticia\"><strong class=\"sw_lato_black\">Fonte: <\/strong>Assessoria de Comunica\u00e7\u00e3o \/ PMCR,<strong class=\"sw_lato_black\">\u00a0<\/strong>Silvestre de Castro<\/div>\n<\/div>\n<\/div>\n","protected":false},"excerpt":{"rendered":"<p>Na \u00faltima sexta-feira (7), a Secretaria Municipal de Educa\u00e7\u00e3o de Costa Rica (SEMED) realizou a entrega de certificados de participa\u00e7\u00e3o aos alunos que dedicaram tempo e esfor\u00e7o no Projeto Clube de Matem\u00e1tica. O projeto, voltado para alunos dos 6\u00ba e 7\u00ba anos do Ensino Fundamental da Rede Municipal de Ensino, teve dura\u00e7\u00e3o de mar\u00e7o a [&hellip;]<\/p>\n","protected":false},"author":5,"featured_media":245277,"comment_status":"closed","ping_status":"closed","sticky":false,"template":"","format":"standard","meta":{"footnotes":""},"categories":[25],"tags":[],"class_list":["post-245274","post","type-post","status-publish","format-standard","has-post-thumbnail","hentry","category-costa-rica"],"_links":{"self":[{"href":"https:\/\/www.ocorreionews.com.br\/acervo-correio\/index.php?rest_route=\/wp\/v2\/posts\/245274","targetHints":{"allow":["GET"]}}],"collection":[{"href":"https:\/\/www.ocorreionews.com.br\/acervo-correio\/index.php?rest_route=\/wp\/v2\/posts"}],"about":[{"href":"https:\/\/www.ocorreionews.com.br\/acervo-correio\/index.php?rest_route=\/wp\/v2\/types\/post"}],"author":[{"embeddable":true,"href":"https:\/\/www.ocorreionews.com.br\/acervo-correio\/index.php?rest_route=\/wp\/v2\/users\/5"}],"replies":[{"embeddable":true,"href":"https:\/\/www.ocorreionews.com.br\/acervo-correio\/index.php?rest_route=%2Fwp%2Fv2%2Fcomments&post=245274"}],"version-history":[{"count":1,"href":"https:\/\/www.ocorreionews.com.br\/acervo-correio\/index.php?rest_route=\/wp\/v2\/posts\/245274\/revisions"}],"predecessor-version":[{"id":245278,"href":"https:\/\/www.ocorreionews.com.br\/acervo-correio\/index.php?rest_route=\/wp\/v2\/posts\/245274\/revisions\/245278"}],"wp:featuredmedia":[{"embeddable":true,"href":"https:\/\/www.ocorreionews.com.br\/acervo-correio\/index.php?rest_route=\/wp\/v2\/media\/245277"}],"wp:attachment":[{"href":"https:\/\/www.ocorreionews.com.br\/acervo-correio\/index.php?rest_route=%2Fwp%2Fv2%2Fmedia&parent=245274"}],"wp:term":[{"taxonomy":"category","embeddable":true,"href":"https:\/\/www.ocorreionews.com.br\/acervo-correio\/index.php?rest_route=%2Fwp%2Fv2%2Fcategories&post=245274"},{"taxonomy":"post_tag","embeddable":true,"href":"https:\/\/www.ocorreionews.com.br\/acervo-correio\/index.php?rest_route=%2Fwp%2Fv2%2Ftags&post=245274"}],"curies":[{"name":"wp","href":"https:\/\/api.w.org\/{rel}","templated":true}]}}