{"id":245276,"date":"2023-07-14T08:23:50","date_gmt":"2023-07-14T12:23:50","guid":{"rendered":"https:\/\/www.ocorreionews.com.br\/acervo-correio\/?p=245276"},"modified":"2023-07-14T08:23:50","modified_gmt":"2023-07-14T12:23:50","slug":"pm-de-costa-rica-prende-homem-por-descumprir-medida-protetiva","status":"publish","type":"post","link":"https:\/\/www.ocorreionews.com.br\/acervo-correio\/?p=245276","title":{"rendered":"PM de Costa Rica prende homem por descumprir medida protetiva"},"content":{"rendered":"<p>Um homem de 34 anos foi preso por descumprir medida protetiva que sua ex tinha contra ele e ele usava tornozeleira eletr\u00f4nica por este motivo, em Costa Rica.<\/p>\n<p>De acordo com Boletim de Ocorr\u00eancia, no inicio da tarde desta quinta-feira (13), a Pol\u00edcia Militar de Costa Rica, tomaram ci\u00eancia de um mandado de pris\u00e3o frente a um indiv\u00edduo com tornozeleira eletr\u00f4nica que havia descumprimento medida protetiva frente sua ex companheira, inclusive sendo esse o motivo de estar com a tornozeleira.<\/p>\n<p>Foram feitos levantamentos pelos agentes de intelig\u00eancia da 4\u00aaCIPM, sendo poss\u00edvel sua localiza\u00e7\u00e3o e sua pris\u00e3o em uma resid\u00eancia na Rua Senhorinha C\u00e2ndido Rodrigues, sendo feito a revista e entrevista, momento em que foi dada voz de pris\u00e3o e ele foi conduzido at\u00e9 a Delegacia de Policia.<\/p>\n","protected":false},"excerpt":{"rendered":"<p>Um homem de 34 anos foi preso por descumprir medida protetiva que sua ex tinha contra ele e ele usava tornozeleira eletr\u00f4nica por este motivo, em Costa Rica. De acordo com Boletim de Ocorr\u00eancia, no inicio da tarde desta quinta-feira (13), a Pol\u00edcia Militar de Costa Rica, tomaram ci\u00eancia de um mandado de pris\u00e3o frente [&hellip;]<\/p>\n","protected":false},"author":5,"featured_media":228558,"comment_status":"closed","ping_status":"closed","sticky":false,"template":"","format":"standard","meta":{"footnotes":""},"categories":[25,38],"tags":[],"class_list":["post-245276","post","type-post","status-publish","format-standard","has-post-thumbnail","hentry","category-costa-rica","category-policia"],"_links":{"self":[{"href":"https:\/\/www.ocorreionews.com.br\/acervo-correio\/index.php?rest_route=\/wp\/v2\/posts\/245276","targetHints":{"allow":["GET"]}}],"collection":[{"href":"https:\/\/www.ocorreionews.com.br\/acervo-correio\/index.php?rest_route=\/wp\/v2\/posts"}],"about":[{"href":"https:\/\/www.ocorreionews.com.br\/acervo-correio\/index.php?rest_route=\/wp\/v2\/types\/post"}],"author":[{"embeddable":true,"href":"https:\/\/www.ocorreionews.com.br\/acervo-correio\/index.php?rest_route=\/wp\/v2\/users\/5"}],"replies":[{"embeddable":true,"href":"https:\/\/www.ocorreionews.com.br\/acervo-correio\/index.php?rest_route=%2Fwp%2Fv2%2Fcomments&post=245276"}],"version-history":[{"count":2,"href":"https:\/\/www.ocorreionews.com.br\/acervo-correio\/index.php?rest_route=\/wp\/v2\/posts\/245276\/revisions"}],"predecessor-version":[{"id":245290,"href":"https:\/\/www.ocorreionews.com.br\/acervo-correio\/index.php?rest_route=\/wp\/v2\/posts\/245276\/revisions\/245290"}],"wp:featuredmedia":[{"embeddable":true,"href":"https:\/\/www.ocorreionews.com.br\/acervo-correio\/index.php?rest_route=\/wp\/v2\/media\/228558"}],"wp:attachment":[{"href":"https:\/\/www.ocorreionews.com.br\/acervo-correio\/index.php?rest_route=%2Fwp%2Fv2%2Fmedia&parent=245276"}],"wp:term":[{"taxonomy":"category","embeddable":true,"href":"https:\/\/www.ocorreionews.com.br\/acervo-correio\/index.php?rest_route=%2Fwp%2Fv2%2Fcategories&post=245276"},{"taxonomy":"post_tag","embeddable":true,"href":"https:\/\/www.ocorreionews.com.br\/acervo-correio\/index.php?rest_route=%2Fwp%2Fv2%2Ftags&post=245276"}],"curies":[{"name":"wp","href":"https:\/\/api.w.org\/{rel}","templated":true}]}}