{"id":245281,"date":"2023-07-14T08:21:26","date_gmt":"2023-07-14T12:21:26","guid":{"rendered":"https:\/\/www.ocorreionews.com.br\/acervo-correio\/?p=245281"},"modified":"2023-07-14T08:57:22","modified_gmt":"2023-07-14T12:57:22","slug":"promovido-pelo-executivo-municipal-curso-administracao-financeira-no-comercio-e-concluido-com-sucesso","status":"publish","type":"post","link":"https:\/\/www.ocorreionews.com.br\/acervo-correio\/?p=245281","title":{"rendered":"Promovido pelo Executivo Municipal, curso &#8220;Administra\u00e7\u00e3o Financeira no Com\u00e9rcio&#8221; \u00e9 conclu\u00eddo com sucesso"},"content":{"rendered":"<p>Com grande \u00eaxito, foi conclu\u00eddo o curso de Administra\u00e7\u00e3o Financeira no Com\u00e9rcio promovido pela Prefeitura de Chapad\u00e3o do Sul, por meio da SEDEMA (Secretaria de Desenvolvimento Econ\u00f4mico e Meio Ambiente), em parceria com o SENAC e a ACE (Associa\u00e7\u00e3o Comercial Empresarial). Essa capacita\u00e7\u00e3o, destinada tanto aos empreendedores locais quanto aos colaboradores do com\u00e9rcio e empresas locais, revelou-se fundamental para impulsionar o sucesso dos pequenos neg\u00f3cios do munic\u00edpio.<\/p>\n<p>O objetivo principal do curso foi fornecer aos participantes as ferramentas necess\u00e1rias para aprimorar a gest\u00e3o financeira de seus empreendimentos, com foco especial na verifica\u00e7\u00e3o das opera\u00e7\u00f5es de venda, prazos, estrat\u00e9gias de recebimento e pagamento, e defini\u00e7\u00e3o do ciclo operacional. Desde o controle de receitas e despesas at\u00e9 a gest\u00e3o eficiente do capital de giro, as pr\u00e1ticas financeiras s\u00f3lidas s\u00e3o essenciais para garantir a sustentabilidade financeira a longo prazo.<\/p>\n<p>Durante o curso, foram abordados temas como a fun\u00e7\u00e3o financeira nas empresas, estrutura de capital, administra\u00e7\u00e3o do capital de giro, demonstrativos financeiros e an\u00e1lise das demonstra\u00e7\u00f5es financeiras. Esses conhecimentos fornecem uma base s\u00f3lida para a tomada de decis\u00f5es financeiras estrat\u00e9gicas e impulsionam o crescimento sustent\u00e1vel dos neg\u00f3cios.<\/p>\n<p>As aulas foram realizadas entre os dias 26 de junho a 5 de julho, na sala de treinamentos da rodovi\u00e1ria, no per\u00edodo noturno, das 18h \u00e0s 22h. Esse curso faz parte do Plano Municipal de Qualifica\u00e7\u00e3o e Gest\u00e3o, que tem como meta realizar mais de 80 cursos e qualifica\u00e7\u00f5es ao longo de 2023. O Plano busca promover uma educa\u00e7\u00e3o inclusiva, equitativa e de excel\u00eancia, facilitando a inser\u00e7\u00e3o das pessoas no mercado de trabalho, estimulando a cria\u00e7\u00e3o de empregos, o crescimento da renda e o fortalecimento do empreendedorismo local.<\/p>\n<p>Para aqueles interessados em futuros cursos promovidos pelo Executivo Municipal, basta fazer a pr\u00e9-inscri\u00e7\u00e3o atrav\u00e9s do link: <a href=\"https:\/\/linktr.ee\/sedema.online\" target=\"_blank\" rel=\"noopener\">https:\/\/linktr.ee\/sedema.online<\/a>. Para obter mais informa\u00e7\u00f5es sobre os pr\u00f3ximos cursos, entre em contato conosco atrav\u00e9s do link: <a href=\"https:\/\/wa.me\/5567996183431\" target=\"_blank\" rel=\"noopener\">https:\/\/wa.me\/5567996183431<\/a> ou pelo telefone fixo: (67) 3562-5672. Tamb\u00e9m estamos dispon\u00edveis para atendimento presencial na Av. 11 n\u00b0 1045, Centro \u2013 Pa\u00e7o Municipal. Prefeitura de Chapad\u00e3o do Sul \u2013 Trabalhando por nossa gente.<\/p>\n","protected":false},"excerpt":{"rendered":"<p>Com grande \u00eaxito, foi conclu\u00eddo o curso de Administra\u00e7\u00e3o Financeira no Com\u00e9rcio promovido pela Prefeitura de Chapad\u00e3o do Sul, por meio da SEDEMA (Secretaria de Desenvolvimento Econ\u00f4mico e Meio Ambiente), em parceria com o SENAC e a ACE (Associa\u00e7\u00e3o Comercial Empresarial). Essa capacita\u00e7\u00e3o, destinada tanto aos empreendedores locais quanto aos colaboradores do com\u00e9rcio e empresas [&hellip;]<\/p>\n","protected":false},"author":4,"featured_media":245282,"comment_status":"closed","ping_status":"closed","sticky":false,"template":"","format":"standard","meta":{"footnotes":""},"categories":[23],"tags":[],"class_list":["post-245281","post","type-post","status-publish","format-standard","has-post-thumbnail","hentry","category-chapadao-do-sul"],"_links":{"self":[{"href":"https:\/\/www.ocorreionews.com.br\/acervo-correio\/index.php?rest_route=\/wp\/v2\/posts\/245281","targetHints":{"allow":["GET"]}}],"collection":[{"href":"https:\/\/www.ocorreionews.com.br\/acervo-correio\/index.php?rest_route=\/wp\/v2\/posts"}],"about":[{"href":"https:\/\/www.ocorreionews.com.br\/acervo-correio\/index.php?rest_route=\/wp\/v2\/types\/post"}],"author":[{"embeddable":true,"href":"https:\/\/www.ocorreionews.com.br\/acervo-correio\/index.php?rest_route=\/wp\/v2\/users\/4"}],"replies":[{"embeddable":true,"href":"https:\/\/www.ocorreionews.com.br\/acervo-correio\/index.php?rest_route=%2Fwp%2Fv2%2Fcomments&post=245281"}],"version-history":[{"count":1,"href":"https:\/\/www.ocorreionews.com.br\/acervo-correio\/index.php?rest_route=\/wp\/v2\/posts\/245281\/revisions"}],"predecessor-version":[{"id":245285,"href":"https:\/\/www.ocorreionews.com.br\/acervo-correio\/index.php?rest_route=\/wp\/v2\/posts\/245281\/revisions\/245285"}],"wp:featuredmedia":[{"embeddable":true,"href":"https:\/\/www.ocorreionews.com.br\/acervo-correio\/index.php?rest_route=\/wp\/v2\/media\/245282"}],"wp:attachment":[{"href":"https:\/\/www.ocorreionews.com.br\/acervo-correio\/index.php?rest_route=%2Fwp%2Fv2%2Fmedia&parent=245281"}],"wp:term":[{"taxonomy":"category","embeddable":true,"href":"https:\/\/www.ocorreionews.com.br\/acervo-correio\/index.php?rest_route=%2Fwp%2Fv2%2Fcategories&post=245281"},{"taxonomy":"post_tag","embeddable":true,"href":"https:\/\/www.ocorreionews.com.br\/acervo-correio\/index.php?rest_route=%2Fwp%2Fv2%2Ftags&post=245281"}],"curies":[{"name":"wp","href":"https:\/\/api.w.org\/{rel}","templated":true}]}}