{"id":245283,"date":"2023-07-14T08:22:46","date_gmt":"2023-07-14T12:22:46","guid":{"rendered":"https:\/\/www.ocorreionews.com.br\/acervo-correio\/?p=245283"},"modified":"2023-07-14T08:22:46","modified_gmt":"2023-07-14T12:22:46","slug":"policia-civil-prende-autor-de-fraudes-eletronicas-em-costa-rica","status":"publish","type":"post","link":"https:\/\/www.ocorreionews.com.br\/acervo-correio\/?p=245283","title":{"rendered":"Pol\u00edcia Civil prende autor de fraudes eletr\u00f4nicas em Costa Rica"},"content":{"rendered":"<p>Na \u00faltima quarta-feira, 12 de julho de 2023, a Pol\u00edcia Civil, por meio da Se\u00e7\u00e3o de Investiga\u00e7\u00f5es Gerais (SIG) da Delegacia de Pol\u00edcia de Costa Rica-MS, deflagrou a Opera\u00e7\u00e3o Fio Virtual, que culminou na pris\u00e3o de um autor de fraudes eletr\u00f4nicas. A investiga\u00e7\u00e3o, conduzida pelo n\u00facleo de intelig\u00eancia, identificou o respons\u00e1vel pelos delitos, que tamb\u00e9m teria feito outras v\u00edtimas em diferentes munic\u00edpios do estado.<\/p>\n<p>Ap\u00f3s um meticuloso trabalho de apura\u00e7\u00e3o, a autoridade policial solicitou a pris\u00e3o preventiva e a expedi\u00e7\u00e3o de mandado de busca e apreens\u00e3o para o endere\u00e7o do autor. As requisi\u00e7\u00f5es foram deferidas pelo poder judici\u00e1rio, permitindo a ado\u00e7\u00e3o de medidas para coibir a pr\u00e1tica criminosa e reunir evid\u00eancias adicionais.<\/p>\n<p>Contando com o apoio da Delegacia de Pol\u00edcia Civil de Inoc\u00eancia-MS, os mandados de pris\u00e3o e busca e apreens\u00e3o foram cumpridos com \u00eaxito. O indiv\u00edduo respons\u00e1vel pelas fraudes eletr\u00f4nicas foi detido e encaminhado \u00e0 Delegacia de Pol\u00edcia de Costa Rica, onde ser\u00e3o formalizados os procedimentos legais cab\u00edveis.<\/p>\n<p>A escolha do nome &#8220;Fio Virtual&#8221; para a opera\u00e7\u00e3o se deve ao modus operandi utilizado pelo autor, que se aproveitava do ambiente virtual para realizar as fraudes. Essa designa\u00e7\u00e3o busca ilustrar a conex\u00e3o entre o meio digital e o rastro deixado pelo criminoso, facilitando sua identifica\u00e7\u00e3o e responsabiliza\u00e7\u00e3o.<\/p>\n<p>&nbsp;<\/p>\n<p>MS Todo Dia, com informa\u00e7\u00f5es da Pol\u00edcia Civil<\/p>\n","protected":false},"excerpt":{"rendered":"<p>Na \u00faltima quarta-feira, 12 de julho de 2023, a Pol\u00edcia Civil, por meio da Se\u00e7\u00e3o de Investiga\u00e7\u00f5es Gerais (SIG) da Delegacia de Pol\u00edcia de Costa Rica-MS, deflagrou a Opera\u00e7\u00e3o Fio Virtual, que culminou na pris\u00e3o de um autor de fraudes eletr\u00f4nicas. A investiga\u00e7\u00e3o, conduzida pelo n\u00facleo de intelig\u00eancia, identificou o respons\u00e1vel pelos delitos, que tamb\u00e9m [&hellip;]<\/p>\n","protected":false},"author":5,"featured_media":245284,"comment_status":"closed","ping_status":"closed","sticky":false,"template":"","format":"standard","meta":{"footnotes":""},"categories":[25,38],"tags":[],"class_list":["post-245283","post","type-post","status-publish","format-standard","has-post-thumbnail","hentry","category-costa-rica","category-policia"],"_links":{"self":[{"href":"https:\/\/www.ocorreionews.com.br\/acervo-correio\/index.php?rest_route=\/wp\/v2\/posts\/245283","targetHints":{"allow":["GET"]}}],"collection":[{"href":"https:\/\/www.ocorreionews.com.br\/acervo-correio\/index.php?rest_route=\/wp\/v2\/posts"}],"about":[{"href":"https:\/\/www.ocorreionews.com.br\/acervo-correio\/index.php?rest_route=\/wp\/v2\/types\/post"}],"author":[{"embeddable":true,"href":"https:\/\/www.ocorreionews.com.br\/acervo-correio\/index.php?rest_route=\/wp\/v2\/users\/5"}],"replies":[{"embeddable":true,"href":"https:\/\/www.ocorreionews.com.br\/acervo-correio\/index.php?rest_route=%2Fwp%2Fv2%2Fcomments&post=245283"}],"version-history":[{"count":1,"href":"https:\/\/www.ocorreionews.com.br\/acervo-correio\/index.php?rest_route=\/wp\/v2\/posts\/245283\/revisions"}],"predecessor-version":[{"id":245286,"href":"https:\/\/www.ocorreionews.com.br\/acervo-correio\/index.php?rest_route=\/wp\/v2\/posts\/245283\/revisions\/245286"}],"wp:featuredmedia":[{"embeddable":true,"href":"https:\/\/www.ocorreionews.com.br\/acervo-correio\/index.php?rest_route=\/wp\/v2\/media\/245284"}],"wp:attachment":[{"href":"https:\/\/www.ocorreionews.com.br\/acervo-correio\/index.php?rest_route=%2Fwp%2Fv2%2Fmedia&parent=245283"}],"wp:term":[{"taxonomy":"category","embeddable":true,"href":"https:\/\/www.ocorreionews.com.br\/acervo-correio\/index.php?rest_route=%2Fwp%2Fv2%2Fcategories&post=245283"},{"taxonomy":"post_tag","embeddable":true,"href":"https:\/\/www.ocorreionews.com.br\/acervo-correio\/index.php?rest_route=%2Fwp%2Fv2%2Ftags&post=245283"}],"curies":[{"name":"wp","href":"https:\/\/api.w.org\/{rel}","templated":true}]}}