{"id":245291,"date":"2023-07-14T08:49:53","date_gmt":"2023-07-14T12:49:53","guid":{"rendered":"https:\/\/www.ocorreionews.com.br\/acervo-correio\/?p=245291"},"modified":"2023-07-14T08:49:53","modified_gmt":"2023-07-14T12:49:53","slug":"ms-registra-sensacao-termica-de-2oc-na-madrugada","status":"publish","type":"post","link":"https:\/\/www.ocorreionews.com.br\/acervo-correio\/?p=245291","title":{"rendered":"MS registra sensa\u00e7\u00e3o t\u00e9rmica de 2\u00baC na madrugada"},"content":{"rendered":"<p>A temperatura m\u00ednima registra nesta madrugada gelada em Mato Grosso do Sul foi de 5,6\u00baC. Os menores \u00edndices foram registrados nos munic\u00edpios de Rio Brilhante, com 5,6\u00baC, e Sete Quedas, com 6,6\u00baC, onde a sensa\u00e7\u00e3o t\u00e9rmica chegou aos 2\u00baC. Campo Grande chegou aos 8,5\u00baC com sensa\u00e7\u00e3o de 5\u00baC.<\/p>\n<p>Outras m\u00ednimas desta sexta-feira foram de 7,3\u00baC em Ponta Por\u00e3, 7,8\u00baC em Rio Brilhante, 7,9\u00baC em Iguatemi, 8,3\u00baC em Itaquira\u00ed, 8,6\u00baC em Dourados, 8,7\u00baC em Paranhos, 8,8\u00baC em Amambai, 9,4\u00baC em Caarap\u00f3, 10,2\u00baC em Tr\u00eas Lagoas e 12,4\u00baC em Corumb\u00e1. N\u00e3o h\u00e1 registro de geadas. As informa\u00e7\u00f5es s\u00e3o do meteorologista Nat\u00e1lio Abrah\u00e3o e da Embrapa. Os \u00edndices podem sofrer altera\u00e7\u00f5es conforme as atualiza\u00e7\u00f5es das bases meteorol\u00f3gicas.<\/p>\n<p>O Inmet (Instituto Nacional de Meteorologia) indica que as temperaturas devem permanecer baixas ao longo do dia. As m\u00e1ximas n\u00e3o devem passar dos 19\u00baC em Campo Grande e Dourados, 17\u00baC em Sete Quedas, 18\u00baC em Ponta Por\u00e3 e Itaquira\u00ed, 20\u00baC em Bonito, 21\u00baC em Tr\u00eas Lagoas, 22\u00baC em Corumb\u00e1 e 24\u00baC em Coxim.<\/p>\n<p>A meteorologia indica que apesar do frio, a sexta-feira deve ser de sol, com varia\u00e7\u00e3o de nebulosidade, em todo o Estado.<\/p>\n<p>Parte do Estado ainda est\u00e1 em alerta para vendaval. As rajadas de vento podem chegar aos 60 km por hora em \u00c1gua Clara, Alcin\u00f3polis, Anauril\u00e2ndia, Aparecida do Taboado, Aquidauana, Bandeirantes, Bataguassu, Bataypor\u00e3, Brasil\u00e2ndia, Camapu\u00e3, Campo Grande, Cassil\u00e2ndia, Chapad\u00e3o do Sul, Corguinho, Corumb\u00e1, Costa Rica, Coxim, Figueir\u00e3o, Inoc\u00eancia, Jaraguari, Nova Alvorada do Sul, Nova Andradina, Para\u00edso das \u00c1guas, Parana\u00edba, Pedro Gomes, Ribas do Rio Pardo, Rio Negro, Rio Verde de Mato Grosso, Rochedo, Santa Rita do Pardo, S\u00e3o Gabriel do Oeste, Selv\u00edria, Sonora, Terenos e Tr\u00eas Lagoas.<\/p>\n<p>Para s\u00e1bado, o sol deve predominar, mas ainda com frio pela manh\u00e3. Algumas das m\u00ednimas previstas s\u00e3o de 9\u00baC em Campo Grande, 7\u00baC em Dourados, 8\u00baC em Ponta Por\u00e3 e Tr\u00eas Lagoas, 10\u00baC em Bonito, 12\u00baC em Coxim e Porto Murtinho, e 13\u00baC em Corumb\u00e1. Ainda no s\u00e1bado, os term\u00f4metros j\u00e1 podem chegar aos 30\u00baC, conforme previs\u00e3o para Coxim, e 32\u00baC no domingo em Corumb\u00e1.<\/p>\n<p>Quem mora em Campo Grande ainda deve ter uma manh\u00e3 de domingo mais fria, com m\u00ednima de 16\u00baC, e a temperatura poder\u00e1 passar dos 30\u00baC j\u00e1 no in\u00edcio da pr\u00f3xima semana.<\/p>\n<p>O volume de chuva das \u00faltimas 24 horas no Estado foi de 28 mil\u00edmetros em S\u00e3o Gabriel do Oeste, 24 mm em Rio Verde de Mato Grosso, 12,6 mm em Rochedo, 12,2 mm em Corguinho, 11,6 mm em Corumb\u00e1, 8,8 mm em Coxim, 5,4 mm em Campo Grande e Corumb\u00e1, 3,2 mm em Tr\u00eas Lagoas, 0,4 mm em Dois Irm\u00e3os do Buriti e 0,2 mm em Itaquira\u00ed. Segundo o meteorologista Nat\u00e1lio Abrah\u00e3o, n\u00e3o chove mais no Estado neste m\u00eas.<\/p>\n<p>&nbsp;<\/p>\n<p>&nbsp;<\/p>\n<p>Por Gabriel Neris e Helio de Freitas &#8211; CAMPO GRANDE NEWS<\/p>\n","protected":false},"excerpt":{"rendered":"<p>A temperatura m\u00ednima registra nesta madrugada gelada em Mato Grosso do Sul foi de 5,6\u00baC. Os menores \u00edndices foram registrados nos munic\u00edpios de Rio Brilhante, com 5,6\u00baC, e Sete Quedas, com 6,6\u00baC, onde a sensa\u00e7\u00e3o t\u00e9rmica chegou aos 2\u00baC. Campo Grande chegou aos 8,5\u00baC com sensa\u00e7\u00e3o de 5\u00baC. Outras m\u00ednimas desta sexta-feira foram de 7,3\u00baC [&hellip;]<\/p>\n","protected":false},"author":5,"featured_media":144511,"comment_status":"closed","ping_status":"closed","sticky":false,"template":"","format":"standard","meta":{"footnotes":""},"categories":[144],"tags":[],"class_list":["post-245291","post","type-post","status-publish","format-standard","has-post-thumbnail","hentry","category-meio-ambiente"],"_links":{"self":[{"href":"https:\/\/www.ocorreionews.com.br\/acervo-correio\/index.php?rest_route=\/wp\/v2\/posts\/245291","targetHints":{"allow":["GET"]}}],"collection":[{"href":"https:\/\/www.ocorreionews.com.br\/acervo-correio\/index.php?rest_route=\/wp\/v2\/posts"}],"about":[{"href":"https:\/\/www.ocorreionews.com.br\/acervo-correio\/index.php?rest_route=\/wp\/v2\/types\/post"}],"author":[{"embeddable":true,"href":"https:\/\/www.ocorreionews.com.br\/acervo-correio\/index.php?rest_route=\/wp\/v2\/users\/5"}],"replies":[{"embeddable":true,"href":"https:\/\/www.ocorreionews.com.br\/acervo-correio\/index.php?rest_route=%2Fwp%2Fv2%2Fcomments&post=245291"}],"version-history":[{"count":1,"href":"https:\/\/www.ocorreionews.com.br\/acervo-correio\/index.php?rest_route=\/wp\/v2\/posts\/245291\/revisions"}],"predecessor-version":[{"id":245297,"href":"https:\/\/www.ocorreionews.com.br\/acervo-correio\/index.php?rest_route=\/wp\/v2\/posts\/245291\/revisions\/245297"}],"wp:featuredmedia":[{"embeddable":true,"href":"https:\/\/www.ocorreionews.com.br\/acervo-correio\/index.php?rest_route=\/wp\/v2\/media\/144511"}],"wp:attachment":[{"href":"https:\/\/www.ocorreionews.com.br\/acervo-correio\/index.php?rest_route=%2Fwp%2Fv2%2Fmedia&parent=245291"}],"wp:term":[{"taxonomy":"category","embeddable":true,"href":"https:\/\/www.ocorreionews.com.br\/acervo-correio\/index.php?rest_route=%2Fwp%2Fv2%2Fcategories&post=245291"},{"taxonomy":"post_tag","embeddable":true,"href":"https:\/\/www.ocorreionews.com.br\/acervo-correio\/index.php?rest_route=%2Fwp%2Fv2%2Ftags&post=245291"}],"curies":[{"name":"wp","href":"https:\/\/api.w.org\/{rel}","templated":true}]}}