{"id":245292,"date":"2023-07-14T08:48:53","date_gmt":"2023-07-14T12:48:53","guid":{"rendered":"https:\/\/www.ocorreionews.com.br\/acervo-correio\/?p=245292"},"modified":"2023-07-14T08:48:53","modified_gmt":"2023-07-14T12:48:53","slug":"motorista-desvia-de-buraco-e-carreta-com-soja-capota-na-br-267-em-ms","status":"publish","type":"post","link":"https:\/\/www.ocorreionews.com.br\/acervo-correio\/?p=245292","title":{"rendered":"Motorista desvia de buraco e carreta com soja capota na BR-267 em MS"},"content":{"rendered":"<p>Ao tentar desviar de um buraco, motorista perdeu o controle da dire\u00e7\u00e3o e a carreta acabou capotando na BR-267, pr\u00f3ximo \u00e0 Serra de Porto Murtinho, cidade a 431 km de Campo Grande. O acidente ocorreu na noite desta quinta-feira (13) e resultou em ferimentos leves no condutor.<\/p>\n<p>De acordo com as informa\u00e7\u00f5es do site Jardim MS News, o motorista seguia com a esposa e o filho pequeno no ve\u00edculo bitrem, a caminho de Porto Murtinho, onde iria descarregar a soja.<\/p>\n<figure style=\"width: 719px\" class=\"wp-caption aligncenter\"><img loading=\"lazy\" decoding=\"async\" class=\"img-fluid\" src=\"https:\/\/cdn6.campograndenews.com.br\/uploads\/noticias\/2023\/07\/14\/3gi5thl9pqsko.jpg\" sizes=\"auto, (min-width: 1024px) calc(.5 * (100vw - 21.875em)), 100vw\" srcset=\"https:\/\/cdn6.campograndenews.com.br\/uploads\/noticias\/2023\/07\/14\/3jkv0c5280ao8.jpg 1024w, https:\/\/cdn6.campograndenews.com.br\/uploads\/noticias\/2023\/07\/14\/229jumox6hs0s.jpg 640w, https:\/\/cdn6.campograndenews.com.br\/uploads\/noticias\/2023\/07\/14\/3gi5thl9pqsko.jpg 320w\" alt=\"Militares prestando socorro ao condutor da carreta. (Foto: Jardim MS News)\" width=\"719\" height=\"479\" \/><figcaption class=\"wp-caption-text\">Militares prestando socorro ao condutor da carreta. (Foto: Jardim MS News)<\/figcaption><\/figure>\n<p>&nbsp;<\/p>\n<p>Contudo, no trajeto, um grande buraco fez com que ele desviasse, causando a capotagem no acostamento. Uma ambul\u00e2ncia do Ex\u00e9rcito estava passando pelo local no momento e prestou atendimento \u00e0s v\u00edtimas. Apenas o condutor precisou ser levado ao hospital.<\/p>\n<p>O acidente ocorreu na regi\u00e3o conhecida como &#8220;Serra do Ruizinho&#8221;, onde, na \u00faltima semana, outra carreta tamb\u00e9m carregada com gr\u00e3os tombou. Motoristas que trafegam pela regi\u00e3o t\u00eam manifestado preocupa\u00e7\u00e3o e solicitado medidas urgentes para reparos na rodovia.<\/p>\n<p>&nbsp;<\/p>\n<p>Por Dayene Paz &#8211; CAMPO GRANDE NEWS<\/p>\n","protected":false},"excerpt":{"rendered":"<p>Ao tentar desviar de um buraco, motorista perdeu o controle da dire\u00e7\u00e3o e a carreta acabou capotando na BR-267, pr\u00f3ximo \u00e0 Serra de Porto Murtinho, cidade a 431 km de Campo Grande. O acidente ocorreu na noite desta quinta-feira (13) e resultou em ferimentos leves no condutor. De acordo com as informa\u00e7\u00f5es do site Jardim [&hellip;]<\/p>\n","protected":false},"author":5,"featured_media":245294,"comment_status":"closed","ping_status":"closed","sticky":false,"template":"","format":"standard","meta":{"footnotes":""},"categories":[38],"tags":[],"class_list":["post-245292","post","type-post","status-publish","format-standard","has-post-thumbnail","hentry","category-policia"],"_links":{"self":[{"href":"https:\/\/www.ocorreionews.com.br\/acervo-correio\/index.php?rest_route=\/wp\/v2\/posts\/245292","targetHints":{"allow":["GET"]}}],"collection":[{"href":"https:\/\/www.ocorreionews.com.br\/acervo-correio\/index.php?rest_route=\/wp\/v2\/posts"}],"about":[{"href":"https:\/\/www.ocorreionews.com.br\/acervo-correio\/index.php?rest_route=\/wp\/v2\/types\/post"}],"author":[{"embeddable":true,"href":"https:\/\/www.ocorreionews.com.br\/acervo-correio\/index.php?rest_route=\/wp\/v2\/users\/5"}],"replies":[{"embeddable":true,"href":"https:\/\/www.ocorreionews.com.br\/acervo-correio\/index.php?rest_route=%2Fwp%2Fv2%2Fcomments&post=245292"}],"version-history":[{"count":1,"href":"https:\/\/www.ocorreionews.com.br\/acervo-correio\/index.php?rest_route=\/wp\/v2\/posts\/245292\/revisions"}],"predecessor-version":[{"id":245296,"href":"https:\/\/www.ocorreionews.com.br\/acervo-correio\/index.php?rest_route=\/wp\/v2\/posts\/245292\/revisions\/245296"}],"wp:featuredmedia":[{"embeddable":true,"href":"https:\/\/www.ocorreionews.com.br\/acervo-correio\/index.php?rest_route=\/wp\/v2\/media\/245294"}],"wp:attachment":[{"href":"https:\/\/www.ocorreionews.com.br\/acervo-correio\/index.php?rest_route=%2Fwp%2Fv2%2Fmedia&parent=245292"}],"wp:term":[{"taxonomy":"category","embeddable":true,"href":"https:\/\/www.ocorreionews.com.br\/acervo-correio\/index.php?rest_route=%2Fwp%2Fv2%2Fcategories&post=245292"},{"taxonomy":"post_tag","embeddable":true,"href":"https:\/\/www.ocorreionews.com.br\/acervo-correio\/index.php?rest_route=%2Fwp%2Fv2%2Ftags&post=245292"}],"curies":[{"name":"wp","href":"https:\/\/api.w.org\/{rel}","templated":true}]}}