{"id":245298,"date":"2023-07-14T09:02:22","date_gmt":"2023-07-14T13:02:22","guid":{"rendered":"https:\/\/www.ocorreionews.com.br\/acervo-correio\/?p=245298"},"modified":"2023-07-14T09:02:22","modified_gmt":"2023-07-14T13:02:22","slug":"suspeito-de-esquartejar-e-matar-jogador-de-futebol-fugiu-para-o-paraguai-acredita-policia","status":"publish","type":"post","link":"https:\/\/www.ocorreionews.com.br\/acervo-correio\/?p=245298","title":{"rendered":"Suspeito de esquartejar e matar jogador de futebol fugiu para o Paraguai, acredita pol\u00edcia"},"content":{"rendered":"<div id=\"chunk-3aac0\">\n<div class=\"mc-column content-text active-extra-styles \" data-block-type=\"unstyled\" data-block-weight=\"55\" data-block-id=\"3\">\n<p class=\"content-text__container \" data-track-category=\"Link no Texto\" data-track-links=\"\">A Pol\u00edcia Civil de Sete Quedas (MS), cidade onde o jogador de futebol Hugo Vinicius Skulny Pedrosa foi morto e encontrado esquartejado, acredita que o suspeito do crime tenha fugido para o Paraguai. Al\u00e9m da pol\u00edcia brasileira, as for\u00e7as de seguran\u00e7a do pa\u00eds vizinho ajudam nas buscas por Danilo Alves Vieira, de 19 anos.<\/p>\n<\/div>\n<\/div>\n<div class=\"wall protected-content\">\n<div id=\"chunk-1h6a\">\n<div class=\"mc-column content-text active-extra-styles\" data-block-type=\"raw\" data-block-weight=\"6\" data-block-id=\"4\">\n<p>&nbsp;<\/p>\n<p>&nbsp;<\/p>\n<\/div>\n<\/div>\n<div id=\"chunk-4ja4l\">\n<div class=\"mc-column content-text active-extra-styles \" data-block-type=\"unstyled\" data-block-weight=\"42\" data-block-id=\"5\">\n<p class=\"content-text__container \" data-track-category=\"Link no Texto\" data-track-links=\"\">Sete Quedas, em Mato Grosso do Sul, \u00e9 separada apenas por uma rua do territ\u00f3rio do Paraguai. Ao lado da cidade brasileira fica Pintoty Por\u00e3, por onde Danilo p\u00f4de ter iniciado a rota de fuga, de acordo com a Pol\u00edcia Civil.<\/p>\n<p data-track-category=\"Link no Texto\" data-track-links=\"\">\n<\/div>\n<\/div>\n<div id=\"chunk-fs72f\">\n<div class=\"content-ads content-ads--reveal\" data-block-type=\"ads\" data-block-id=\"6\">\n<div class=\"tag-manager-publicidade-container mc-has-reveal mc-has-ad-lazyload\" data-id=\"banner_materia2\"><\/div>\n<\/div>\n<\/div>\n<div id=\"chunk-ddhcp\">\n<div class=\"mc-column content-text active-extra-styles \" data-block-type=\"unstyled\" data-block-weight=\"31\" data-block-id=\"7\">\n<p class=\"content-text__container \" data-track-category=\"Link no Texto\" data-track-links=\"\">A Delegacia de Sete Quedas disponibilizou um n\u00famero de telefone para que a popula\u00e7\u00e3o fa\u00e7a den\u00fancias an\u00f4nimas que levem ao paradeiro do suspeito. <span class=\"highlight highlighted\">O n\u00famero para contato \u00e9 o <\/span><strong><span class=\"highlight highlighted\">(67) 3479-1480.<\/span><\/strong><\/p>\n<p data-track-category=\"Link no Texto\" data-track-links=\"\">\n<\/div>\n<\/div>\n<div id=\"chunk-dnpn0\">\n<div class=\"row medium-uncollapsed content-media content-photo\" data-block-type=\"backstage-photo\" data-block-id=\"8\">\n<div class=\" mc-column  content-media__container\">\n<div class=\"content-media-container glb-skeleton-box\">\n<figure class=\"content-media-figure\">\n<p><figure style=\"width: 647px\" class=\"wp-caption aligncenter\"><img loading=\"lazy\" decoding=\"async\" class=\"i-amphtml-fill-content i-amphtml-replaced-content\" src=\"https:\/\/s2-g1.glbimg.com\/Q4VLpwPUMl5TFATpm3_rEbW0SEo=\/0x0:675x384\/984x0\/smart\/filters:strip_icc()\/i.s3.glbimg.com\/v1\/AUTH_59edd422c0c84a879bd37670ae4f538a\/internal_photos\/bs\/2023\/R\/M\/XBT8L1Qi6MVdGvAn2jhg\/whatsapp-image-2023-07-06-at-13.03.54.jpeg\" sizes=\"auto, (max-width: 1366px) 648px, 100vw\" srcset=\"https:\/\/s2-g1.glbimg.com\/edrb_pg35DW5QXcB3draRz8F1Fs=\/0x0:675x384\/1000x0\/smart\/filters:strip_icc()\/i.s3.glbimg.com\/v1\/AUTH_59edd422c0c84a879bd37670ae4f538a\/internal_photos\/bs\/2023\/R\/M\/XBT8L1Qi6MVdGvAn2jhg\/whatsapp-image-2023-07-06-at-13.03.54.jpeg 1000w, https:\/\/s2-g1.glbimg.com\/Q4VLpwPUMl5TFATpm3_rEbW0SEo=\/0x0:675x384\/984x0\/smart\/filters:strip_icc()\/i.s3.glbimg.com\/v1\/AUTH_59edd422c0c84a879bd37670ae4f538a\/internal_photos\/bs\/2023\/R\/M\/XBT8L1Qi6MVdGvAn2jhg\/whatsapp-image-2023-07-06-at-13.03.54.jpeg 984w, https:\/\/s2-g1.glbimg.com\/3K3pubDwB0o88paa2LhHKZKh2fE=\/0x0:675x384\/640x0\/smart\/filters:strip_icc()\/i.s3.glbimg.com\/v1\/AUTH_59edd422c0c84a879bd37670ae4f538a\/internal_photos\/bs\/2023\/R\/M\/XBT8L1Qi6MVdGvAn2jhg\/whatsapp-image-2023-07-06-at-13.03.54.jpeg 640w, https:\/\/s2-g1.glbimg.com\/ozN04HFEeuS1YQNFmppYo9t-eMc=\/0x0:675x384\/600x0\/smart\/filters:strip_icc()\/i.s3.glbimg.com\/v1\/AUTH_59edd422c0c84a879bd37670ae4f538a\/internal_photos\/bs\/2023\/R\/M\/XBT8L1Qi6MVdGvAn2jhg\/whatsapp-image-2023-07-06-at-13.03.54.jpeg 600w\" alt=\"Rapaz est\u00e1 foragido da Pol\u00edcia Civil de Mato Grosso do Sul.  \u2014 Foto: PCMS\/Reprodu\u00e7\u00e3o\" width=\"647\" height=\"368\" \/><figcaption class=\"wp-caption-text\">Rapaz est\u00e1 foragido da Pol\u00edcia Civil de Mato Grosso do Sul. \u2014 Foto: PCMS\/Reprodu\u00e7\u00e3o<\/figcaption><\/figure><\/figure>\n<\/div>\n<p class=\"content-media__description  \">\n<p>&nbsp;<\/p>\n<\/div>\n<\/div>\n<\/div>\n<div id=\"chunk-fipvc\">\n<div class=\"mc-column content-text active-extra-styles \" data-block-type=\"unstyled\" data-block-weight=\"35\" data-block-id=\"9\">\n<p class=\"content-text__container \" data-track-category=\"Link no Texto\" data-track-links=\"\">A ex-namorada de Hugo foi presa por ter participa\u00e7\u00e3o no crime, conforme informou a Pol\u00edcia Civil. De acordo com a investiga\u00e7\u00e3o, o atleta foi morto na casa da ex, Rubia Joice de Oliver Luvisetto.<\/p>\n<\/div>\n<\/div>\n<div id=\"chunk-etisd\">\n<p class=\"content-text__container\">\n<div class=\"mc-column content-text active-extra-styles\" data-block-type=\"raw\" data-block-weight=\"1\" data-block-id=\"10\">\n<div class=\"content-intertitle\">\n<h2><strong>Investiga\u00e7\u00f5es<\/strong><\/h2>\n<p>&nbsp;<\/p>\n<\/div>\n<p>&nbsp;<\/p>\n<\/div>\n<\/div>\n<div id=\"chunk-esjj\">\n<div class=\"row medium-uncollapsed content-media content-photo\" data-block-type=\"backstage-photo\" data-block-id=\"11\">\n<div class=\" mc-column  content-media__container\">\n<div class=\"content-media-container glb-skeleton-box\">\n<figure class=\"content-media-figure\">\n<p><figure style=\"width: 647px\" class=\"wp-caption aligncenter\"><img loading=\"lazy\" decoding=\"async\" class=\"i-amphtml-fill-content i-amphtml-replaced-content\" src=\"https:\/\/s2-g1.glbimg.com\/UAK2uytuf6f3__JCGIhdXYPPraI=\/0x0:1855x1080\/984x0\/smart\/filters:strip_icc()\/i.s3.glbimg.com\/v1\/AUTH_59edd422c0c84a879bd37670ae4f538a\/internal_photos\/bs\/2023\/A\/8\/PpIOZ7RlG3ALSBbRNt5Q\/sem-titulo.jpg\" sizes=\"auto, (max-width: 1366px) 648px, 100vw\" srcset=\"https:\/\/s2-g1.glbimg.com\/jhox6h7-3wtajjo_wawX67A9BoI=\/0x0:1855x1080\/1000x0\/smart\/filters:strip_icc()\/i.s3.glbimg.com\/v1\/AUTH_59edd422c0c84a879bd37670ae4f538a\/internal_photos\/bs\/2023\/A\/8\/PpIOZ7RlG3ALSBbRNt5Q\/sem-titulo.jpg 1000w, https:\/\/s2-g1.glbimg.com\/UAK2uytuf6f3__JCGIhdXYPPraI=\/0x0:1855x1080\/984x0\/smart\/filters:strip_icc()\/i.s3.glbimg.com\/v1\/AUTH_59edd422c0c84a879bd37670ae4f538a\/internal_photos\/bs\/2023\/A\/8\/PpIOZ7RlG3ALSBbRNt5Q\/sem-titulo.jpg 984w, https:\/\/s2-g1.glbimg.com\/wnkj5ZitGacuERv0FAngk6g0ZlQ=\/0x0:1855x1080\/640x0\/smart\/filters:strip_icc()\/i.s3.glbimg.com\/v1\/AUTH_59edd422c0c84a879bd37670ae4f538a\/internal_photos\/bs\/2023\/A\/8\/PpIOZ7RlG3ALSBbRNt5Q\/sem-titulo.jpg 640w, https:\/\/s2-g1.glbimg.com\/mE8JC1Fjq7DJvpe5pUfz8l3Ngfk=\/0x0:1855x1080\/600x0\/smart\/filters:strip_icc()\/i.s3.glbimg.com\/v1\/AUTH_59edd422c0c84a879bd37670ae4f538a\/internal_photos\/bs\/2023\/A\/8\/PpIOZ7RlG3ALSBbRNt5Q\/sem-titulo.jpg 600w\" alt=\"Jovem foi morto e esquartejado ap\u00f3s festa no Paraguai.  \u2014 Foto: Redes Sociais\/Reprodu\u00e7\u00e3o\" width=\"647\" height=\"377\" \/><figcaption class=\"wp-caption-text\">Jovem foi morto e esquartejado ap\u00f3s festa no Paraguai. \u2014 Foto: Redes Sociais\/Reprodu\u00e7\u00e3o<\/figcaption><\/figure><\/figure>\n<\/div>\n<p class=\"content-media__description  \">\n<p>&nbsp;<\/p>\n<\/div>\n<\/div>\n<\/div>\n<div id=\"chunk-fosdu\">\n<div class=\"content-ads content-ads--reveal\" data-block-type=\"ads\" data-block-id=\"12\">\n<div class=\"tag-manager-publicidade-container mc-has-reveal mc-has-ad-lazyload\" data-id=\"banner_materia__a4573a60-76b6-4bfa-9a2e-d7548f93d1a1\"><\/div>\n<\/div>\n<\/div>\n<div id=\"chunk-b32ql\">\n<div class=\"mc-column content-text active-extra-styles \" data-block-type=\"unstyled\" data-block-weight=\"28\" data-block-id=\"13\">\n<p class=\"content-text__container \" data-track-category=\"Link no Texto\" data-track-links=\"\">Mais de uma semana ap\u00f3s a pol\u00edcia apontar Danilo como principal suspeito da morte de Hugo, as investiga\u00e7\u00f5es caminham para a elucida\u00e7\u00e3o do caso em Sete Quedas.<\/p>\n<p data-track-category=\"Link no Texto\" data-track-links=\"\">\n<\/div>\n<\/div>\n<div id=\"chunk-8c6he\">\n<div class=\"mc-column content-text active-extra-styles \" data-block-type=\"unstyled\" data-block-weight=\"29\" data-block-id=\"14\">\n<p class=\"content-text__container \" data-track-category=\"Link no Texto\" data-track-links=\"\">Conforme apurado pelo g1, v\u00e1rios celulares passam por per\u00edcia t\u00e9cnica. Para a pol\u00edcia, algumas conversas entre R\u00fabia e outras pessoas podem apontar o poss\u00edvel envolvimento de terceiros no crime.<\/p>\n<\/div>\n<\/div>\n<\/div>\n<div id=\"chunk-37cj9\">\n<div class=\"bs-video-block mc-column  content-media content-video\" data-block-type=\"backstage-video\" data-block-id=\"15\">\n<p class=\"content-media__description\">\n<\/div>\n<\/div>\n<div id=\"chunk-dg5mv\">\n<div class=\"mc-column content-text active-extra-styles \" data-block-type=\"unstyled\" data-block-weight=\"33\" data-block-id=\"16\">\n<p class=\"content-text__container \" data-track-category=\"Link no Texto\" data-track-links=\"\">Al\u00e9m das per\u00edcias nos telefones, reconstitui\u00e7\u00e3o do assassinato do jogador de futebol foi realizada. A reconstru\u00e7\u00e3o do crime foi feita a partir do depoimento da ex-namorada do atleta.<strong>\u00a0<\/strong><\/p>\n<p data-track-category=\"Link no Texto\" data-track-links=\"\">\n<\/div>\n<\/div>\n<div id=\"chunk-fkeeq\">\n<div class=\"mc-column content-text active-extra-styles \" data-block-type=\"unstyled\" data-block-weight=\"41\" data-block-id=\"17\">\n<p class=\"content-text__container \" data-track-category=\"Link no Texto\" data-track-links=\"\">A reconstitui\u00e7\u00e3o foi realizada na casa de Rubia onde, segundo a pol\u00edcia, no dia 25 de junho o jogador foi morto. Durante o momento, os oficiais contaram com a ajuda de uma testemunha para refazerem os \u00faltimos passos do atleta morto.<\/p>\n<p data-track-category=\"Link no Texto\" data-track-links=\"\">\n<p class=\"content-publication-data__from\" title=\"g1 MS\">Por g1 MS<\/p>\n<\/div>\n<\/div>\n","protected":false},"excerpt":{"rendered":"<p>A Pol\u00edcia Civil de Sete Quedas (MS), cidade onde o jogador de futebol Hugo Vinicius Skulny Pedrosa foi morto e encontrado esquartejado, acredita que o suspeito do crime tenha fugido para o Paraguai. Al\u00e9m da pol\u00edcia brasileira, as for\u00e7as de seguran\u00e7a do pa\u00eds vizinho ajudam nas buscas por Danilo Alves Vieira, de 19 anos. &nbsp; [&hellip;]<\/p>\n","protected":false},"author":5,"featured_media":244695,"comment_status":"closed","ping_status":"closed","sticky":false,"template":"","format":"standard","meta":{"footnotes":""},"categories":[38],"tags":[],"class_list":["post-245298","post","type-post","status-publish","format-standard","has-post-thumbnail","hentry","category-policia"],"_links":{"self":[{"href":"https:\/\/www.ocorreionews.com.br\/acervo-correio\/index.php?rest_route=\/wp\/v2\/posts\/245298","targetHints":{"allow":["GET"]}}],"collection":[{"href":"https:\/\/www.ocorreionews.com.br\/acervo-correio\/index.php?rest_route=\/wp\/v2\/posts"}],"about":[{"href":"https:\/\/www.ocorreionews.com.br\/acervo-correio\/index.php?rest_route=\/wp\/v2\/types\/post"}],"author":[{"embeddable":true,"href":"https:\/\/www.ocorreionews.com.br\/acervo-correio\/index.php?rest_route=\/wp\/v2\/users\/5"}],"replies":[{"embeddable":true,"href":"https:\/\/www.ocorreionews.com.br\/acervo-correio\/index.php?rest_route=%2Fwp%2Fv2%2Fcomments&post=245298"}],"version-history":[{"count":1,"href":"https:\/\/www.ocorreionews.com.br\/acervo-correio\/index.php?rest_route=\/wp\/v2\/posts\/245298\/revisions"}],"predecessor-version":[{"id":245304,"href":"https:\/\/www.ocorreionews.com.br\/acervo-correio\/index.php?rest_route=\/wp\/v2\/posts\/245298\/revisions\/245304"}],"wp:featuredmedia":[{"embeddable":true,"href":"https:\/\/www.ocorreionews.com.br\/acervo-correio\/index.php?rest_route=\/wp\/v2\/media\/244695"}],"wp:attachment":[{"href":"https:\/\/www.ocorreionews.com.br\/acervo-correio\/index.php?rest_route=%2Fwp%2Fv2%2Fmedia&parent=245298"}],"wp:term":[{"taxonomy":"category","embeddable":true,"href":"https:\/\/www.ocorreionews.com.br\/acervo-correio\/index.php?rest_route=%2Fwp%2Fv2%2Fcategories&post=245298"},{"taxonomy":"post_tag","embeddable":true,"href":"https:\/\/www.ocorreionews.com.br\/acervo-correio\/index.php?rest_route=%2Fwp%2Fv2%2Ftags&post=245298"}],"curies":[{"name":"wp","href":"https:\/\/api.w.org\/{rel}","templated":true}]}}