{"id":245301,"date":"2023-07-14T09:16:38","date_gmt":"2023-07-14T13:16:38","guid":{"rendered":"https:\/\/www.ocorreionews.com.br\/acervo-correio\/?p=245301"},"modified":"2023-07-14T09:16:38","modified_gmt":"2023-07-14T13:16:38","slug":"figueirao-vai-receber-o-projeto-rondon","status":"publish","type":"post","link":"https:\/\/www.ocorreionews.com.br\/acervo-correio\/?p=245301","title":{"rendered":"Figueir\u00e3o vai receber o projeto Rondon"},"content":{"rendered":"<div dir=\"auto\">Projeto Rondon estar\u00e1 em Figueir\u00e3o nos dia 16 a 28\/07\/2023.\u00a0S\u00e3o professores e universit\u00e1rios da Faculdade Medicina Jundia\u00ed e da Universidade de Caxias do Sul.<\/div>\n<div dir=\"auto\">Ser\u00e3o v\u00e1rios dias com muitas atividades em todos os setores e segmentos para todo tipo de p\u00fablico.<\/div>\n<div dir=\"auto\"><\/div>\n<p><strong>Projeto Rondon<\/strong><\/p>\n<p>\u00c9 uma a\u00e7\u00e3o interministerial do Governo Federal realizada em coordena\u00e7\u00e3o com os Governos Estadual e Municipal que, em parceria com as Institui\u00e7\u00f5es de Ensino Superior, reconhecidas pelo Minist\u00e9rio da Educa\u00e7\u00e3o, visa a somar esfor\u00e7os com as lideran\u00e7as comunit\u00e1rias e com a popula\u00e7\u00e3o, a fim de contribuir com o desenvolvimento local sustent\u00e1vel e na constru\u00e7\u00e3o e promo\u00e7\u00e3o da cidadania.<\/p>\n<p><img loading=\"lazy\" decoding=\"async\" class=\"alignnone size-full wp-image-245307\" src=\"https:\/\/www.ocorreionews.com.br\/acervo-correio\/wp-content\/uploads\/2023\/07\/proj-rond.jpg\" alt=\"\" width=\"599\" height=\"600\" srcset=\"https:\/\/www.ocorreionews.com.br\/acervo-correio\/wp-content\/uploads\/2023\/07\/proj-rond.jpg 599w, https:\/\/www.ocorreionews.com.br\/acervo-correio\/wp-content\/uploads\/2023\/07\/proj-rond-300x300.jpg 300w, https:\/\/www.ocorreionews.com.br\/acervo-correio\/wp-content\/uploads\/2023\/07\/proj-rond-150x150.jpg 150w\" sizes=\"auto, (max-width: 599px) 100vw, 599px\" \/> \u00a0<img loading=\"lazy\" decoding=\"async\" class=\"alignnone size-full wp-image-245309\" src=\"https:\/\/www.ocorreionews.com.br\/acervo-correio\/wp-content\/uploads\/2023\/07\/proj-rond3.jpg\" alt=\"\" width=\"1080\" height=\"1064\" srcset=\"https:\/\/www.ocorreionews.com.br\/acervo-correio\/wp-content\/uploads\/2023\/07\/proj-rond3.jpg 1080w, https:\/\/www.ocorreionews.com.br\/acervo-correio\/wp-content\/uploads\/2023\/07\/proj-rond3-300x296.jpg 300w, https:\/\/www.ocorreionews.com.br\/acervo-correio\/wp-content\/uploads\/2023\/07\/proj-rond3-1024x1009.jpg 1024w, https:\/\/www.ocorreionews.com.br\/acervo-correio\/wp-content\/uploads\/2023\/07\/proj-rond3-768x757.jpg 768w\" sizes=\"auto, (max-width: 1080px) 100vw, 1080px\" \/><\/p>\n<p>O Projeto Rondon prioriza, assim, desenvolver a\u00e7\u00f5es que tragam benef\u00edcios permanentes para as comunidades, principalmente as relacionadas com, a melhoria do bem estar social e a capacita\u00e7\u00e3o da gest\u00e3o p\u00fablica. Busca, ainda, consolidar no universit\u00e1rio brasileiro o sentido de responsabilidade social, coletiva, em prol da cidadania, do desenvolvimento e da defesa dos interesses nacionais, contribuindo na sua forma\u00e7\u00e3o acad\u00eamica e proporcionando-lhe o conhecimento da realidade brasileira.<\/p>\n<p>A ideia de levar a juventude universit\u00e1ria a conhecer a realidade brasileira e a participar do processo de desenvolvimento surgiu em 1966, durante reuni\u00e3o realizada no Rio de Janeiro, com a participa\u00e7\u00e3o de universidades do ent\u00e3o Estado da Guanabara, do Minist\u00e9rio da Educa\u00e7\u00e3o e Cultural e de especialistas em educa\u00e7\u00e3o.<\/p>\n<p>O Projeto Rondon foi semeado em 11 de julho de 1967, quando uma equipe formada por 30 universit\u00e1rios e dois professores de universidades do antigo Estado da Guanabara, conheceram de perto a realidade amaz\u00f4nica no ent\u00e3o territ\u00f3rio federal de Rond\u00f4nia. A primeira miss\u00e3o teve a dura\u00e7\u00e3o de 28 dias.<\/p>\n<p>T\u00e3o logo os estudantes retornaram de Rond\u00f4nia, propuseram a cria\u00e7\u00e3o de um movimento universit\u00e1rio que desse prosseguimento ao trabalho iniciado no territ\u00f3rio visitado. A esse movimento deram-lhe o nome de Projeto Rondon, em homenagem ao bandeirante do s\u00e9culo XX, o Marechal C\u00e2ndido Mariano da Silva Rondon. No ano seguinte, o trabalho expandiu-se para a Amaz\u00f4nia e Mato Grosso, com 648 jovens, exigindo maior participa\u00e7\u00e3o do Governo no seu apoio. Durante o per\u00edodo em que permaneceu em atividade, integrando a estrutura do Governo, o Projeto envolveu mais de 350.000 universit\u00e1rios em todas as regi\u00f5es do Pa\u00eds.<\/p>\n","protected":false},"excerpt":{"rendered":"<p>Projeto Rondon estar\u00e1 em Figueir\u00e3o nos dia 16 a 28\/07\/2023.\u00a0S\u00e3o professores e universit\u00e1rios da Faculdade Medicina Jundia\u00ed e da Universidade de Caxias do Sul. Ser\u00e3o v\u00e1rios dias com muitas atividades em todos os setores e segmentos para todo tipo de p\u00fablico. Projeto Rondon \u00c9 uma a\u00e7\u00e3o interministerial do Governo Federal realizada em coordena\u00e7\u00e3o com os [&hellip;]<\/p>\n","protected":false},"author":4,"featured_media":245308,"comment_status":"closed","ping_status":"closed","sticky":false,"template":"","format":"standard","meta":{"footnotes":""},"categories":[30],"tags":[],"class_list":["post-245301","post","type-post","status-publish","format-standard","has-post-thumbnail","hentry","category-figueirao"],"_links":{"self":[{"href":"https:\/\/www.ocorreionews.com.br\/acervo-correio\/index.php?rest_route=\/wp\/v2\/posts\/245301","targetHints":{"allow":["GET"]}}],"collection":[{"href":"https:\/\/www.ocorreionews.com.br\/acervo-correio\/index.php?rest_route=\/wp\/v2\/posts"}],"about":[{"href":"https:\/\/www.ocorreionews.com.br\/acervo-correio\/index.php?rest_route=\/wp\/v2\/types\/post"}],"author":[{"embeddable":true,"href":"https:\/\/www.ocorreionews.com.br\/acervo-correio\/index.php?rest_route=\/wp\/v2\/users\/4"}],"replies":[{"embeddable":true,"href":"https:\/\/www.ocorreionews.com.br\/acervo-correio\/index.php?rest_route=%2Fwp%2Fv2%2Fcomments&post=245301"}],"version-history":[{"count":1,"href":"https:\/\/www.ocorreionews.com.br\/acervo-correio\/index.php?rest_route=\/wp\/v2\/posts\/245301\/revisions"}],"predecessor-version":[{"id":245312,"href":"https:\/\/www.ocorreionews.com.br\/acervo-correio\/index.php?rest_route=\/wp\/v2\/posts\/245301\/revisions\/245312"}],"wp:featuredmedia":[{"embeddable":true,"href":"https:\/\/www.ocorreionews.com.br\/acervo-correio\/index.php?rest_route=\/wp\/v2\/media\/245308"}],"wp:attachment":[{"href":"https:\/\/www.ocorreionews.com.br\/acervo-correio\/index.php?rest_route=%2Fwp%2Fv2%2Fmedia&parent=245301"}],"wp:term":[{"taxonomy":"category","embeddable":true,"href":"https:\/\/www.ocorreionews.com.br\/acervo-correio\/index.php?rest_route=%2Fwp%2Fv2%2Fcategories&post=245301"},{"taxonomy":"post_tag","embeddable":true,"href":"https:\/\/www.ocorreionews.com.br\/acervo-correio\/index.php?rest_route=%2Fwp%2Fv2%2Ftags&post=245301"}],"curies":[{"name":"wp","href":"https:\/\/api.w.org\/{rel}","templated":true}]}}