{"id":245311,"date":"2023-07-14T09:23:43","date_gmt":"2023-07-14T13:23:43","guid":{"rendered":"https:\/\/www.ocorreionews.com.br\/acervo-correio\/?p=245311"},"modified":"2023-07-14T09:23:43","modified_gmt":"2023-07-14T13:23:43","slug":"manoel-afonso-amplavisao-os-desejos-do-eleitor-na-pesquisa-qualitativa","status":"publish","type":"post","link":"https:\/\/www.ocorreionews.com.br\/acervo-correio\/?p=245311","title":{"rendered":"Manoel Afonso Amplavis\u00e3o &#8211; Os desejos do eleitor na pesquisa qualitativa"},"content":{"rendered":"<p><strong><u>SINAIS:<\/u><\/strong> Deputado Lucas de Lima revelou a jornalistas no sagu\u00e3o da Assembleia Legislativa que o PDT nacional monitora seu desempenho como pr\u00e9-candidato a prefeito da capital. P\u00e9s no ch\u00e3o, revelou que pesquisas qualitativas o colocam como o nome mais conhecido e com menor rejei\u00e7\u00e3o ao lado da ex-deputada <strong>Rose Modesto<\/strong>.<\/p>\n<p><strong><u>QUALITATIVA:<\/u><\/strong> Essa pesquisa \u00e9 uma abordagem que estuda os chamados aspectos subjetivos de fen\u00f4menos sociais e do comportamento humano. Foca temas imposs\u00edveis de serem quantificados em equa\u00e7\u00f5es e estat\u00edsticas. Ela estuda as cren\u00e7as, s\u00edmbolos, os valores, o ambiente e tamb\u00e9m as rela\u00e7\u00f5es humanas de um determinado grupo social.<\/p>\n<p><strong><u>DIFEREN\u00c7AS:<\/u><\/strong> A qualitativa n\u00e3o tem como prioridade as respostas objetivas para seus alvos de estudo. J\u00e1 a <strong>quantitativa<\/strong> \u00e9 usada mais nas ci\u00eancias exatas e naturais. Ela busca resultados palp\u00e1veis e objetivos, (usando question\u00e1rios) com base em conhecimentos poss\u00edveis de serem calculados.<\/p>\n<p><strong><u>ATEN\u00c7\u00c3O:<\/u><\/strong> \u00c9 atrav\u00e9s do modelo de pesquisa <strong>qualitativa<\/strong> que os grupos pol\u00edticos e partidos montam estrat\u00e9gias para as campanhas. Por meio dela descobre-se o perfil do eleitorado para colher dados de suas aspira\u00e7\u00f5es, demandas e preferencias. Ao contr\u00e1rio da quantitativa, repetida v\u00e1rias vezes ao longo da campanha, a<strong> qualitativa<\/strong> \u2013 embora importante \u2013 \u00e9 pouco destacada.<\/p>\n<p><strong><u>ROSE MODESTO:<\/u><\/strong> Tem curr\u00edculo, popularidade, \u00e9 boa de voto. N\u00e3o por acaso que \u00e9 cortejada por v\u00e1rios grupos. Ao ocupar o cargo maior na Sudeco, criou uma cilada para ela mesmo. Deixar\u00e1 o \u00f3rg\u00e3o, entre 4 a 6 meses a elei\u00e7\u00e3o, ficando no sereno para disputar a prefeitura da capital?\u00a0 Ora! Optar\u00e1 pela Sudeco, onde tem a visibilidade, faz pol\u00edtica com vencimento$ de minist\u00e9rio.<\/p>\n<p><strong><u>TEREZA CRISTINA <\/u><\/strong>(PP): Eleita senadora com 829.112 mil votos (60,86%). S\u00f3 em Campo Grande superou a casa dos 240 mil votos. Expostos os n\u00fameros \u2013 a pergunta \u00e9 se ela apenas como apoiadora conseguir\u00e1 transferir prest\u00edgio\/votos para quem receber seu apoio? Elei\u00e7\u00f5es com cen\u00e1rio e concorrentes diferentes do pleito de 2022.<\/p>\n<p><strong><u>\u2018FOGO AMIGO\u2019:\u00a0<\/u><\/strong> \u00c9 a express\u00e3o do deputado Jo\u00e3o H. Catan (PL) para definir as diverg\u00eancias entre as lideran\u00e7as dos principais partidos da direita. Embora veladas, as constantes cr\u00edticas, rec\u00edprocas, mostram as dificuldades naturais de conviv\u00eancia onde os objetivos partid\u00e1rios perdem espa\u00e7o para os projetos pessoais de seus l\u00edderes.<\/p>\n<p><strong><u>M\u00c3O FORTE:<\/u><\/strong> O protagonismo salutar do TCE-MS de volta ao cen\u00e1rio com a interven\u00e7\u00e3o do seu presidente conselheiro Jerson Domingos a respeito dos servi\u00e7os de revestimento prim\u00e1rio na rodovia pantaneira \u2018MS-228\u2019 contratados pela Agesul. A prote\u00e7\u00e3o ao meio ambiente do delicado ecossistema \u00e9 argumento forte mostrado na m\u00eddia. Mas o final do epis\u00f3dio ainda \u00e9 uma inc\u00f3gnita. \u00c9 esperar.<\/p>\n<p><strong><u>DE CAMAROTE:<\/u><\/strong> Ap\u00f3s dois procedimentos cir\u00fargicos o deputado Zeca do PT tem sido mais contido no plen\u00e1rio do Legislativo Estadual para evitar o estresse. Nesta semana, enquanto seus colegas Pedro Kemp (PT) e Rafael Tavares (PRTB) debatiam \u00a0ardorosamente, Zeca se manteve tranquilo s\u00f3 assistindo. <strong>Entre o poder e a vida optou pela \u00faltima.<\/strong><\/p>\n<p><strong><u>A PROP\u00d3SITO:<\/u><\/strong> Zeca do PT reconhece: \u201co Bolsonaro e o bolsonarismo s\u00e3o muitos fortes\u201d. Ali\u00e1s as pesquisas mostram que o ex-presidente \u00e9 a refer\u00eancia como oposi\u00e7\u00e3o. Ao atacar os projetos de Bolsonaro h\u00e1 o risco de vitim\u00e1-lo ou no m\u00ednimo de mant\u00ea-lo presente aos olhos do eleitor.\u00a0 O fim das escolas c\u00edvico-militares \u00e9 um exemplo.<\/p>\n<p><strong><u>RECADO S\u00c1BIO:<\/u><\/strong>\u00a0 \u201c\u2026A feira perdeu seu encanto, n\u00e3o tem gritos de vendedores de abacaxi, n\u00e3o tem mais o sanfoneiro, n\u00e3o tem uma s\u00f3 comida t\u00edpica, n\u00e3o funciona nas madrugadas, possui hor\u00e1rio de abertura e de fechamento. O sob\u00e1 muitas vezes congelado ou guardado em geladeiras, n\u00e3o tem ind\u00edgenas c mercadorias sazonais, <strong>n\u00e3o tem<\/strong> <strong>burburinho,<\/strong> n\u00e3o tem cheiro de p\u00e3o caseiro, cheiro de verdura, n\u00e3o tem especificidade\u2026\u201d<strong> (Lenita M. Rodrigues Calado \u2013 doutora em hist\u00f3ria)<u>\u00a0<\/u><\/strong><\/p>\n<p><strong><u>O ARTIGO<\/u><\/strong> \u201cEra uma feirona que virou um \u2018shoppingz\u00e3o\u2019 \u2013 publicado no \u00faltimo dia 10 no Correio do Estado \u00e9 uma abordagem cr\u00edtica da hist\u00f3ria da feira de Campo Grande\u00a0 iniciada em 1925 e transferida de local em 2004,\u00a0 perdendo as suas caracter\u00edsticas originais. Quando se fala inclusive em transformar a atual feira num shoppingz\u00e3o\u00a0 da Esplanada Ferrovi\u00e1ria, a historiadora abre a discuss\u00e3o sobre o tema. Com a palavra as entidades e os vereadores.<\/p>\n<p><strong><u>O HINO\u00a0<\/u><\/strong>\u00a0do MS ainda continua desconhecido. Poucos conhecem sua letra de pouca divulga\u00e7\u00e3o. Nas solenidades c\u00edvicas e esportivas as falhas ficam percept\u00edveis aos nossos ouvidos. \u00a0Se a garotada sabe mais as letras de m\u00fasicas em ingl\u00eas do que o pr\u00f3prio hino nacional, <strong>como convenc\u00ea-los a decorar a letra do hino estadual<\/strong>?<\/p>\n<p><strong><u>1-FRASES<\/u><\/strong>\u00a0Mineiro n\u00e3o briga, mas tamb\u00e9m n\u00e3o perdoa!\u00a0 Quem n\u00e3o ouve com paci\u00eancia, n\u00e3o decide com precis\u00e3o. Aos vencedores as batatas; aos vencidos as cascas. Se Bras\u00edlia fosse boa Nemeyer teria morado nela. Sem ilus\u00f5es, n\u00e3o se engane \u2013 todo <strong>ato de bondade \u00e9 acima de tudo uma demonstra\u00e7\u00e3o de poder.<\/strong><\/p>\n<p><strong><u>2-FRASES\u00a0<\/u><\/strong>\u00a0Se o governo comprar um circo, o an\u00e3o come\u00e7ar\u00e1 a crescer. A comiss\u00e3o faz o ladr\u00e3o. Nenhum banco morre de repente.\u00a0 No meu Governo n\u00e3o faltar\u00e1 carne bovina e nem <strong>porquina<\/strong> na mesa dos mineiros. Do incompar\u00e1vel e folcl\u00f3rico ex governador Newton Cardoso das Minas Gerais.<\/p>\n<p><strong><u>3-FRASES\u00a0<\/u><\/strong>\u00a0O Governo culpa a janela pela paisagem. O poder desgasta, sobretudo quem n\u00e3o o tem. Estou PHD: por hora desempregado (ex-governador do Mato Grosso Dante Oliveira). Estou <strong>prevendo<\/strong> uma crise de consequ\u00eancias i<strong>mprevis\u00edveis<\/strong>. (Dinarte Marins \u2013 ex-governador do Rio Grande do Norte)<\/p>\n<p><strong><u>4-FRASES:<\/u><\/strong>\u00a0Senado \u00e9 s\u00f3 pose e mordomia. Quem manda mesmo no peda\u00e7o \u00e9 o deputado federal. Quanto aos vices s\u00e3o como aqueles ciprestes que s\u00f3 crescem \u00e0 beira dos t\u00famulos. A vit\u00f3ria tem v\u00e1rios pais; mas a derrota \u00e9 \u00f3rf\u00e3. 90% dos pol\u00edticos d\u00e3o aos 10% restantes uma p\u00e9ssima reputa\u00e7\u00e3o.<\/p>\n<p><strong><u>TUDO AZUL:<\/u><\/strong> Para o \u00e1gil e pragm\u00e1tico presidente <strong>Gerson Claro<\/strong> (PSDB) \u00e9 s\u00f3 elogios ao ritmo e n\u00edvel das sess\u00f5es nesse semestre. Prevaleceu o bom senso em algumas situa\u00e7\u00f5es. Tamb\u00e9m a deputada <strong>Mara Caseiro<\/strong> (PSDB) diz ter ficado confort\u00e1vel na presid\u00eancia da poderosa CCJR por onde passaram <strong>245 proposi\u00e7\u00f5es<\/strong>, das quais 144 aprovadas, 26 reprovadas e 9 retiradas.<\/p>\n<p><strong><u>PEPINOS:\u00a0<\/u><\/strong> Como seu sempre lembro: o cidad\u00e3o deixa o cargo e \u00a0a\u00ed come\u00e7a a ins\u00f4nia . \u00c9 o caso do ex-deputado Carlos Marun que responde a\u00e7\u00e3o do Minist\u00e9rio P\u00f9blico Federal desde 2013 <strong>cobrando-lhe R$16,6 milh\u00f5es<\/strong>. A a\u00e7\u00e3o \u00e9 por improbidade administrativa ao tempo em que chefiou a Agehab \u2013 Ag\u00eancia de Habita\u00e7\u00e3o Popular do Estado de MS.<\/p>\n<p><strong><u>ATRASO: <\/u><\/strong>Basta de ufanismo. O Brasil amarga o <strong>60\u00ba lugar entre 64<\/strong> na\u00e7\u00f5es em mat\u00e9ria de competividade. <strong>S\u00f3 ganha<\/strong> da Venezuela, \u00c1frica do Sul, Argentina e Mong\u00f3lia. Entre outros, est\u00e3o em nossa frente a pequena Est\u00f4nia (26\u00ba), Mal\u00e1sia (27\u00ba), Cazaquist\u00e3o (37\u00ba), Rom\u00eania (48\u00ba), Peru (55\u00ba) e a africana Botsuana (59\u00ba lugar) com 2,3 da \u00e1rea do estado de S\u00e3o Paulo.<\/p>\n<p><strong><u>AVISO:<\/u><\/strong> \u00a0<strong>Devido as nossas f\u00e9rias a coluna n\u00e3o circular\u00e1 na pr\u00f3xima semana.<\/strong><\/p>\n","protected":false},"excerpt":{"rendered":"<p>SINAIS: Deputado Lucas de Lima revelou a jornalistas no sagu\u00e3o da Assembleia Legislativa que o PDT nacional monitora seu desempenho como pr\u00e9-candidato a prefeito da capital. P\u00e9s no ch\u00e3o, revelou que pesquisas qualitativas o colocam como o nome mais conhecido e com menor rejei\u00e7\u00e3o ao lado da ex-deputada Rose Modesto. QUALITATIVA: Essa pesquisa \u00e9 uma [&hellip;]<\/p>\n","protected":false},"author":5,"featured_media":172463,"comment_status":"closed","ping_status":"closed","sticky":false,"template":"","format":"standard","meta":{"footnotes":""},"categories":[37],"tags":[],"class_list":["post-245311","post","type-post","status-publish","format-standard","has-post-thumbnail","hentry","category-politica"],"_links":{"self":[{"href":"https:\/\/www.ocorreionews.com.br\/acervo-correio\/index.php?rest_route=\/wp\/v2\/posts\/245311","targetHints":{"allow":["GET"]}}],"collection":[{"href":"https:\/\/www.ocorreionews.com.br\/acervo-correio\/index.php?rest_route=\/wp\/v2\/posts"}],"about":[{"href":"https:\/\/www.ocorreionews.com.br\/acervo-correio\/index.php?rest_route=\/wp\/v2\/types\/post"}],"author":[{"embeddable":true,"href":"https:\/\/www.ocorreionews.com.br\/acervo-correio\/index.php?rest_route=\/wp\/v2\/users\/5"}],"replies":[{"embeddable":true,"href":"https:\/\/www.ocorreionews.com.br\/acervo-correio\/index.php?rest_route=%2Fwp%2Fv2%2Fcomments&post=245311"}],"version-history":[{"count":1,"href":"https:\/\/www.ocorreionews.com.br\/acervo-correio\/index.php?rest_route=\/wp\/v2\/posts\/245311\/revisions"}],"predecessor-version":[{"id":245316,"href":"https:\/\/www.ocorreionews.com.br\/acervo-correio\/index.php?rest_route=\/wp\/v2\/posts\/245311\/revisions\/245316"}],"wp:featuredmedia":[{"embeddable":true,"href":"https:\/\/www.ocorreionews.com.br\/acervo-correio\/index.php?rest_route=\/wp\/v2\/media\/172463"}],"wp:attachment":[{"href":"https:\/\/www.ocorreionews.com.br\/acervo-correio\/index.php?rest_route=%2Fwp%2Fv2%2Fmedia&parent=245311"}],"wp:term":[{"taxonomy":"category","embeddable":true,"href":"https:\/\/www.ocorreionews.com.br\/acervo-correio\/index.php?rest_route=%2Fwp%2Fv2%2Fcategories&post=245311"},{"taxonomy":"post_tag","embeddable":true,"href":"https:\/\/www.ocorreionews.com.br\/acervo-correio\/index.php?rest_route=%2Fwp%2Fv2%2Ftags&post=245311"}],"curies":[{"name":"wp","href":"https:\/\/api.w.org\/{rel}","templated":true}]}}