{"id":245338,"date":"2023-07-14T13:35:07","date_gmt":"2023-07-14T17:35:07","guid":{"rendered":"https:\/\/www.ocorreionews.com.br\/acervo-correio\/?p=245338"},"modified":"2023-07-14T13:35:07","modified_gmt":"2023-07-14T17:35:07","slug":"pm-e-acionada-para-conter-briga-entre-mulheres-em-residencial-de-chapadao-do-sul","status":"publish","type":"post","link":"https:\/\/www.ocorreionews.com.br\/acervo-correio\/?p=245338","title":{"rendered":"PM \u00e9 acionada para conter briga entre mulheres em residencial de Chapad\u00e3o do Sul"},"content":{"rendered":"<p>Na manh\u00e3 desta quinta-feira (13), uma discuss\u00e3o entre duas mulheres 44 e 37 anos, que iniciou em um grupo de WhatsApp de moradores de um residencial de Chapad\u00e3o do Sul terminou em vias de fatos e a pol\u00edcia teve que ser acionada.<\/p>\n<p>Segundo informa\u00e7\u00f5es do Boletim de Ocorr\u00eancia, por volta das 10h40min a Pol\u00edcia Militar de Chapad\u00e3o do Sul foi acionada a comparecer at\u00e9 um residencial no Bairro Planalto, onde a denunciante a mulher de 44 anos relatou que foi v\u00edtima de uma agress\u00e3o f\u00edsica e amea\u00e7a no condom\u00ednio onde ela reside.<\/p>\n<p>No local a denunciante relatou aos militares, que a discuss\u00e3o come\u00e7ou em um grupo de WhatsApp e quando ambas foram tirar satisfa\u00e7\u00f5es a mulher de 37 anos desferiu tapas e enforcou a mulher de 44 anos, e a envolvida de 37 anos n\u00e3o negou as acusa\u00e7\u00f5es, por\u00e9m, tamb\u00e9m relatou que foi amea\u00e7ada e que a todo momento a outra tinha inten\u00e7\u00e3o de brigar e ainda dizia que o \u201cmarido iria resolver a situa\u00e7\u00e3o\u201d.<\/p>\n<p>Diante dos fatos, ambas as mulheres foram encaminhadas a Delegacia Civil para que as medidas cab\u00edveis fossem tomadas.<\/p>\n<p>&nbsp;<\/p>\n<p><em>* O Correio News, com informa\u00e7\u00f5es da Assessoria de comunica\u00e7\u00e3o da 4\u00aa Companhia Independente de Pol\u00edcia Militar<\/em><\/p>\n","protected":false},"excerpt":{"rendered":"<p>Na manh\u00e3 desta quinta-feira (13), uma discuss\u00e3o entre duas mulheres 44 e 37 anos, que iniciou em um grupo de WhatsApp de moradores de um residencial de Chapad\u00e3o do Sul terminou em vias de fatos e a pol\u00edcia teve que ser acionada. Segundo informa\u00e7\u00f5es do Boletim de Ocorr\u00eancia, por volta das 10h40min a Pol\u00edcia Militar [&hellip;]<\/p>\n","protected":false},"author":5,"featured_media":201651,"comment_status":"closed","ping_status":"closed","sticky":false,"template":"","format":"standard","meta":{"footnotes":""},"categories":[23,38],"tags":[],"class_list":["post-245338","post","type-post","status-publish","format-standard","has-post-thumbnail","hentry","category-chapadao-do-sul","category-policia"],"_links":{"self":[{"href":"https:\/\/www.ocorreionews.com.br\/acervo-correio\/index.php?rest_route=\/wp\/v2\/posts\/245338","targetHints":{"allow":["GET"]}}],"collection":[{"href":"https:\/\/www.ocorreionews.com.br\/acervo-correio\/index.php?rest_route=\/wp\/v2\/posts"}],"about":[{"href":"https:\/\/www.ocorreionews.com.br\/acervo-correio\/index.php?rest_route=\/wp\/v2\/types\/post"}],"author":[{"embeddable":true,"href":"https:\/\/www.ocorreionews.com.br\/acervo-correio\/index.php?rest_route=\/wp\/v2\/users\/5"}],"replies":[{"embeddable":true,"href":"https:\/\/www.ocorreionews.com.br\/acervo-correio\/index.php?rest_route=%2Fwp%2Fv2%2Fcomments&post=245338"}],"version-history":[{"count":1,"href":"https:\/\/www.ocorreionews.com.br\/acervo-correio\/index.php?rest_route=\/wp\/v2\/posts\/245338\/revisions"}],"predecessor-version":[{"id":245341,"href":"https:\/\/www.ocorreionews.com.br\/acervo-correio\/index.php?rest_route=\/wp\/v2\/posts\/245338\/revisions\/245341"}],"wp:featuredmedia":[{"embeddable":true,"href":"https:\/\/www.ocorreionews.com.br\/acervo-correio\/index.php?rest_route=\/wp\/v2\/media\/201651"}],"wp:attachment":[{"href":"https:\/\/www.ocorreionews.com.br\/acervo-correio\/index.php?rest_route=%2Fwp%2Fv2%2Fmedia&parent=245338"}],"wp:term":[{"taxonomy":"category","embeddable":true,"href":"https:\/\/www.ocorreionews.com.br\/acervo-correio\/index.php?rest_route=%2Fwp%2Fv2%2Fcategories&post=245338"},{"taxonomy":"post_tag","embeddable":true,"href":"https:\/\/www.ocorreionews.com.br\/acervo-correio\/index.php?rest_route=%2Fwp%2Fv2%2Ftags&post=245338"}],"curies":[{"name":"wp","href":"https:\/\/api.w.org\/{rel}","templated":true}]}}