{"id":245342,"date":"2023-07-14T13:49:02","date_gmt":"2023-07-14T17:49:02","guid":{"rendered":"https:\/\/www.ocorreionews.com.br\/acervo-correio\/?p=245342"},"modified":"2023-07-14T13:49:02","modified_gmt":"2023-07-14T17:49:02","slug":"homem-e-detido-ao-quebrar-carrinho-de-coleta-reciclado-de-um-idoso-em-costa-rica","status":"publish","type":"post","link":"https:\/\/www.ocorreionews.com.br\/acervo-correio\/?p=245342","title":{"rendered":"Homem \u00e9 detido ao quebrar carrinho de coleta reciclado de um idoso em Costa Rica"},"content":{"rendered":"<p>No in\u00edcio da noite desta quinta-feira (13), um homem de 41 anos foi detido ap\u00f3s ele ter destru\u00eddo um carrinho de coleta de reciclado de um idoso em Costa Rica.<\/p>\n<p>De acordo com informa\u00e7\u00f5es do Boletim de Ocorr\u00eancia, era por volta das 18h50min, quando a Pol\u00edcia Militar foi acionada para atender a uma ocorr\u00eancia de dano na Rua Tercio Teixeira Machado. Chegando no local as informa\u00e7\u00f5es repassadas foi de que a v\u00edtima de 68 anos teria emprestado um carrinho de coleta de materiais recicl\u00e1veis para o autor e ao retornar com o carrinho e alguns motores de motos o autor perguntou se a v\u00edtima queria compra-los, a v\u00edtima disse que n\u00e3o, foi quando o autor se exaltou e come\u00e7ou a quebrar o carrinho que o idoso tinha emprestado para ele.<\/p>\n<p>Para os policiais o autor disse que teria comprado o carrinho e estava quebrando o que era seu, relato que foi negado pela v\u00edtima e testemunhas, ele tamb\u00e9m foi questionado sobre a proced\u00eancia desses motores e o mesmo disse aos militares que achou em uma ca\u00e7amba de lixo.<\/p>\n<p>Diante dos fatos e suspeitas, ele foi encaminhado para a Delegacia de Pol\u00edcia Civil, para tomar as medidas cab\u00edveis.<\/p>\n<p>&nbsp;<\/p>\n<p>&nbsp;<\/p>\n<p><em>* O Correio News, com informa\u00e7\u00f5es da Assessoria de comunica\u00e7\u00e3o da 4\u00aa Companhia Independente de Pol\u00edcia Militar<\/em><\/p>\n","protected":false},"excerpt":{"rendered":"<p>No in\u00edcio da noite desta quinta-feira (13), um homem de 41 anos foi detido ap\u00f3s ele ter destru\u00eddo um carrinho de coleta de reciclado de um idoso em Costa Rica. De acordo com informa\u00e7\u00f5es do Boletim de Ocorr\u00eancia, era por volta das 18h50min, quando a Pol\u00edcia Militar foi acionada para atender a uma ocorr\u00eancia de [&hellip;]<\/p>\n","protected":false},"author":5,"featured_media":73620,"comment_status":"closed","ping_status":"closed","sticky":false,"template":"","format":"standard","meta":{"footnotes":""},"categories":[25,38],"tags":[],"class_list":["post-245342","post","type-post","status-publish","format-standard","has-post-thumbnail","hentry","category-costa-rica","category-policia"],"_links":{"self":[{"href":"https:\/\/www.ocorreionews.com.br\/acervo-correio\/index.php?rest_route=\/wp\/v2\/posts\/245342","targetHints":{"allow":["GET"]}}],"collection":[{"href":"https:\/\/www.ocorreionews.com.br\/acervo-correio\/index.php?rest_route=\/wp\/v2\/posts"}],"about":[{"href":"https:\/\/www.ocorreionews.com.br\/acervo-correio\/index.php?rest_route=\/wp\/v2\/types\/post"}],"author":[{"embeddable":true,"href":"https:\/\/www.ocorreionews.com.br\/acervo-correio\/index.php?rest_route=\/wp\/v2\/users\/5"}],"replies":[{"embeddable":true,"href":"https:\/\/www.ocorreionews.com.br\/acervo-correio\/index.php?rest_route=%2Fwp%2Fv2%2Fcomments&post=245342"}],"version-history":[{"count":1,"href":"https:\/\/www.ocorreionews.com.br\/acervo-correio\/index.php?rest_route=\/wp\/v2\/posts\/245342\/revisions"}],"predecessor-version":[{"id":245343,"href":"https:\/\/www.ocorreionews.com.br\/acervo-correio\/index.php?rest_route=\/wp\/v2\/posts\/245342\/revisions\/245343"}],"wp:featuredmedia":[{"embeddable":true,"href":"https:\/\/www.ocorreionews.com.br\/acervo-correio\/index.php?rest_route=\/wp\/v2\/media\/73620"}],"wp:attachment":[{"href":"https:\/\/www.ocorreionews.com.br\/acervo-correio\/index.php?rest_route=%2Fwp%2Fv2%2Fmedia&parent=245342"}],"wp:term":[{"taxonomy":"category","embeddable":true,"href":"https:\/\/www.ocorreionews.com.br\/acervo-correio\/index.php?rest_route=%2Fwp%2Fv2%2Fcategories&post=245342"},{"taxonomy":"post_tag","embeddable":true,"href":"https:\/\/www.ocorreionews.com.br\/acervo-correio\/index.php?rest_route=%2Fwp%2Fv2%2Ftags&post=245342"}],"curies":[{"name":"wp","href":"https:\/\/api.w.org\/{rel}","templated":true}]}}