{"id":245344,"date":"2023-07-14T14:02:28","date_gmt":"2023-07-14T18:02:28","guid":{"rendered":"https:\/\/www.ocorreionews.com.br\/acervo-correio\/?p=245344"},"modified":"2023-07-14T14:02:28","modified_gmt":"2023-07-14T18:02:28","slug":"durante-cumprimento-de-mandato-judicial-homem-se-altera-com-policiais-em-chapadao-do-sul","status":"publish","type":"post","link":"https:\/\/www.ocorreionews.com.br\/acervo-correio\/?p=245344","title":{"rendered":"Durante cumprimento de mandato judicial homem se altera com policiais em Chapad\u00e3o do Sul"},"content":{"rendered":"<p>Na manh\u00e3 desta quinta-feira (13), um homem de 28 anos ficou bastante alterado e acabou preso quando os policias foram at\u00e9 sua resid\u00eancia para cumprir um mandado judicial em Chapad\u00e3o do Sul.<\/p>\n<p>Segundo informa\u00e7\u00f5es do Boletim de Ocorr\u00eancia, era por volta das 08h20min quando a Policia Militar de Chapad\u00e3o do Sul foi acionada para dar apoio em favor de cumprir um mandado judicial em uma resid\u00eancia na Rua 29 Centro da cidade.<\/p>\n<p>Os militares foram at\u00e9 o local informado de onde o autor estaria e chegando l\u00e1, ele foi informado sobre o mandado e que precisava sair da resid\u00eancia onde estava. O autor se recusou a sair e alegou n\u00e3o sabia do que se tratava, sendo assim foi entregue uma c\u00f3pia do mandado para ele.<\/p>\n<p>Mesmo assim ele se recusou a sair da resid\u00eancia, al\u00e9m de ficar bastante alterado.<\/p>\n<p>Desta forma foi necess\u00e1rio o uso de algemas na condu\u00e7\u00e3o do autor at\u00e9 a Delegacia Civil, onde foi entregue para as providencias cab\u00edveis.<\/p>\n<p>&nbsp;<\/p>\n<p><em>* O Correio News, com informa\u00e7\u00f5es da Assessoria de comunica\u00e7\u00e3o da 4\u00aa Companhia Independente de Pol\u00edcia Militar<\/em><\/p>\n","protected":false},"excerpt":{"rendered":"<p>Na manh\u00e3 desta quinta-feira (13), um homem de 28 anos ficou bastante alterado e acabou preso quando os policias foram at\u00e9 sua resid\u00eancia para cumprir um mandado judicial em Chapad\u00e3o do Sul. Segundo informa\u00e7\u00f5es do Boletim de Ocorr\u00eancia, era por volta das 08h20min quando a Policia Militar de Chapad\u00e3o do Sul foi acionada para dar [&hellip;]<\/p>\n","protected":false},"author":5,"featured_media":241000,"comment_status":"closed","ping_status":"closed","sticky":false,"template":"","format":"standard","meta":{"footnotes":""},"categories":[23],"tags":[],"class_list":["post-245344","post","type-post","status-publish","format-standard","has-post-thumbnail","hentry","category-chapadao-do-sul"],"_links":{"self":[{"href":"https:\/\/www.ocorreionews.com.br\/acervo-correio\/index.php?rest_route=\/wp\/v2\/posts\/245344","targetHints":{"allow":["GET"]}}],"collection":[{"href":"https:\/\/www.ocorreionews.com.br\/acervo-correio\/index.php?rest_route=\/wp\/v2\/posts"}],"about":[{"href":"https:\/\/www.ocorreionews.com.br\/acervo-correio\/index.php?rest_route=\/wp\/v2\/types\/post"}],"author":[{"embeddable":true,"href":"https:\/\/www.ocorreionews.com.br\/acervo-correio\/index.php?rest_route=\/wp\/v2\/users\/5"}],"replies":[{"embeddable":true,"href":"https:\/\/www.ocorreionews.com.br\/acervo-correio\/index.php?rest_route=%2Fwp%2Fv2%2Fcomments&post=245344"}],"version-history":[{"count":1,"href":"https:\/\/www.ocorreionews.com.br\/acervo-correio\/index.php?rest_route=\/wp\/v2\/posts\/245344\/revisions"}],"predecessor-version":[{"id":245345,"href":"https:\/\/www.ocorreionews.com.br\/acervo-correio\/index.php?rest_route=\/wp\/v2\/posts\/245344\/revisions\/245345"}],"wp:featuredmedia":[{"embeddable":true,"href":"https:\/\/www.ocorreionews.com.br\/acervo-correio\/index.php?rest_route=\/wp\/v2\/media\/241000"}],"wp:attachment":[{"href":"https:\/\/www.ocorreionews.com.br\/acervo-correio\/index.php?rest_route=%2Fwp%2Fv2%2Fmedia&parent=245344"}],"wp:term":[{"taxonomy":"category","embeddable":true,"href":"https:\/\/www.ocorreionews.com.br\/acervo-correio\/index.php?rest_route=%2Fwp%2Fv2%2Fcategories&post=245344"},{"taxonomy":"post_tag","embeddable":true,"href":"https:\/\/www.ocorreionews.com.br\/acervo-correio\/index.php?rest_route=%2Fwp%2Fv2%2Ftags&post=245344"}],"curies":[{"name":"wp","href":"https:\/\/api.w.org\/{rel}","templated":true}]}}