{"id":245365,"date":"2023-07-15T07:10:22","date_gmt":"2023-07-15T11:10:22","guid":{"rendered":"https:\/\/www.ocorreionews.com.br\/acervo-correio\/?p=245365"},"modified":"2023-07-15T07:33:28","modified_gmt":"2023-07-15T11:33:28","slug":"secretaria-municipal-de-saude-contrata-pediatra-e-medica-para-ubsf","status":"publish","type":"post","link":"https:\/\/www.ocorreionews.com.br\/acervo-correio\/?p=245365","title":{"rendered":"Alcin\u00f3polis Secretaria Municipal de Sa\u00fade contrata Pediatra e m\u00e9dica para UBSF"},"content":{"rendered":"<p><strong>Pensando no bem-estar e na qualidade de vida para a sua popula\u00e7\u00e3o o prefeito municipal de Alcin\u00f3polis, contratou mais duas m\u00e9dicas para atender a popula\u00e7\u00e3o nas unidades de sa\u00fade do munic\u00edpio.<\/strong><\/p>\n<p><strong>Nesta sexta-feira 14, O Secret\u00e1rio Municipal de Sa\u00fade, Jo\u00e3o Abadio acompanhado do Chefe de Gabinete, Alo\u00edsio Martins e da Gestora Governamental, Dalma Cris\u00f3stomo, deram boas-vindas para as novas contratadas da rede municipal de sa\u00fade.<\/strong><\/p>\n<p><strong>A Pediatra Dr\u00aa Cristiana Fraga de Souza iniciou hoje os atendimentos infantil na Unidade B\u00e1sica de Sa\u00fade, centro.<\/strong><\/p>\n<figure id=\"attachment_245367\" aria-describedby=\"caption-attachment-245367\" style=\"width: 593px\" class=\"wp-caption alignnone\"><img loading=\"lazy\" decoding=\"async\" class=\"wp-image-245367 size-full\" src=\"https:\/\/www.ocorreionews.com.br\/acervo-correio\/wp-content\/uploads\/2023\/07\/Novas-medicas.jpg\" alt=\"\" width=\"593\" height=\"395\" srcset=\"https:\/\/www.ocorreionews.com.br\/acervo-correio\/wp-content\/uploads\/2023\/07\/Novas-medicas.jpg 593w, https:\/\/www.ocorreionews.com.br\/acervo-correio\/wp-content\/uploads\/2023\/07\/Novas-medicas-300x200.jpg 300w\" sizes=\"auto, (max-width: 593px) 100vw, 593px\" \/><figcaption id=\"caption-attachment-245367\" class=\"wp-caption-text\">A Unidade B\u00e1sica de Sa\u00fade da Fam\u00edlia, conta com atendimento M\u00e9dico Clinico Geral, com a Dr\u00aa Fernanda Pereira Rosa.(jaqueta azul)<\/figcaption><\/figure>\n<p>&nbsp;<\/p>\n<p><strong>O Secret\u00e1rio de Sa\u00fade, Jo\u00e3o Abadio, afirma que \u00e9 de extrema import\u00e2ncia investir na sa\u00fade da popula\u00e7\u00e3o, ofertando servi\u00e7o de qualidade. Informa ainda aos pais ou respons\u00e1veis, que para atendimento com a Pediatra, a crian\u00e7a tem que passar pelo clinico geral e pedir encaminhamento para o especialista.<\/strong><\/p>\n<p><strong>Os atendimentos m\u00e9dicos na UBSF s\u00e3o de segunda a sexta-feira, para maiores informa\u00e7\u00f5es, ligue para (67) 3260-1453.<\/strong><\/p>\n<p><strong>Secretaria de Sa\u00fade \u2013 Cuidando da nossa gente!<\/strong><\/p>\n<p><strong>Prefeitura de Alcin\u00f3polis \u2013 Construindo uma nova hist\u00f3ria!<\/strong><\/p>\n<p><strong>Fonte\/fotos: Assecom<\/strong><\/p>\n","protected":false},"excerpt":{"rendered":"<p>Pensando no bem-estar e na qualidade de vida para a sua popula\u00e7\u00e3o o prefeito municipal de Alcin\u00f3polis, contratou mais duas m\u00e9dicas para atender a popula\u00e7\u00e3o nas unidades de sa\u00fade do munic\u00edpio. Nesta sexta-feira 14, O Secret\u00e1rio Municipal de Sa\u00fade, Jo\u00e3o Abadio acompanhado do Chefe de Gabinete, Alo\u00edsio Martins e da Gestora Governamental, Dalma Cris\u00f3stomo, deram [&hellip;]<\/p>\n","protected":false},"author":4,"featured_media":245368,"comment_status":"closed","ping_status":"closed","sticky":false,"template":"","format":"standard","meta":{"footnotes":""},"categories":[18,39],"tags":[],"class_list":["post-245365","post","type-post","status-publish","format-standard","has-post-thumbnail","hentry","category-alcinopolis","category-saude"],"_links":{"self":[{"href":"https:\/\/www.ocorreionews.com.br\/acervo-correio\/index.php?rest_route=\/wp\/v2\/posts\/245365","targetHints":{"allow":["GET"]}}],"collection":[{"href":"https:\/\/www.ocorreionews.com.br\/acervo-correio\/index.php?rest_route=\/wp\/v2\/posts"}],"about":[{"href":"https:\/\/www.ocorreionews.com.br\/acervo-correio\/index.php?rest_route=\/wp\/v2\/types\/post"}],"author":[{"embeddable":true,"href":"https:\/\/www.ocorreionews.com.br\/acervo-correio\/index.php?rest_route=\/wp\/v2\/users\/4"}],"replies":[{"embeddable":true,"href":"https:\/\/www.ocorreionews.com.br\/acervo-correio\/index.php?rest_route=%2Fwp%2Fv2%2Fcomments&post=245365"}],"version-history":[{"count":2,"href":"https:\/\/www.ocorreionews.com.br\/acervo-correio\/index.php?rest_route=\/wp\/v2\/posts\/245365\/revisions"}],"predecessor-version":[{"id":245370,"href":"https:\/\/www.ocorreionews.com.br\/acervo-correio\/index.php?rest_route=\/wp\/v2\/posts\/245365\/revisions\/245370"}],"wp:featuredmedia":[{"embeddable":true,"href":"https:\/\/www.ocorreionews.com.br\/acervo-correio\/index.php?rest_route=\/wp\/v2\/media\/245368"}],"wp:attachment":[{"href":"https:\/\/www.ocorreionews.com.br\/acervo-correio\/index.php?rest_route=%2Fwp%2Fv2%2Fmedia&parent=245365"}],"wp:term":[{"taxonomy":"category","embeddable":true,"href":"https:\/\/www.ocorreionews.com.br\/acervo-correio\/index.php?rest_route=%2Fwp%2Fv2%2Fcategories&post=245365"},{"taxonomy":"post_tag","embeddable":true,"href":"https:\/\/www.ocorreionews.com.br\/acervo-correio\/index.php?rest_route=%2Fwp%2Fv2%2Ftags&post=245365"}],"curies":[{"name":"wp","href":"https:\/\/api.w.org\/{rel}","templated":true}]}}