{"id":245398,"date":"2023-07-16T10:45:06","date_gmt":"2023-07-16T14:45:06","guid":{"rendered":"https:\/\/www.ocorreionews.com.br\/acervo-correio\/?p=245398"},"modified":"2023-07-16T10:45:06","modified_gmt":"2023-07-16T14:45:06","slug":"projeto-musica-e-arte-realiza-acao-cultural-nas-escolas-rurais","status":"publish","type":"post","link":"https:\/\/www.ocorreionews.com.br\/acervo-correio\/?p=245398","title":{"rendered":"Projeto M\u00fasica e Arte realiza a\u00e7\u00e3o cultural nas Escolas Rurais"},"content":{"rendered":"<p>O projeto M\u00fasica e Arte realizou entre os dias 11 e 13 de julho uma interven\u00e7\u00e3o cultural nas escolas rurais de Chapad\u00e3o do Sul, levando m\u00fasica, teatro e divers\u00e3o para os alunos.<\/p>\n<p>A iniciativa ocorreu em tr\u00eas escolas rurais come\u00e7ando na Escola Ribeir\u00e3o, seguida pela Escola Aroeira e terminando na Escola Pedra Branca.<\/p>\n<p>Os alunos participaram de apresenta\u00e7\u00f5es de m\u00fasica e teatro desenvolvidas pelos professores e estudantes do projeto. Al\u00e9m disso, houve pintura facial, brincadeiras e uma forte intera\u00e7\u00e3o cultural entre a comunidade escolar e o projeto.<\/p>\n<p><img loading=\"lazy\" decoding=\"async\" class=\"alignnone size-full wp-image-245400\" src=\"https:\/\/www.ocorreionews.com.br\/acervo-correio\/wp-content\/uploads\/2023\/07\/musica-e-arte-zr.jpg\" alt=\"\" width=\"800\" height=\"533\" srcset=\"https:\/\/www.ocorreionews.com.br\/acervo-correio\/wp-content\/uploads\/2023\/07\/musica-e-arte-zr.jpg 800w, https:\/\/www.ocorreionews.com.br\/acervo-correio\/wp-content\/uploads\/2023\/07\/musica-e-arte-zr-300x200.jpg 300w, https:\/\/www.ocorreionews.com.br\/acervo-correio\/wp-content\/uploads\/2023\/07\/musica-e-arte-zr-768x512.jpg 768w\" sizes=\"auto, (max-width: 800px) 100vw, 800px\" \/><\/p>\n<p>A realiza\u00e7\u00e3o destacou a import\u00e2ncia da inclus\u00e3o cultural e do acesso equitativo \u00e0s artes, promovendo um ambiente escolar mais din\u00e2mico\u00a0e\u00a0enriquecedor.<\/p>\n<p>O prefeito Jo\u00e3o Carlos Krug parabenizou a todos os professores e envolvidos na realiza\u00e7\u00e3o da interven\u00e7\u00e3o cultura, e reafirma o seu compromisso com a cultura de Chapad\u00e3o do Sul.<\/p>\n<p>O secret\u00e1rio de educa\u00e7\u00e3o e cultura, Guerino Perius, destacou a import\u00e2ncia da iniciativa. \u201cDevemos espalhar a cultura para toda a popula\u00e7\u00e3o de Chapad\u00e3o do Sul, as a\u00e7\u00f5es na zona rural contemplam a todos que de algum modo n\u00e3o podem ter acesso ao servi\u00e7o na cidade. A cultura forma cidad\u00e3os de bem e contribui para uma sociedade melhor.\u201d Disse.<\/p>\n<p><img loading=\"lazy\" decoding=\"async\" class=\"alignnone size-full wp-image-245401\" src=\"https:\/\/www.ocorreionews.com.br\/acervo-correio\/wp-content\/uploads\/2023\/07\/musica-e-arte-zr2.jpg\" alt=\"\" width=\"1599\" height=\"899\" srcset=\"https:\/\/www.ocorreionews.com.br\/acervo-correio\/wp-content\/uploads\/2023\/07\/musica-e-arte-zr2.jpg 1599w, https:\/\/www.ocorreionews.com.br\/acervo-correio\/wp-content\/uploads\/2023\/07\/musica-e-arte-zr2-300x169.jpg 300w, https:\/\/www.ocorreionews.com.br\/acervo-correio\/wp-content\/uploads\/2023\/07\/musica-e-arte-zr2-1024x576.jpg 1024w, https:\/\/www.ocorreionews.com.br\/acervo-correio\/wp-content\/uploads\/2023\/07\/musica-e-arte-zr2-768x432.jpg 768w, https:\/\/www.ocorreionews.com.br\/acervo-correio\/wp-content\/uploads\/2023\/07\/musica-e-arte-zr2-1536x864.jpg 1536w\" sizes=\"auto, (max-width: 1599px) 100vw, 1599px\" \/><\/p>\n<p>O Projeto M\u00fasica e Arte est\u00e1 oferecendo Oficinas de F\u00e9rias para crian\u00e7as interessadas em aprender viol\u00e3o. H\u00e1 duas op\u00e7\u00f5es dispon\u00edveis: a Oficina de Viol\u00e3o Iniciante, para aqueles que desejam aprender os fundamentos b\u00e1sicos do instrumento, e a Oficina de Ritmos Brasileiros, para alunos intermedi\u00e1rios que buscam explorar os ritmos tradicionais do Brasil. Ambas as oficinas proporcionam um ambiente de aprendizado estruturado e divertido, com instrutores qualificados. Al\u00e9m disso, os participantes t\u00eam a oportunidade de interagir com outros jovens m\u00fasicos e desenvolver suas habilidades musicais, express\u00e3o criativa e construir amizades duradouras. As inscri\u00e7\u00f5es podem ser feitas <a href=\"https:\/\/docs.google.com\/forms\/d\/e\/1FAIpQLScuuGE7nYEz3jhPrbWTvDYFJzL9kD8X_29ifza7VsD31Y_tyw\/viewform?usp=pp_url\">clicando aqui<\/a> ou atrav\u00e9s do telefone (67) 996084807.<\/p>\n","protected":false},"excerpt":{"rendered":"<p>O projeto M\u00fasica e Arte realizou entre os dias 11 e 13 de julho uma interven\u00e7\u00e3o cultural nas escolas rurais de Chapad\u00e3o do Sul, levando m\u00fasica, teatro e divers\u00e3o para os alunos. A iniciativa ocorreu em tr\u00eas escolas rurais come\u00e7ando na Escola Ribeir\u00e3o, seguida pela Escola Aroeira e terminando na Escola Pedra Branca. Os alunos [&hellip;]<\/p>\n","protected":false},"author":4,"featured_media":245400,"comment_status":"closed","ping_status":"closed","sticky":false,"template":"","format":"standard","meta":{"footnotes":""},"categories":[23,41],"tags":[],"class_list":["post-245398","post","type-post","status-publish","format-standard","has-post-thumbnail","hentry","category-chapadao-do-sul","category-destaque"],"_links":{"self":[{"href":"https:\/\/www.ocorreionews.com.br\/acervo-correio\/index.php?rest_route=\/wp\/v2\/posts\/245398","targetHints":{"allow":["GET"]}}],"collection":[{"href":"https:\/\/www.ocorreionews.com.br\/acervo-correio\/index.php?rest_route=\/wp\/v2\/posts"}],"about":[{"href":"https:\/\/www.ocorreionews.com.br\/acervo-correio\/index.php?rest_route=\/wp\/v2\/types\/post"}],"author":[{"embeddable":true,"href":"https:\/\/www.ocorreionews.com.br\/acervo-correio\/index.php?rest_route=\/wp\/v2\/users\/4"}],"replies":[{"embeddable":true,"href":"https:\/\/www.ocorreionews.com.br\/acervo-correio\/index.php?rest_route=%2Fwp%2Fv2%2Fcomments&post=245398"}],"version-history":[{"count":1,"href":"https:\/\/www.ocorreionews.com.br\/acervo-correio\/index.php?rest_route=\/wp\/v2\/posts\/245398\/revisions"}],"predecessor-version":[{"id":245404,"href":"https:\/\/www.ocorreionews.com.br\/acervo-correio\/index.php?rest_route=\/wp\/v2\/posts\/245398\/revisions\/245404"}],"wp:featuredmedia":[{"embeddable":true,"href":"https:\/\/www.ocorreionews.com.br\/acervo-correio\/index.php?rest_route=\/wp\/v2\/media\/245400"}],"wp:attachment":[{"href":"https:\/\/www.ocorreionews.com.br\/acervo-correio\/index.php?rest_route=%2Fwp%2Fv2%2Fmedia&parent=245398"}],"wp:term":[{"taxonomy":"category","embeddable":true,"href":"https:\/\/www.ocorreionews.com.br\/acervo-correio\/index.php?rest_route=%2Fwp%2Fv2%2Fcategories&post=245398"},{"taxonomy":"post_tag","embeddable":true,"href":"https:\/\/www.ocorreionews.com.br\/acervo-correio\/index.php?rest_route=%2Fwp%2Fv2%2Ftags&post=245398"}],"curies":[{"name":"wp","href":"https:\/\/api.w.org\/{rel}","templated":true}]}}