{"id":245408,"date":"2023-07-17T06:59:55","date_gmt":"2023-07-17T10:59:55","guid":{"rendered":"https:\/\/www.ocorreionews.com.br\/acervo-correio\/?p=245408"},"modified":"2023-07-17T07:49:08","modified_gmt":"2023-07-17T11:49:08","slug":"ributar-exportacoes-e-anti-brasil-entenda","status":"publish","type":"post","link":"https:\/\/www.ocorreionews.com.br\/acervo-correio\/?p=245408","title":{"rendered":"Tributar exporta\u00e7\u00f5es \u00e9 \u201canti-Brasil\u201d: ENTENDA"},"content":{"rendered":"<blockquote><p><strong>A iniciativa \u00e9 completamente oposta aos princ\u00edpios da reforma tribut\u00e1ria&#8221;<\/strong><\/p><\/blockquote>\n<p>A Associa\u00e7\u00e3o de Com\u00e9rcio Exterior do Brasil (AEB) criticou a inclus\u00e3o e aprova\u00e7\u00e3o de \u00faltima hora do Artigo 20 da Emenda Aglutinativa na Reforma Tribut\u00e1ria (PEC 45) aprovada pela C\u00e2mara dos Deputados. Essa Emenda permite a tributa\u00e7\u00e3o pelos Estados sobre produtos prim\u00e1rios e semielaborados, e foi considerada \u201csurpreendente e contr\u00e1ria aos princ\u00edpios da reforma tribut\u00e1ria\u201d.<\/p>\n<div id=\"agk_14000_pos_4_conteudo_desktop\" class=\"mb-4\" data-google-query-id=\"CPO65brKlYADFfxU3QIdsgsGng\">\n<div id=\"google_ads_iframe_\/316485075\/agk_14000_pos_4_conteudo_desktop_0__container__\">\u201cA iniciativa \u00e9 completamente oposta aos princ\u00edpios da reforma tribut\u00e1ria, pois ao inv\u00e9s de gerar redu\u00e7\u00e3o de custos, ela vai provocar eleva\u00e7\u00e3o de custos. Analisado sob outro prisma, a proposta de cria\u00e7\u00e3o deste tributo tem como consequ\u00eancia natural promover inseguran\u00e7a jur\u00eddica, o que igualmente vai contra os objetivos da reforma tribut\u00e1ria, que \u00e9 produzir seguran\u00e7a jur\u00eddica. Portanto, essa medida vai na contram\u00e3o das diretrizes estabelecidas para a reforma e pode trazer efeitos negativos para a economia e o ambiente de neg\u00f3cios\u201d, atesta Jos\u00e9 Augusto de Castro, presidente executivo da AEB.<\/div>\n<\/div>\n<p>O Brasil \u00e9 um dos maiores exportadores mundiais de produtos prim\u00e1rios e semielaborados, como soja, min\u00e9rio e petr\u00f3leo, representando cerca de 40% das exporta\u00e7\u00f5es brasileiras. De acordo com a AEB, a imposi\u00e7\u00e3o de novos tributos sobre esses produtos poderia gerar custos adicionais, impactando as cota\u00e7\u00f5es no com\u00e9rcio mundial e prejudicando a competitividade e as exporta\u00e7\u00f5es brasileiras.<\/p>\n<p>\u201cUm exemplo semelhante \u00e9 a Argentina, que deixou de ser um pa\u00eds reconhecidamente competente na exporta\u00e7\u00e3o de suas commodities do agroneg\u00f3cio e se tornou um grande importador de soja do Brasil, resultando em perdas signi?cativas para aquele pa\u00eds\u201d, explica Castro. Os impactos da implementa\u00e7\u00e3o de tributos sobre tais produtos, ressalta o executivo, ainda s\u00e3o evidentes na economia argentina, o que aumenta a apreens\u00e3o de outros setores e ind\u00fastrias diante desse exemplo.<\/p>\n<p>\u201c\u00c9 importante considerar os potenciais impactos negativos na economia brasileira antes de decidir taxar as exporta\u00e7\u00f5es, uma iniciativa que poucos pa\u00edses subdesenvolvidos se arriscam a tomar. A proposta de tributa\u00e7\u00e3o de exporta\u00e7\u00f5es \u00e9 anti-reforma e anti-Brasil, indo contra os princ\u00edpios da reforma tribut\u00e1ria de reduzir custos e promover seguran\u00e7a jur\u00eddica\u201d, conclui.<\/p>\n<p>Por:\u00a0<strong class=\"fn\"><a class=\"text-uppercase\" target=\"_blank\" rel=\"noopener\">AGROLINK<\/a><\/strong>\u00a0&#8211;<i>Leonardo Gottems<\/i><\/p>\n","protected":false},"excerpt":{"rendered":"<p>A iniciativa \u00e9 completamente oposta aos princ\u00edpios da reforma tribut\u00e1ria&#8221; A Associa\u00e7\u00e3o de Com\u00e9rcio Exterior do Brasil (AEB) criticou a inclus\u00e3o e aprova\u00e7\u00e3o de \u00faltima hora do Artigo 20 da Emenda Aglutinativa na Reforma Tribut\u00e1ria (PEC 45) aprovada pela C\u00e2mara dos Deputados. Essa Emenda permite a tributa\u00e7\u00e3o pelos Estados sobre produtos prim\u00e1rios e semielaborados, e [&hellip;]<\/p>\n","protected":false},"author":4,"featured_media":230305,"comment_status":"closed","ping_status":"closed","sticky":false,"template":"","format":"standard","meta":{"footnotes":""},"categories":[17,41],"tags":[],"class_list":["post-245408","post","type-post","status-publish","format-standard","has-post-thumbnail","hentry","category-agropecuaria","category-destaque"],"_links":{"self":[{"href":"https:\/\/www.ocorreionews.com.br\/acervo-correio\/index.php?rest_route=\/wp\/v2\/posts\/245408","targetHints":{"allow":["GET"]}}],"collection":[{"href":"https:\/\/www.ocorreionews.com.br\/acervo-correio\/index.php?rest_route=\/wp\/v2\/posts"}],"about":[{"href":"https:\/\/www.ocorreionews.com.br\/acervo-correio\/index.php?rest_route=\/wp\/v2\/types\/post"}],"author":[{"embeddable":true,"href":"https:\/\/www.ocorreionews.com.br\/acervo-correio\/index.php?rest_route=\/wp\/v2\/users\/4"}],"replies":[{"embeddable":true,"href":"https:\/\/www.ocorreionews.com.br\/acervo-correio\/index.php?rest_route=%2Fwp%2Fv2%2Fcomments&post=245408"}],"version-history":[{"count":2,"href":"https:\/\/www.ocorreionews.com.br\/acervo-correio\/index.php?rest_route=\/wp\/v2\/posts\/245408\/revisions"}],"predecessor-version":[{"id":245414,"href":"https:\/\/www.ocorreionews.com.br\/acervo-correio\/index.php?rest_route=\/wp\/v2\/posts\/245408\/revisions\/245414"}],"wp:featuredmedia":[{"embeddable":true,"href":"https:\/\/www.ocorreionews.com.br\/acervo-correio\/index.php?rest_route=\/wp\/v2\/media\/230305"}],"wp:attachment":[{"href":"https:\/\/www.ocorreionews.com.br\/acervo-correio\/index.php?rest_route=%2Fwp%2Fv2%2Fmedia&parent=245408"}],"wp:term":[{"taxonomy":"category","embeddable":true,"href":"https:\/\/www.ocorreionews.com.br\/acervo-correio\/index.php?rest_route=%2Fwp%2Fv2%2Fcategories&post=245408"},{"taxonomy":"post_tag","embeddable":true,"href":"https:\/\/www.ocorreionews.com.br\/acervo-correio\/index.php?rest_route=%2Fwp%2Fv2%2Ftags&post=245408"}],"curies":[{"name":"wp","href":"https:\/\/api.w.org\/{rel}","templated":true}]}}