{"id":245413,"date":"2023-07-17T07:58:36","date_gmt":"2023-07-17T11:58:36","guid":{"rendered":"https:\/\/www.ocorreionews.com.br\/acervo-correio\/?p=245413"},"modified":"2023-07-17T07:58:36","modified_gmt":"2023-07-17T11:58:36","slug":"transporte-de-escolares-e-tema-de-palestra-em-costa-rica","status":"publish","type":"post","link":"https:\/\/www.ocorreionews.com.br\/acervo-correio\/?p=245413","title":{"rendered":"Transporte de Escolares \u00e9 tema de palestra em Costa Rica"},"content":{"rendered":"<div class=\"ntc_cont_descricao_noticia sw_txteditor\">Na ultima\u00a0 sexta-feira (14), aconteceu no audit\u00f3rio Prof\u00aa Edna Maria Jacinto da Silva, em Costa Rica, uma palestra com o representante do Conselho Estadual de Tr\u00e2nsito de Mato Grosso do Sul (Cetran\/MS), Luiz Carlos Duarte Magalh\u00e3es, com o objetivo de abordar o tema do transporte de escolares. O evento foi realizado pela Prefeitura de Costa Rica, atrav\u00e9s do Departamento Municipal de Tr\u00e2nsito (Demutran), visando conscientizar e destacar a import\u00e2ncia desse servi\u00e7o para toda a comunidade.<\/p>\n<p>O vice-prefeito, Roni Cota, ressaltou a import\u00e2ncia do evento, afirmando que a conscientiza\u00e7\u00e3o sobre o transporte de escolares \u00e9 fundamental para garantir a seguran\u00e7a das crian\u00e7as e adolescentes. Ele destacou o compromisso da Prefeitura em fiscalizar e garantir a qualidade desse servi\u00e7o, visando sempre o bem-estar da comunidade.<\/p>\n<p>A palestra em Costa Rica focou na fiscaliza\u00e7\u00e3o do transporte de escolares, buscando conscientizar os gestores sobre a responsabiliza\u00e7\u00e3o civil e criminal relacionada \u00e0 falta de equipamentos e condi\u00e7\u00f5es adequadas do ve\u00edculo, assim como a habilita\u00e7\u00e3o e os cuidados necess\u00e1rios por parte dos motoristas. O evento tamb\u00e9m ressaltou a import\u00e2ncia da observa\u00e7\u00e3o dos equipamentos de seguran\u00e7a necess\u00e1rios no ve\u00edculo, garantindo que estejam em boas condi\u00e7\u00f5es, al\u00e9m de enfatizar a proibi\u00e7\u00e3o do consumo de bebidas alco\u00f3licas antes e durante a condu\u00e7\u00e3o.<\/p>\n<p>A secret\u00e1ria de Educa\u00e7\u00e3o, Maria F. Almeida, enfatizou a parceria entre a Secretaria e o Demutran na promo\u00e7\u00e3o de a\u00e7\u00f5es educativas como essa. Ela ressaltou a import\u00e2ncia de conscientizar os motoristas sobre sua responsabilidade no transporte dos alunos, garantindo um ambiente seguro e confi\u00e1vel.<\/p>\n<p>Outro ponto abordado foi a necessidade de os motoristas de transporte de escolares terem os devidos cuidados com as crian\u00e7as e adolescentes, como o uso do cinto de seguran\u00e7a, a preven\u00e7\u00e3o de ass\u00e9dio e a import\u00e2ncia de uma dire\u00e7\u00e3o segura. A palestra foi uma oportunidade para promover a conscientiza\u00e7\u00e3o e a educa\u00e7\u00e3o no tr\u00e2nsito, a fim de garantir a seguran\u00e7a das crian\u00e7as durante o transporte escolar.<\/p>\n<p>O conselheiro do Cetran\/MS, Luiz Carlos Duarte Magalh\u00e3es, trouxe informa\u00e7\u00f5es relevantes e esclarecedoras sobre as responsabilidades dos gestores e motoristas nessa \u00e1rea, al\u00e9m de fornecer orienta\u00e7\u00f5es sobre as boas pr\u00e1ticas a serem adotadas para garantir a seguran\u00e7a dos estudantes. A participa\u00e7\u00e3o da comunidade local foi fundamental para disseminar os conhecimentos adquiridos e contribuir para uma condu\u00e7\u00e3o mais segura e respons\u00e1vel do transporte de escolares.<\/p>\n<p>O evento contou com a presen\u00e7a de autoridades municipais, gestores da \u00e1rea de transporte de escolares, motoristas e demais profissionais do setor. A palestra foi enriquecedora e trouxe uma reflex\u00e3o sobre a import\u00e2ncia do transporte de escolares para a comunidade, destacando a necessidade de garantir a seguran\u00e7a e o bem-estar dos estudantes durante o trajeto.<\/p>\n<p>O presidente da C\u00e2mara de Vereadores de Costa Rica, Ailton Martins de Amorim, esteve presente no evento e destacou a relev\u00e2ncia da palestra para a comunidade. Ele ressaltou a import\u00e2ncia de todos os envolvidos estarem conscientes de suas responsabilidades e agirem de forma a garantir a seguran\u00e7a dos alunos.<\/p>\n<p>O diretor do Demutran, Abr\u00e3o Santana Barbosa, agradeceu a presen\u00e7a de todos e refor\u00e7ou o compromisso da Prefeitura e do departamento em fiscalizar e orientar os motoristas de transporte de escolares. Ele destacou a import\u00e2ncia de seguir as normas de tr\u00e2nsito e de estar sempre atento \u00e0 seguran\u00e7a dos alunos.<\/p>\n<p>Ao final do evento, ficou evidente que a conscientiza\u00e7\u00e3o e a capacita\u00e7\u00e3o dos envolvidos no transporte de escolares s\u00e3o fundamentais para garantir a tranquilidade e a seguran\u00e7a das crian\u00e7as e adolescentes. A Prefeitura de Costa Rica, o Demutran, em parceria com o Cetran\/MS, continua trabalhando para promover a\u00e7\u00f5es educativas e de fiscaliza\u00e7\u00e3o, visando aprimorar a qualidade desse servi\u00e7o t\u00e3o importante para toda a comunidade.<\/p>\n<p>Tamb\u00e9m estiveram presentes na palestra, o prefeito de Costa Rica, delegado Cleverson Alves dos Santos; o procurador geral do munic\u00edpio, Rogerio do Carmo Soto Coelho; a secret\u00e1ria de Assist\u00eancia Social, Evair Gomes Nogueira; o secret\u00e1rio de Administra\u00e7\u00e3o, Finan\u00e7as, Planejamento, Receita e Controle, Uriel Carvalho de Oliveira e presidente da Junta Administrativa de Recursos de Infra\u00e7\u00f5es\u00a0(JARI) ; a secret\u00e1ria de Educa\u00e7\u00e3o, Maria Aparecida Francisca de Souza Almeida; o vereador Evaldo Paulino Garcia; a coordenadora pedag\u00f3gica de tr\u00e2nsito, Adriana Nogueira Leite; a secret\u00e1ria do Demutran, Ros\u00e2ngela Aparecida Rosa; o coordenador do transporte de escolar, Gilton Nogueira de Menezes, motoristas de transportes de escolar, equipe do Demutran, entre outras.<\/p><\/div>\n<p>&nbsp;<\/p>\n<div class=\"ntc_cont_descricao_noticia sw_txteditor\"><img decoding=\"async\" class=\"imgcentraliza\" src=\"https:\/\/www.costarica.ms.gov.br\/fotos\/50065a22809c42d4b40ce4804545a1fd.jpg\" alt=\"Foto Noticia Principal Grande\" \/>\n<\/div>\n<div class=\"ntc_area_info_noticia sw_lato\">\n<div>\n<div class=\"ntc_info_noticia\"><strong class=\"sw_lato_black\">Fonte: <\/strong>Assessoria de Comunica\u00e7\u00e3o \/ PMCR<strong class=\"sw_lato_black\">\u00a0<\/strong>Silvestre de Castro<\/div>\n<\/div>\n<\/div>\n","protected":false},"excerpt":{"rendered":"<p>Na ultima\u00a0 sexta-feira (14), aconteceu no audit\u00f3rio Prof\u00aa Edna Maria Jacinto da Silva, em Costa Rica, uma palestra com o representante do Conselho Estadual de Tr\u00e2nsito de Mato Grosso do Sul (Cetran\/MS), Luiz Carlos Duarte Magalh\u00e3es, com o objetivo de abordar o tema do transporte de escolares. O evento foi realizado pela Prefeitura de Costa [&hellip;]<\/p>\n","protected":false},"author":5,"featured_media":245417,"comment_status":"closed","ping_status":"closed","sticky":false,"template":"","format":"standard","meta":{"footnotes":""},"categories":[25],"tags":[],"class_list":["post-245413","post","type-post","status-publish","format-standard","has-post-thumbnail","hentry","category-costa-rica"],"_links":{"self":[{"href":"https:\/\/www.ocorreionews.com.br\/acervo-correio\/index.php?rest_route=\/wp\/v2\/posts\/245413","targetHints":{"allow":["GET"]}}],"collection":[{"href":"https:\/\/www.ocorreionews.com.br\/acervo-correio\/index.php?rest_route=\/wp\/v2\/posts"}],"about":[{"href":"https:\/\/www.ocorreionews.com.br\/acervo-correio\/index.php?rest_route=\/wp\/v2\/types\/post"}],"author":[{"embeddable":true,"href":"https:\/\/www.ocorreionews.com.br\/acervo-correio\/index.php?rest_route=\/wp\/v2\/users\/5"}],"replies":[{"embeddable":true,"href":"https:\/\/www.ocorreionews.com.br\/acervo-correio\/index.php?rest_route=%2Fwp%2Fv2%2Fcomments&post=245413"}],"version-history":[{"count":2,"href":"https:\/\/www.ocorreionews.com.br\/acervo-correio\/index.php?rest_route=\/wp\/v2\/posts\/245413\/revisions"}],"predecessor-version":[{"id":245419,"href":"https:\/\/www.ocorreionews.com.br\/acervo-correio\/index.php?rest_route=\/wp\/v2\/posts\/245413\/revisions\/245419"}],"wp:featuredmedia":[{"embeddable":true,"href":"https:\/\/www.ocorreionews.com.br\/acervo-correio\/index.php?rest_route=\/wp\/v2\/media\/245417"}],"wp:attachment":[{"href":"https:\/\/www.ocorreionews.com.br\/acervo-correio\/index.php?rest_route=%2Fwp%2Fv2%2Fmedia&parent=245413"}],"wp:term":[{"taxonomy":"category","embeddable":true,"href":"https:\/\/www.ocorreionews.com.br\/acervo-correio\/index.php?rest_route=%2Fwp%2Fv2%2Fcategories&post=245413"},{"taxonomy":"post_tag","embeddable":true,"href":"https:\/\/www.ocorreionews.com.br\/acervo-correio\/index.php?rest_route=%2Fwp%2Fv2%2Ftags&post=245413"}],"curies":[{"name":"wp","href":"https:\/\/api.w.org\/{rel}","templated":true}]}}