{"id":245435,"date":"2023-07-17T08:12:59","date_gmt":"2023-07-17T12:12:59","guid":{"rendered":"https:\/\/www.ocorreionews.com.br\/acervo-correio\/?p=245435"},"modified":"2023-07-18T08:31:39","modified_gmt":"2023-07-18T12:31:39","slug":"acontece-hoje-a-cerimonia-de-entrega-dos-certificados-do-plano-municipal-de-qualificacao","status":"publish","type":"post","link":"https:\/\/www.ocorreionews.com.br\/acervo-correio\/?p=245435","title":{"rendered":"Acontece Hoje a cerim\u00f4nia de entrega dos certificados do Plano Municipal de Qualifica\u00e7\u00e3o"},"content":{"rendered":"<p>A Prefeitura Municipal de Chapad\u00e3o do Sul, por meio da Secretaria de Desenvolvimento Econ\u00f4mico e Meio Ambiente (SEDEMA), convida os alunos dos \u00faltimos cursos promovidos, para uma cerim\u00f4nia especial de entrega de certificados de qualifica\u00e7\u00e3o profissional oferecidos pelo Executivo Municipal atrav\u00e9s do Plano Municipal de Qualifica\u00e7\u00e3o e Gest\u00e3o.<\/p>\n<p>Convidamos alunos e autoridades e representantes de entidades envolvidas, para participarem na solenidade de entrega dos certificados que ocorrer\u00e1 no dia 17 de julho, na C\u00e2mara Municipal localizada na Avenida Onze n\u00b0 963, \u00e0s 19h no hor\u00e1rio de Mato Grosso do Sul. A iniciativa faz parte do Plano Municipal de Qualifica\u00e7\u00e3o e Gest\u00e3o, criado em 2021 pelo Executivo Municipal atrav\u00e9s da SEDEMA, com o intuito de garantir uma educa\u00e7\u00e3o inclusiva, equitativa e de qualidade, al\u00e9m de proporcionar oportunidades de aprendizagem para todos. Neste ano de 2023, o plano prev\u00ea mais de 80 cursos de qualifica\u00e7\u00e3o gratuitos para a popula\u00e7\u00e3o de Chapad\u00e3o do Sul.<\/p>\n<p>Mais de 3.000 moradores de Chapad\u00e3o do Sul j\u00e1 foram beneficiados por esse programa de qualifica\u00e7\u00e3o, tendo a chance de aprender sobre as \u00e1reas de maior crescimento e demanda por m\u00e3o de obra qualificada em nosso munic\u00edpio. Os cursos abrangeram temas como empreendedorismo, constru\u00e7\u00e3o civil, com\u00e9rcio, agroneg\u00f3cio, gest\u00e3o e servi\u00e7os. Essa iniciativa visa capacitar jovens e adultos, fornecendo habilidades relevantes, incluindo compet\u00eancias t\u00e9cnicas e profissionais, essenciais para o emprego, trabalho digno e no\u00e7\u00f5es de empreendedorismo. \u00c9 importante ressaltar que os alunos devem confirmar sua presen\u00e7a atrav\u00e9s do n\u00famero de WhatsApp da SEDEMA:\u00a0<a href=\"https:\/\/wa.me\/5567996183431\">https:\/\/wa.me\/5567996183431<\/a>.<\/p>\n<p>Para aqueles que desejam se inscrever nos cursos que ocorrer\u00e3o at\u00e9 o final do ano, \u00e9 poss\u00edvel realizar a pr\u00e9-inscri\u00e7\u00e3o pelo seguinte link:\u00a0<a href=\"https:\/\/linktr.ee\/sedema.online\">https:\/\/linktr.ee\/sedema.online<\/a><\/p>\n<p>ASCOM<\/p>\n","protected":false},"excerpt":{"rendered":"<p>A Prefeitura Municipal de Chapad\u00e3o do Sul, por meio da Secretaria de Desenvolvimento Econ\u00f4mico e Meio Ambiente (SEDEMA), convida os alunos dos \u00faltimos cursos promovidos, para uma cerim\u00f4nia especial de entrega de certificados de qualifica\u00e7\u00e3o profissional oferecidos pelo Executivo Municipal atrav\u00e9s do Plano Municipal de Qualifica\u00e7\u00e3o e Gest\u00e3o. Convidamos alunos e autoridades e representantes de [&hellip;]<\/p>\n","protected":false},"author":4,"featured_media":245436,"comment_status":"closed","ping_status":"closed","sticky":false,"template":"","format":"standard","meta":{"footnotes":""},"categories":[23],"tags":[],"class_list":["post-245435","post","type-post","status-publish","format-standard","has-post-thumbnail","hentry","category-chapadao-do-sul"],"_links":{"self":[{"href":"https:\/\/www.ocorreionews.com.br\/acervo-correio\/index.php?rest_route=\/wp\/v2\/posts\/245435","targetHints":{"allow":["GET"]}}],"collection":[{"href":"https:\/\/www.ocorreionews.com.br\/acervo-correio\/index.php?rest_route=\/wp\/v2\/posts"}],"about":[{"href":"https:\/\/www.ocorreionews.com.br\/acervo-correio\/index.php?rest_route=\/wp\/v2\/types\/post"}],"author":[{"embeddable":true,"href":"https:\/\/www.ocorreionews.com.br\/acervo-correio\/index.php?rest_route=\/wp\/v2\/users\/4"}],"replies":[{"embeddable":true,"href":"https:\/\/www.ocorreionews.com.br\/acervo-correio\/index.php?rest_route=%2Fwp%2Fv2%2Fcomments&post=245435"}],"version-history":[{"count":1,"href":"https:\/\/www.ocorreionews.com.br\/acervo-correio\/index.php?rest_route=\/wp\/v2\/posts\/245435\/revisions"}],"predecessor-version":[{"id":245437,"href":"https:\/\/www.ocorreionews.com.br\/acervo-correio\/index.php?rest_route=\/wp\/v2\/posts\/245435\/revisions\/245437"}],"wp:featuredmedia":[{"embeddable":true,"href":"https:\/\/www.ocorreionews.com.br\/acervo-correio\/index.php?rest_route=\/wp\/v2\/media\/245436"}],"wp:attachment":[{"href":"https:\/\/www.ocorreionews.com.br\/acervo-correio\/index.php?rest_route=%2Fwp%2Fv2%2Fmedia&parent=245435"}],"wp:term":[{"taxonomy":"category","embeddable":true,"href":"https:\/\/www.ocorreionews.com.br\/acervo-correio\/index.php?rest_route=%2Fwp%2Fv2%2Fcategories&post=245435"},{"taxonomy":"post_tag","embeddable":true,"href":"https:\/\/www.ocorreionews.com.br\/acervo-correio\/index.php?rest_route=%2Fwp%2Fv2%2Ftags&post=245435"}],"curies":[{"name":"wp","href":"https:\/\/api.w.org\/{rel}","templated":true}]}}