{"id":245527,"date":"2023-07-17T17:05:00","date_gmt":"2023-07-17T21:05:00","guid":{"rendered":"https:\/\/www.ocorreionews.com.br\/acervo-correio\/?p=245527"},"modified":"2023-07-17T17:05:00","modified_gmt":"2023-07-17T21:05:00","slug":"jovem-e-preso-ao-agredir-a-namorada-em-costa-rica","status":"publish","type":"post","link":"https:\/\/www.ocorreionews.com.br\/acervo-correio\/?p=245527","title":{"rendered":"Jovem \u00e9 preso ao agredir a namorada em Costa Rica"},"content":{"rendered":"<p>Na noite do \u00faltimo s\u00e1bado (15), um jovem de 26 anos foi preso ap\u00f3s agredir sua namorada de 20 anos na cidade de Costa Rica.<\/p>\n<p>De acordo com informa\u00e7\u00f5es do Boletim de Ocorr\u00eancia, a Policia Militar foi acionada por volta das 21h30min para atender uma ocorr\u00eancia de viol\u00eancia dom\u00e9stica, onde a v\u00edtima relatava que ao discutir com seu companheiro, ele a agrediu com empurr\u00f5es, vindo a causar les\u00f5es em seu bra\u00e7o esquerdo, como n\u00e3o era a primeira vez que isso acontecia ela resolveu pedir ajuda e solicitar os militares.<\/p>\n<p>Os policiais foram at\u00e9 a resid\u00eancia que fica na Rua Orecino Rodrigues de Melo, e l\u00e1 encontrou o autor que n\u00e3o apresentou resist\u00eancia com a voz de pris\u00e3o, sendo encaminhado \u00e0 delegacia para as providencias cab\u00edveis.<\/p>\n<p>&nbsp;<\/p>\n<p><em>*O Correio News, com informa\u00e7\u00f5es da Assessoria de comunica\u00e7\u00e3o da 4\u00aa Companhia Independente de Pol\u00edcia Militar<\/em><\/p>\n","protected":false},"excerpt":{"rendered":"<p>Na noite do \u00faltimo s\u00e1bado (15), um jovem de 26 anos foi preso ap\u00f3s agredir sua namorada de 20 anos na cidade de Costa Rica. De acordo com informa\u00e7\u00f5es do Boletim de Ocorr\u00eancia, a Policia Militar foi acionada por volta das 21h30min para atender uma ocorr\u00eancia de viol\u00eancia dom\u00e9stica, onde a v\u00edtima relatava que ao [&hellip;]<\/p>\n","protected":false},"author":5,"featured_media":184211,"comment_status":"closed","ping_status":"closed","sticky":false,"template":"","format":"standard","meta":{"footnotes":""},"categories":[25,38],"tags":[],"class_list":["post-245527","post","type-post","status-publish","format-standard","has-post-thumbnail","hentry","category-costa-rica","category-policia"],"_links":{"self":[{"href":"https:\/\/www.ocorreionews.com.br\/acervo-correio\/index.php?rest_route=\/wp\/v2\/posts\/245527","targetHints":{"allow":["GET"]}}],"collection":[{"href":"https:\/\/www.ocorreionews.com.br\/acervo-correio\/index.php?rest_route=\/wp\/v2\/posts"}],"about":[{"href":"https:\/\/www.ocorreionews.com.br\/acervo-correio\/index.php?rest_route=\/wp\/v2\/types\/post"}],"author":[{"embeddable":true,"href":"https:\/\/www.ocorreionews.com.br\/acervo-correio\/index.php?rest_route=\/wp\/v2\/users\/5"}],"replies":[{"embeddable":true,"href":"https:\/\/www.ocorreionews.com.br\/acervo-correio\/index.php?rest_route=%2Fwp%2Fv2%2Fcomments&post=245527"}],"version-history":[{"count":1,"href":"https:\/\/www.ocorreionews.com.br\/acervo-correio\/index.php?rest_route=\/wp\/v2\/posts\/245527\/revisions"}],"predecessor-version":[{"id":245565,"href":"https:\/\/www.ocorreionews.com.br\/acervo-correio\/index.php?rest_route=\/wp\/v2\/posts\/245527\/revisions\/245565"}],"wp:featuredmedia":[{"embeddable":true,"href":"https:\/\/www.ocorreionews.com.br\/acervo-correio\/index.php?rest_route=\/wp\/v2\/media\/184211"}],"wp:attachment":[{"href":"https:\/\/www.ocorreionews.com.br\/acervo-correio\/index.php?rest_route=%2Fwp%2Fv2%2Fmedia&parent=245527"}],"wp:term":[{"taxonomy":"category","embeddable":true,"href":"https:\/\/www.ocorreionews.com.br\/acervo-correio\/index.php?rest_route=%2Fwp%2Fv2%2Fcategories&post=245527"},{"taxonomy":"post_tag","embeddable":true,"href":"https:\/\/www.ocorreionews.com.br\/acervo-correio\/index.php?rest_route=%2Fwp%2Fv2%2Ftags&post=245527"}],"curies":[{"name":"wp","href":"https:\/\/api.w.org\/{rel}","templated":true}]}}