{"id":245567,"date":"2023-07-17T17:10:15","date_gmt":"2023-07-17T21:10:15","guid":{"rendered":"https:\/\/www.ocorreionews.com.br\/acervo-correio\/?p=245567"},"modified":"2023-07-17T17:11:39","modified_gmt":"2023-07-17T21:11:39","slug":"jovem-tem-celular-furtado-em-conveniencia-de-figueirao","status":"publish","type":"post","link":"https:\/\/www.ocorreionews.com.br\/acervo-correio\/?p=245567","title":{"rendered":"Jovem tem celular furtado em conveni\u00eancia de Figueir\u00e3o"},"content":{"rendered":"<p>Na noite da \u00faltima sexta-feira (14), uma jovem de 26 anos, teve seu celular furtado em uma conveni\u00eancia da cidade Figueir\u00e3o.<\/p>\n<p>Segundo informa\u00e7\u00f5es do Boletim de Ocorr\u00eancia, por volta das 21h40min, os militares foram informados pela v\u00edtima que estava em uma conveni\u00eancia e ao ir no banheiro deixou seu celular sobre a mesa, quando ela retornou o celular n\u00e3o estava mais l\u00e1, na mesa estavam dois amigos da v\u00edtima, ela diz n\u00e3o desconfiar de nenhum deles.<\/p>\n<p>A v\u00edtima fez contato com o dono do estabelecimento que a ajudou na busca porem sem \u00eaxito.<\/p>\n<p>Ap\u00f3s isso ela compareceu na Policia Militar para registrar a queixa dos fatos.<\/p>\n<p><em>*O Correio News, com informa\u00e7\u00f5es da Assessoria de comunica\u00e7\u00e3o da 4\u00aa Companhia Independente de Pol\u00edcia Militar<\/em><\/p>\n","protected":false},"excerpt":{"rendered":"<p>Na noite da \u00faltima sexta-feira (14), uma jovem de 26 anos, teve seu celular furtado em uma conveni\u00eancia da cidade Figueir\u00e3o. Segundo informa\u00e7\u00f5es do Boletim de Ocorr\u00eancia, por volta das 21h40min, os militares foram informados pela v\u00edtima que estava em uma conveni\u00eancia e ao ir no banheiro deixou seu celular sobre a mesa, quando ela [&hellip;]<\/p>\n","protected":false},"author":5,"featured_media":245569,"comment_status":"closed","ping_status":"closed","sticky":false,"template":"","format":"standard","meta":{"footnotes":""},"categories":[30,38],"tags":[],"class_list":["post-245567","post","type-post","status-publish","format-standard","has-post-thumbnail","hentry","category-figueirao","category-policia"],"_links":{"self":[{"href":"https:\/\/www.ocorreionews.com.br\/acervo-correio\/index.php?rest_route=\/wp\/v2\/posts\/245567","targetHints":{"allow":["GET"]}}],"collection":[{"href":"https:\/\/www.ocorreionews.com.br\/acervo-correio\/index.php?rest_route=\/wp\/v2\/posts"}],"about":[{"href":"https:\/\/www.ocorreionews.com.br\/acervo-correio\/index.php?rest_route=\/wp\/v2\/types\/post"}],"author":[{"embeddable":true,"href":"https:\/\/www.ocorreionews.com.br\/acervo-correio\/index.php?rest_route=\/wp\/v2\/users\/5"}],"replies":[{"embeddable":true,"href":"https:\/\/www.ocorreionews.com.br\/acervo-correio\/index.php?rest_route=%2Fwp%2Fv2%2Fcomments&post=245567"}],"version-history":[{"count":2,"href":"https:\/\/www.ocorreionews.com.br\/acervo-correio\/index.php?rest_route=\/wp\/v2\/posts\/245567\/revisions"}],"predecessor-version":[{"id":245572,"href":"https:\/\/www.ocorreionews.com.br\/acervo-correio\/index.php?rest_route=\/wp\/v2\/posts\/245567\/revisions\/245572"}],"wp:featuredmedia":[{"embeddable":true,"href":"https:\/\/www.ocorreionews.com.br\/acervo-correio\/index.php?rest_route=\/wp\/v2\/media\/245569"}],"wp:attachment":[{"href":"https:\/\/www.ocorreionews.com.br\/acervo-correio\/index.php?rest_route=%2Fwp%2Fv2%2Fmedia&parent=245567"}],"wp:term":[{"taxonomy":"category","embeddable":true,"href":"https:\/\/www.ocorreionews.com.br\/acervo-correio\/index.php?rest_route=%2Fwp%2Fv2%2Fcategories&post=245567"},{"taxonomy":"post_tag","embeddable":true,"href":"https:\/\/www.ocorreionews.com.br\/acervo-correio\/index.php?rest_route=%2Fwp%2Fv2%2Ftags&post=245567"}],"curies":[{"name":"wp","href":"https:\/\/api.w.org\/{rel}","templated":true}]}}