{"id":245596,"date":"2023-07-18T06:00:52","date_gmt":"2023-07-18T10:00:52","guid":{"rendered":"https:\/\/www.ocorreionews.com.br\/acervo-correio\/?p=245596"},"modified":"2023-07-18T14:42:55","modified_gmt":"2023-07-18T18:42:55","slug":"alcinopolis-realiza-a-colonia-de-ferias-da-secretaria-de-saude","status":"publish","type":"post","link":"https:\/\/www.ocorreionews.com.br\/acervo-correio\/?p=245596","title":{"rendered":"Alcin\u00f3polis realiza a col\u00f4nia de f\u00e9rias da Secretaria de Sa\u00fade"},"content":{"rendered":"<p>Come\u00e7ou ontem em Alcin\u00f3polis a col\u00f4nia de f\u00e9rias da Secretaria Municipal de Sa\u00fade. Ser\u00e3o duas semanas com muitas brincadeiras para estimular nossas crian\u00e7as.<\/p>\n<p>As atividades acontecer\u00e3o sempre as segundas e quartas-feiras, das 14h00min \u00e0s 17h00min.<\/p>\n<p>As crian\u00e7as ter\u00e3o recrea\u00e7\u00e3o e muitas atividades, exercitando assim a cogni\u00e7\u00e3o nas \u00e1reas motora, de linguagem, percep\u00e7\u00e3o, aten\u00e7\u00e3o, mem\u00f3ria, atrav\u00e9s de trabalhos manuais, leituras, brincadeiras, jogos e outros.<\/p>\n<p>O Projeto faz parte da Academia da Sa\u00fade e participam crian\u00e7as de 06 a 12 anos de idade.<\/p>\n<p>Secretaria Municipal de Sa\u00fade \u2013 Cuidando da nossa gente!<\/p>\n<p><img loading=\"lazy\" decoding=\"async\" class=\"alignnone size-full wp-image-245599\" src=\"https:\/\/www.ocorreionews.com.br\/acervo-correio\/wp-content\/uploads\/2023\/07\/colonia-ferias3.jpg\" alt=\"\" width=\"1080\" height=\"608\" srcset=\"https:\/\/www.ocorreionews.com.br\/acervo-correio\/wp-content\/uploads\/2023\/07\/colonia-ferias3.jpg 1080w, https:\/\/www.ocorreionews.com.br\/acervo-correio\/wp-content\/uploads\/2023\/07\/colonia-ferias3-300x169.jpg 300w, https:\/\/www.ocorreionews.com.br\/acervo-correio\/wp-content\/uploads\/2023\/07\/colonia-ferias3-1024x576.jpg 1024w, https:\/\/www.ocorreionews.com.br\/acervo-correio\/wp-content\/uploads\/2023\/07\/colonia-ferias3-768x432.jpg 768w\" sizes=\"auto, (max-width: 1080px) 100vw, 1080px\" \/><\/p>\n<p><img loading=\"lazy\" decoding=\"async\" class=\"alignnone size-full wp-image-245597\" src=\"https:\/\/www.ocorreionews.com.br\/acervo-correio\/wp-content\/uploads\/2023\/07\/colonia-ferias.jpg\" alt=\"\" width=\"1080\" height=\"608\" srcset=\"https:\/\/www.ocorreionews.com.br\/acervo-correio\/wp-content\/uploads\/2023\/07\/colonia-ferias.jpg 1080w, https:\/\/www.ocorreionews.com.br\/acervo-correio\/wp-content\/uploads\/2023\/07\/colonia-ferias-300x169.jpg 300w, https:\/\/www.ocorreionews.com.br\/acervo-correio\/wp-content\/uploads\/2023\/07\/colonia-ferias-1024x576.jpg 1024w, https:\/\/www.ocorreionews.com.br\/acervo-correio\/wp-content\/uploads\/2023\/07\/colonia-ferias-768x432.jpg 768w\" sizes=\"auto, (max-width: 1080px) 100vw, 1080px\" \/> <img loading=\"lazy\" decoding=\"async\" class=\"alignnone size-full wp-image-245598\" src=\"https:\/\/www.ocorreionews.com.br\/acervo-correio\/wp-content\/uploads\/2023\/07\/colonia-ferias2.jpg\" alt=\"\" width=\"1080\" height=\"608\" srcset=\"https:\/\/www.ocorreionews.com.br\/acervo-correio\/wp-content\/uploads\/2023\/07\/colonia-ferias2.jpg 1080w, https:\/\/www.ocorreionews.com.br\/acervo-correio\/wp-content\/uploads\/2023\/07\/colonia-ferias2-300x169.jpg 300w, https:\/\/www.ocorreionews.com.br\/acervo-correio\/wp-content\/uploads\/2023\/07\/colonia-ferias2-1024x576.jpg 1024w, https:\/\/www.ocorreionews.com.br\/acervo-correio\/wp-content\/uploads\/2023\/07\/colonia-ferias2-768x432.jpg 768w\" sizes=\"auto, (max-width: 1080px) 100vw, 1080px\" \/><\/p>\n<p>Assecom\/Prefeitura de Alcin\u00f3polis\/Simone Nogueira<\/p>\n","protected":false},"excerpt":{"rendered":"<p>Come\u00e7ou ontem em Alcin\u00f3polis a col\u00f4nia de f\u00e9rias da Secretaria Municipal de Sa\u00fade. Ser\u00e3o duas semanas com muitas brincadeiras para estimular nossas crian\u00e7as. As atividades acontecer\u00e3o sempre as segundas e quartas-feiras, das 14h00min \u00e0s 17h00min. As crian\u00e7as ter\u00e3o recrea\u00e7\u00e3o e muitas atividades, exercitando assim a cogni\u00e7\u00e3o nas \u00e1reas motora, de linguagem, percep\u00e7\u00e3o, aten\u00e7\u00e3o, mem\u00f3ria, atrav\u00e9s [&hellip;]<\/p>\n","protected":false},"author":4,"featured_media":245835,"comment_status":"closed","ping_status":"closed","sticky":false,"template":"","format":"standard","meta":{"footnotes":""},"categories":[18,39],"tags":[],"class_list":["post-245596","post","type-post","status-publish","format-standard","has-post-thumbnail","hentry","category-alcinopolis","category-saude"],"_links":{"self":[{"href":"https:\/\/www.ocorreionews.com.br\/acervo-correio\/index.php?rest_route=\/wp\/v2\/posts\/245596","targetHints":{"allow":["GET"]}}],"collection":[{"href":"https:\/\/www.ocorreionews.com.br\/acervo-correio\/index.php?rest_route=\/wp\/v2\/posts"}],"about":[{"href":"https:\/\/www.ocorreionews.com.br\/acervo-correio\/index.php?rest_route=\/wp\/v2\/types\/post"}],"author":[{"embeddable":true,"href":"https:\/\/www.ocorreionews.com.br\/acervo-correio\/index.php?rest_route=\/wp\/v2\/users\/4"}],"replies":[{"embeddable":true,"href":"https:\/\/www.ocorreionews.com.br\/acervo-correio\/index.php?rest_route=%2Fwp%2Fv2%2Fcomments&post=245596"}],"version-history":[{"count":2,"href":"https:\/\/www.ocorreionews.com.br\/acervo-correio\/index.php?rest_route=\/wp\/v2\/posts\/245596\/revisions"}],"predecessor-version":[{"id":245836,"href":"https:\/\/www.ocorreionews.com.br\/acervo-correio\/index.php?rest_route=\/wp\/v2\/posts\/245596\/revisions\/245836"}],"wp:featuredmedia":[{"embeddable":true,"href":"https:\/\/www.ocorreionews.com.br\/acervo-correio\/index.php?rest_route=\/wp\/v2\/media\/245835"}],"wp:attachment":[{"href":"https:\/\/www.ocorreionews.com.br\/acervo-correio\/index.php?rest_route=%2Fwp%2Fv2%2Fmedia&parent=245596"}],"wp:term":[{"taxonomy":"category","embeddable":true,"href":"https:\/\/www.ocorreionews.com.br\/acervo-correio\/index.php?rest_route=%2Fwp%2Fv2%2Fcategories&post=245596"},{"taxonomy":"post_tag","embeddable":true,"href":"https:\/\/www.ocorreionews.com.br\/acervo-correio\/index.php?rest_route=%2Fwp%2Fv2%2Ftags&post=245596"}],"curies":[{"name":"wp","href":"https:\/\/api.w.org\/{rel}","templated":true}]}}