{"id":245608,"date":"2023-07-18T06:23:15","date_gmt":"2023-07-18T10:23:15","guid":{"rendered":"https:\/\/www.ocorreionews.com.br\/acervo-correio\/?p=245608"},"modified":"2023-07-18T06:23:15","modified_gmt":"2023-07-18T10:23:15","slug":"energisa-realizara-reuniao-com-assentados-da-mateira-no-proximo-dia-24-de-julho","status":"publish","type":"post","link":"https:\/\/www.ocorreionews.com.br\/acervo-correio\/?p=245608","title":{"rendered":"Energisa realizar\u00e1 reuni\u00e3o com assentados da Mateira, no pr\u00f3ximo dia 24 de julho"},"content":{"rendered":"<p>O vereador Fio do Povo (PSDB) informou que a Energisa realizar\u00e1 uma reuni\u00e3o nesta segunda-feira (24) \u00e0s 9h da manh\u00e3, no Plen\u00e1rio da C\u00e2mara Municipal de Vereadores, com os assentados do Assentamento Mateira, que est\u00e3o enfrentando algumas dificuldades em caso de religa\u00e7\u00e3o de energia el\u00e9trica.<\/p>\n<p>Nos casos de alguns lotes estarem ainda no nome dos propriet\u00e1rios da primeira distribui\u00e7\u00e3o e at\u00e9 o momento n\u00e3o ter havido regulariza\u00e7\u00e3o por parte do Incra, os atuais propriet\u00e1rios est\u00e3o encontrando dificuldades para solicitarem servi\u00e7os de religa\u00e7\u00e3o de energia, dentre outros servi\u00e7os da concession\u00e1ria Energisa.<\/p>\n<p>Com o objetivo de sanar o problema, o vereador Fio do Povo, encaminhou of\u00edcio \u00e0 coordenadoria de Relacionamentos com Grandes Clientes e Poder P\u00fablico da Energisa (Of\u00edcio N\u00ba 43), solicitando a reuni\u00e3o.<\/p>\n<p>O mesmo of\u00edcio, com o mesmo teor, foi encaminhado ao Minist\u00e9rio P\u00fablico e Defensoria P\u00fablica, convidando para a reuni\u00e3o. Como a promotora Dra Fernanda Proen\u00e7a foi transferida para Navira\u00ed (MS), n\u00e3o estar\u00e1 presente, por\u00e9m, a defensoria P\u00fablica dever\u00e1 ser representada pelo Dr. Ernany Andrade Machado. Fio do Povo informou que tamb\u00e9m representantes do executivo e legislativo municipal tamb\u00e9m foram convidados.<\/p>\n<p><img decoding=\"async\" src=\"https:\/\/www.bncnoticias.com.br\/arquivos\/img-uploads\/imagem_678.jpg\" data-pagespeed-url-hash=\"1701861209\" \/><\/p>\n<p>BNC Noticias<\/p>\n","protected":false},"excerpt":{"rendered":"<p>O vereador Fio do Povo (PSDB) informou que a Energisa realizar\u00e1 uma reuni\u00e3o nesta segunda-feira (24) \u00e0s 9h da manh\u00e3, no Plen\u00e1rio da C\u00e2mara Municipal de Vereadores, com os assentados do Assentamento Mateira, que est\u00e3o enfrentando algumas dificuldades em caso de religa\u00e7\u00e3o de energia el\u00e9trica. Nos casos de alguns lotes estarem ainda no nome dos [&hellip;]<\/p>\n","protected":false},"author":4,"featured_media":139983,"comment_status":"closed","ping_status":"closed","sticky":false,"template":"","format":"standard","meta":{"footnotes":""},"categories":[36],"tags":[],"class_list":["post-245608","post","type-post","status-publish","format-standard","has-post-thumbnail","hentry","category-paraiso-das-aguas"],"_links":{"self":[{"href":"https:\/\/www.ocorreionews.com.br\/acervo-correio\/index.php?rest_route=\/wp\/v2\/posts\/245608","targetHints":{"allow":["GET"]}}],"collection":[{"href":"https:\/\/www.ocorreionews.com.br\/acervo-correio\/index.php?rest_route=\/wp\/v2\/posts"}],"about":[{"href":"https:\/\/www.ocorreionews.com.br\/acervo-correio\/index.php?rest_route=\/wp\/v2\/types\/post"}],"author":[{"embeddable":true,"href":"https:\/\/www.ocorreionews.com.br\/acervo-correio\/index.php?rest_route=\/wp\/v2\/users\/4"}],"replies":[{"embeddable":true,"href":"https:\/\/www.ocorreionews.com.br\/acervo-correio\/index.php?rest_route=%2Fwp%2Fv2%2Fcomments&post=245608"}],"version-history":[{"count":1,"href":"https:\/\/www.ocorreionews.com.br\/acervo-correio\/index.php?rest_route=\/wp\/v2\/posts\/245608\/revisions"}],"predecessor-version":[{"id":245609,"href":"https:\/\/www.ocorreionews.com.br\/acervo-correio\/index.php?rest_route=\/wp\/v2\/posts\/245608\/revisions\/245609"}],"wp:featuredmedia":[{"embeddable":true,"href":"https:\/\/www.ocorreionews.com.br\/acervo-correio\/index.php?rest_route=\/wp\/v2\/media\/139983"}],"wp:attachment":[{"href":"https:\/\/www.ocorreionews.com.br\/acervo-correio\/index.php?rest_route=%2Fwp%2Fv2%2Fmedia&parent=245608"}],"wp:term":[{"taxonomy":"category","embeddable":true,"href":"https:\/\/www.ocorreionews.com.br\/acervo-correio\/index.php?rest_route=%2Fwp%2Fv2%2Fcategories&post=245608"},{"taxonomy":"post_tag","embeddable":true,"href":"https:\/\/www.ocorreionews.com.br\/acervo-correio\/index.php?rest_route=%2Fwp%2Fv2%2Ftags&post=245608"}],"curies":[{"name":"wp","href":"https:\/\/api.w.org\/{rel}","templated":true}]}}