{"id":245610,"date":"2023-07-18T06:29:33","date_gmt":"2023-07-18T10:29:33","guid":{"rendered":"https:\/\/www.ocorreionews.com.br\/acervo-correio\/?p=245610"},"modified":"2023-07-18T14:34:22","modified_gmt":"2023-07-18T18:34:22","slug":"breno-sabino-de-paraiso-das-aguas-e-vice-campeao-do-1-rodeio-amigos-de-apore","status":"publish","type":"post","link":"https:\/\/www.ocorreionews.com.br\/acervo-correio\/?p=245610","title":{"rendered":"Breno Sabino de Para\u00edso das \u00c1guas \u00e9 vice-campe\u00e3o do 1\u00b0 Rodeio Amigos de Apor\u00e9"},"content":{"rendered":"<p>O pe\u00e3o de rodeio Breno Sabino Theodoro, se classificou vice-campe\u00e3o do 1\u00b0 Rodeio Amigos de Apor\u00e9 (GO), neste final de semana.<\/p>\n<p>Com uma pontua\u00e7\u00e3o de 228 pontos, Breno conquistou o 2\u00b0 lugar na montaria em touros.<\/p>\n<p>Ele faturou o pr\u00eamio de R$ 3 mil.<\/p>\n<p>Confira a classifica\u00e7\u00e3o final:<\/p>\n<p><img loading=\"lazy\" decoding=\"async\" class=\"alignnone size-full wp-image-245611\" src=\"https:\/\/www.ocorreionews.com.br\/acervo-correio\/wp-content\/uploads\/2023\/07\/breno.jpg\" alt=\"\" width=\"900\" height=\"1200\" srcset=\"https:\/\/www.ocorreionews.com.br\/acervo-correio\/wp-content\/uploads\/2023\/07\/breno.jpg 900w, https:\/\/www.ocorreionews.com.br\/acervo-correio\/wp-content\/uploads\/2023\/07\/breno-225x300.jpg 225w, https:\/\/www.ocorreionews.com.br\/acervo-correio\/wp-content\/uploads\/2023\/07\/breno-768x1024.jpg 768w\" sizes=\"auto, (max-width: 900px) 100vw, 900px\" \/><\/p>\n","protected":false},"excerpt":{"rendered":"<p>O pe\u00e3o de rodeio Breno Sabino Theodoro, se classificou vice-campe\u00e3o do 1\u00b0 Rodeio Amigos de Apor\u00e9 (GO), neste final de semana. Com uma pontua\u00e7\u00e3o de 228 pontos, Breno conquistou o 2\u00b0 lugar na montaria em touros. Ele faturou o pr\u00eamio de R$ 3 mil. Confira a classifica\u00e7\u00e3o final:<\/p>\n","protected":false},"author":4,"featured_media":245828,"comment_status":"closed","ping_status":"closed","sticky":false,"template":"","format":"standard","meta":{"footnotes":""},"categories":[36],"tags":[],"class_list":["post-245610","post","type-post","status-publish","format-standard","has-post-thumbnail","hentry","category-paraiso-das-aguas"],"_links":{"self":[{"href":"https:\/\/www.ocorreionews.com.br\/acervo-correio\/index.php?rest_route=\/wp\/v2\/posts\/245610","targetHints":{"allow":["GET"]}}],"collection":[{"href":"https:\/\/www.ocorreionews.com.br\/acervo-correio\/index.php?rest_route=\/wp\/v2\/posts"}],"about":[{"href":"https:\/\/www.ocorreionews.com.br\/acervo-correio\/index.php?rest_route=\/wp\/v2\/types\/post"}],"author":[{"embeddable":true,"href":"https:\/\/www.ocorreionews.com.br\/acervo-correio\/index.php?rest_route=\/wp\/v2\/users\/4"}],"replies":[{"embeddable":true,"href":"https:\/\/www.ocorreionews.com.br\/acervo-correio\/index.php?rest_route=%2Fwp%2Fv2%2Fcomments&post=245610"}],"version-history":[{"count":1,"href":"https:\/\/www.ocorreionews.com.br\/acervo-correio\/index.php?rest_route=\/wp\/v2\/posts\/245610\/revisions"}],"predecessor-version":[{"id":245613,"href":"https:\/\/www.ocorreionews.com.br\/acervo-correio\/index.php?rest_route=\/wp\/v2\/posts\/245610\/revisions\/245613"}],"wp:featuredmedia":[{"embeddable":true,"href":"https:\/\/www.ocorreionews.com.br\/acervo-correio\/index.php?rest_route=\/wp\/v2\/media\/245828"}],"wp:attachment":[{"href":"https:\/\/www.ocorreionews.com.br\/acervo-correio\/index.php?rest_route=%2Fwp%2Fv2%2Fmedia&parent=245610"}],"wp:term":[{"taxonomy":"category","embeddable":true,"href":"https:\/\/www.ocorreionews.com.br\/acervo-correio\/index.php?rest_route=%2Fwp%2Fv2%2Fcategories&post=245610"},{"taxonomy":"post_tag","embeddable":true,"href":"https:\/\/www.ocorreionews.com.br\/acervo-correio\/index.php?rest_route=%2Fwp%2Fv2%2Ftags&post=245610"}],"curies":[{"name":"wp","href":"https:\/\/api.w.org\/{rel}","templated":true}]}}