{"id":245615,"date":"2023-07-18T06:39:06","date_gmt":"2023-07-18T10:39:06","guid":{"rendered":"https:\/\/www.ocorreionews.com.br\/acervo-correio\/?p=245615"},"modified":"2023-07-18T14:38:31","modified_gmt":"2023-07-18T18:38:31","slug":"figueirao-recebeu-o-selo-conexao-hemosul-por-conta-do-projeto-salvar-vidas","status":"publish","type":"post","link":"https:\/\/www.ocorreionews.com.br\/acervo-correio\/?p=245615","title":{"rendered":"FIGUEIR\u00c3O recebeu o \u201cselo conex\u00e3o Hemosul\u201d por conta do projeto salvar + vidas"},"content":{"rendered":"<p>O secret\u00e1rio municipal de Sa\u00fade de Figueir\u00e3o, Pedro Ubiali, acompanhado da fisioterapeuta Paloma Fialho, estiveram no Hemosul de Coxim, para receber o pr\u00eamio pela campanha SALVAR + VIDAS, o \u201cSelo Conex\u00e3o Hemosul \u2013 empresa\/institui\u00e7\u00e3o em parceria com a vida\u201d.<\/p>\n<p>No evento, v\u00e1rias organiza\u00e7\u00f5es parceiras compareceram para receber o certificado de apoiadores da causa do sangue e medula \u00f3ssea. Esse primeiro momento foi dedicado \u00e0s empresas que est\u00e3o com a Rede Hemosul-MS h\u00e1 anos, h\u00e1 empresas que s\u00e3o apoio h\u00e1 cerca de 15 anos.<\/p>\n<p>J\u00e1 publicado em di\u00e1rio oficial no dia 31\/05\/2022 resolu\u00e7\u00e3o n\u00ba 56, o \u2018Selo Conex\u00e3o Hemosul \u2013 empresa\/institui\u00e7\u00e3o em parceria com a vida\u2019 \u00e9 um marco de responsabilidade social na causa do sangue e \u00e9 composto de quatro categorias, Campanhas, Apoio Institucional, Multiplicadores e Selo Premium, este \u00faltimo re\u00fane as tr\u00eas categorias. Um Programa lan\u00e7ado pela Rede Hemosul MS para homenagear as empresas\/institui\u00e7\u00f5es que atuam como colaboradores na causa do sangue e medula \u00f3ssea, sempre dispostos a compartilhar a responsabilidade de algo t\u00e3o singular e relevante para a sa\u00fade coletiva no Mato Grosso do Sul.<\/p>\n<p>O Selo se estender\u00e1 posteriormente a todas as unidades da hemorrede e demais organiza\u00e7\u00f5es colaboradoras. Nesta primeira etapa definimos as corpora\u00e7\u00f5es que tanto contribu\u00edram com a causa, que estar\u00e3o recebendo o Selo Premium, dando abertura a este Programa de A\u00e7\u00e3o de reconhecimento. Esse Programa inicia sem data para conclus\u00e3o, ser\u00e1 algo cont\u00ednuo e que ocorrer\u00e1 anualmente. Neste primeiro ano outras etapas ainda ser\u00e3o conclu\u00eddas.<\/p>\n<p>O Selo foi entregue no formato f\u00edsico e digital e poder\u00e1 ser utilizado em todas as pe\u00e7as organizacionais, desde que n\u00e3o envolva promo\u00e7\u00f5es de produtos f\u00edsicos ou on-line, venda direta. \u00c9 uma proposta institucional de responsabilidade conjunta.<\/p>\n<p>Figueir\u00e3o recebeu o selo por conta do projeto SALVAR + VIDAS, criado ano passado, que consiste na ida ao Hemosul de cidad\u00e3os convidados para doar sangue.<\/p>\n<p><img loading=\"lazy\" decoding=\"async\" class=\"alignnone size-full wp-image-245617\" src=\"https:\/\/www.ocorreionews.com.br\/acervo-correio\/wp-content\/uploads\/2023\/07\/selo-hemosul.jpg\" alt=\"\" width=\"800\" height=\"444\" srcset=\"https:\/\/www.ocorreionews.com.br\/acervo-correio\/wp-content\/uploads\/2023\/07\/selo-hemosul.jpg 800w, https:\/\/www.ocorreionews.com.br\/acervo-correio\/wp-content\/uploads\/2023\/07\/selo-hemosul-300x167.jpg 300w, https:\/\/www.ocorreionews.com.br\/acervo-correio\/wp-content\/uploads\/2023\/07\/selo-hemosul-768x426.jpg 768w\" sizes=\"auto, (max-width: 800px) 100vw, 800px\" \/><\/p>\n<p>Fonte\/Fotos: PMFigueir\u00e3o\/RubemVasconcellos<\/p>\n","protected":false},"excerpt":{"rendered":"<p>O secret\u00e1rio municipal de Sa\u00fade de Figueir\u00e3o, Pedro Ubiali, acompanhado da fisioterapeuta Paloma Fialho, estiveram no Hemosul de Coxim, para receber o pr\u00eamio pela campanha SALVAR + VIDAS, o \u201cSelo Conex\u00e3o Hemosul \u2013 empresa\/institui\u00e7\u00e3o em parceria com a vida\u201d. No evento, v\u00e1rias organiza\u00e7\u00f5es parceiras compareceram para receber o certificado de apoiadores da causa do sangue [&hellip;]<\/p>\n","protected":false},"author":4,"featured_media":245831,"comment_status":"closed","ping_status":"closed","sticky":false,"template":"","format":"standard","meta":{"footnotes":""},"categories":[30],"tags":[],"class_list":["post-245615","post","type-post","status-publish","format-standard","has-post-thumbnail","hentry","category-figueirao"],"_links":{"self":[{"href":"https:\/\/www.ocorreionews.com.br\/acervo-correio\/index.php?rest_route=\/wp\/v2\/posts\/245615","targetHints":{"allow":["GET"]}}],"collection":[{"href":"https:\/\/www.ocorreionews.com.br\/acervo-correio\/index.php?rest_route=\/wp\/v2\/posts"}],"about":[{"href":"https:\/\/www.ocorreionews.com.br\/acervo-correio\/index.php?rest_route=\/wp\/v2\/types\/post"}],"author":[{"embeddable":true,"href":"https:\/\/www.ocorreionews.com.br\/acervo-correio\/index.php?rest_route=\/wp\/v2\/users\/4"}],"replies":[{"embeddable":true,"href":"https:\/\/www.ocorreionews.com.br\/acervo-correio\/index.php?rest_route=%2Fwp%2Fv2%2Fcomments&post=245615"}],"version-history":[{"count":2,"href":"https:\/\/www.ocorreionews.com.br\/acervo-correio\/index.php?rest_route=\/wp\/v2\/posts\/245615\/revisions"}],"predecessor-version":[{"id":245832,"href":"https:\/\/www.ocorreionews.com.br\/acervo-correio\/index.php?rest_route=\/wp\/v2\/posts\/245615\/revisions\/245832"}],"wp:featuredmedia":[{"embeddable":true,"href":"https:\/\/www.ocorreionews.com.br\/acervo-correio\/index.php?rest_route=\/wp\/v2\/media\/245831"}],"wp:attachment":[{"href":"https:\/\/www.ocorreionews.com.br\/acervo-correio\/index.php?rest_route=%2Fwp%2Fv2%2Fmedia&parent=245615"}],"wp:term":[{"taxonomy":"category","embeddable":true,"href":"https:\/\/www.ocorreionews.com.br\/acervo-correio\/index.php?rest_route=%2Fwp%2Fv2%2Fcategories&post=245615"},{"taxonomy":"post_tag","embeddable":true,"href":"https:\/\/www.ocorreionews.com.br\/acervo-correio\/index.php?rest_route=%2Fwp%2Fv2%2Ftags&post=245615"}],"curies":[{"name":"wp","href":"https:\/\/api.w.org\/{rel}","templated":true}]}}