{"id":245620,"date":"2023-07-18T06:45:01","date_gmt":"2023-07-18T10:45:01","guid":{"rendered":"https:\/\/www.ocorreionews.com.br\/acervo-correio\/?p=245620"},"modified":"2023-07-18T14:38:59","modified_gmt":"2023-07-18T18:38:59","slug":"realizado-em-figueirao-o-1o-encontro-de-educacao-do-transito","status":"publish","type":"post","link":"https:\/\/www.ocorreionews.com.br\/acervo-correio\/?p=245620","title":{"rendered":"Realizado em Figueir\u00e3o o 1\u00ba encontro de educa\u00e7\u00e3o do tr\u00e2nsito"},"content":{"rendered":"<p>Realizado no Plen\u00e1rio da C\u00e2mara Municipal de Figueir\u00e3o, o 1\u00ba Encontro de Educa\u00e7\u00e3o do Tr\u00e2nsito, com o mote \u201cNo tr\u00e2nsito, escolha a vida\u201d.<\/p>\n<p>O evento, realizado pelo Conselho Estadual de Tr\u00e2nsito de Mato Grosso do Sul (CETRAN-MS) e Prefeitura de Figueir\u00e3o, via Secretaria de Educa\u00e7\u00e3o atrav\u00e9s do Setor de Transporte Escolar e do Conselho Comunit\u00e1rio de Seguran\u00e7a P\u00fablica, foi uma oficina sobre educa\u00e7\u00e3o para o tr\u00e2nsito, que contou com a participa\u00e7\u00e3o de todos os 19 motoristas transportadores escolares do munic\u00edpio.<\/p>\n<p><img loading=\"lazy\" decoding=\"async\" class=\"alignnone size-full wp-image-245623\" src=\"https:\/\/www.ocorreionews.com.br\/acervo-correio\/wp-content\/uploads\/2023\/07\/curso-transito3.jpg\" alt=\"\" width=\"1600\" height=\"1200\" srcset=\"https:\/\/www.ocorreionews.com.br\/acervo-correio\/wp-content\/uploads\/2023\/07\/curso-transito3.jpg 1600w, https:\/\/www.ocorreionews.com.br\/acervo-correio\/wp-content\/uploads\/2023\/07\/curso-transito3-300x225.jpg 300w, https:\/\/www.ocorreionews.com.br\/acervo-correio\/wp-content\/uploads\/2023\/07\/curso-transito3-1024x768.jpg 1024w, https:\/\/www.ocorreionews.com.br\/acervo-correio\/wp-content\/uploads\/2023\/07\/curso-transito3-768x576.jpg 768w, https:\/\/www.ocorreionews.com.br\/acervo-correio\/wp-content\/uploads\/2023\/07\/curso-transito3-1536x1152.jpg 1536w, https:\/\/www.ocorreionews.com.br\/acervo-correio\/wp-content\/uploads\/2023\/07\/curso-transito3-86x64.jpg 86w\" sizes=\"auto, (max-width: 1600px) 100vw, 1600px\" \/><\/p>\n<p>Houve uma palestra sobre o tema, proferida pelo Conselheiro do CETRAN-MS Lu\u00eds Carlos Duarte Magalh\u00e3es.<\/p>\n<p>Presentes ao evento, Secret\u00e1ria Municipal de Educa\u00e7\u00e3o, Cultura, Esporte e Turismo Luciane Aimi, Secret\u00e1rio Municipal de Desenvolvimento da Pequena Propriedade Rural Thiego Martins,<\/p>\n<p><img loading=\"lazy\" decoding=\"async\" class=\"alignnone size-full wp-image-245622\" src=\"https:\/\/www.ocorreionews.com.br\/acervo-correio\/wp-content\/uploads\/2023\/07\/curso-transito2.jpg\" alt=\"\" width=\"1600\" height=\"1200\" srcset=\"https:\/\/www.ocorreionews.com.br\/acervo-correio\/wp-content\/uploads\/2023\/07\/curso-transito2.jpg 1600w, https:\/\/www.ocorreionews.com.br\/acervo-correio\/wp-content\/uploads\/2023\/07\/curso-transito2-300x225.jpg 300w, https:\/\/www.ocorreionews.com.br\/acervo-correio\/wp-content\/uploads\/2023\/07\/curso-transito2-1024x768.jpg 1024w, https:\/\/www.ocorreionews.com.br\/acervo-correio\/wp-content\/uploads\/2023\/07\/curso-transito2-768x576.jpg 768w, https:\/\/www.ocorreionews.com.br\/acervo-correio\/wp-content\/uploads\/2023\/07\/curso-transito2-1536x1152.jpg 1536w, https:\/\/www.ocorreionews.com.br\/acervo-correio\/wp-content\/uploads\/2023\/07\/curso-transito2-86x64.jpg 86w\" sizes=\"auto, (max-width: 1600px) 100vw, 1600px\" \/><\/p>\n<p>Diretor do DEMUTRAN Joaquim Amorim Malaquias, Coordenador do Transporte Escolar Fl\u00e1vio Roberto de Paula, Presidente CCS (Conselho Comunit\u00e1rio de Seguran\u00e7a P\u00fablica) Eliane Alves, Gerente Ag\u00eancia DETRAN Figueir\u00e3o Lauriston de Amorim e Vereador Thiago In\u00e1cio Furtado, al\u00e9m dos 19 motoristas transportadores escolares e outras pessoas.<\/p>\n<p>Fonte\/Fotos: PMFigueir\u00e3o\/RubemVasconcellos<\/p>\n","protected":false},"excerpt":{"rendered":"<p>Realizado no Plen\u00e1rio da C\u00e2mara Municipal de Figueir\u00e3o, o 1\u00ba Encontro de Educa\u00e7\u00e3o do Tr\u00e2nsito, com o mote \u201cNo tr\u00e2nsito, escolha a vida\u201d. O evento, realizado pelo Conselho Estadual de Tr\u00e2nsito de Mato Grosso do Sul (CETRAN-MS) e Prefeitura de Figueir\u00e3o, via Secretaria de Educa\u00e7\u00e3o atrav\u00e9s do Setor de Transporte Escolar e do Conselho Comunit\u00e1rio [&hellip;]<\/p>\n","protected":false},"author":4,"featured_media":245833,"comment_status":"closed","ping_status":"closed","sticky":false,"template":"","format":"standard","meta":{"footnotes":""},"categories":[30],"tags":[],"class_list":["post-245620","post","type-post","status-publish","format-standard","has-post-thumbnail","hentry","category-figueirao"],"_links":{"self":[{"href":"https:\/\/www.ocorreionews.com.br\/acervo-correio\/index.php?rest_route=\/wp\/v2\/posts\/245620","targetHints":{"allow":["GET"]}}],"collection":[{"href":"https:\/\/www.ocorreionews.com.br\/acervo-correio\/index.php?rest_route=\/wp\/v2\/posts"}],"about":[{"href":"https:\/\/www.ocorreionews.com.br\/acervo-correio\/index.php?rest_route=\/wp\/v2\/types\/post"}],"author":[{"embeddable":true,"href":"https:\/\/www.ocorreionews.com.br\/acervo-correio\/index.php?rest_route=\/wp\/v2\/users\/4"}],"replies":[{"embeddable":true,"href":"https:\/\/www.ocorreionews.com.br\/acervo-correio\/index.php?rest_route=%2Fwp%2Fv2%2Fcomments&post=245620"}],"version-history":[{"count":1,"href":"https:\/\/www.ocorreionews.com.br\/acervo-correio\/index.php?rest_route=\/wp\/v2\/posts\/245620\/revisions"}],"predecessor-version":[{"id":245624,"href":"https:\/\/www.ocorreionews.com.br\/acervo-correio\/index.php?rest_route=\/wp\/v2\/posts\/245620\/revisions\/245624"}],"wp:featuredmedia":[{"embeddable":true,"href":"https:\/\/www.ocorreionews.com.br\/acervo-correio\/index.php?rest_route=\/wp\/v2\/media\/245833"}],"wp:attachment":[{"href":"https:\/\/www.ocorreionews.com.br\/acervo-correio\/index.php?rest_route=%2Fwp%2Fv2%2Fmedia&parent=245620"}],"wp:term":[{"taxonomy":"category","embeddable":true,"href":"https:\/\/www.ocorreionews.com.br\/acervo-correio\/index.php?rest_route=%2Fwp%2Fv2%2Fcategories&post=245620"},{"taxonomy":"post_tag","embeddable":true,"href":"https:\/\/www.ocorreionews.com.br\/acervo-correio\/index.php?rest_route=%2Fwp%2Fv2%2Ftags&post=245620"}],"curies":[{"name":"wp","href":"https:\/\/api.w.org\/{rel}","templated":true}]}}