{"id":24571,"date":"2016-04-06T08:28:22","date_gmt":"2016-04-06T12:28:22","guid":{"rendered":"https:\/\/ocorreionews.com.br\/?p=24571"},"modified":"2016-04-06T08:28:22","modified_gmt":"2016-04-06T12:28:22","slug":"prefeitos-recebem-cartilha-de-orientacao-no-ultimo-ano-de-mandato","status":"publish","type":"post","link":"https:\/\/www.ocorreionews.com.br\/acervo-correio\/?p=24571","title":{"rendered":"Prefeitos recebem cartilha de orienta\u00e7\u00e3o no \u00faltimo ano de mandato"},"content":{"rendered":"<p>A proximidade do encerramento de mais um mandato traz uma s\u00e9rie de condutas aos gestores municipais. Para que o per\u00edodo seja atravessado com tranquilidade, a Confedera\u00e7\u00e3o Nacional de Munic\u00edpios (CNM) reuniu dicas importantes e orienta\u00e7\u00f5es aos prefeitos. Com o t\u00edtulo \u201c2016: \u00faltimo ano de mandato\u201d a cartilha j\u00e1 est\u00e1 dispon\u00edvel para download na biblioteca virtual CNM.<\/p>\n<p>O material atende um pedido feito pelos gestores municipais durante as edi\u00e7\u00f5es do A\u00e7\u00e3o Municipalista deste ano. Com linguagem simples e acess\u00edvel, a cartilha aponta as diretrizes da Lei de Responsabilidade Fiscal (LRF) e os principais atos para a transi\u00e7\u00e3o de governo.<\/p>\n<p>Logo nos primeiros cap\u00edtulos, a Confedera\u00e7\u00e3o elenca sete medidas fundamentais nessa fase de t\u00e9rmino de mandato. Dentre elas, a ado\u00e7\u00e3o de mecanismos estabelecidos na Lei de Diretrizes Or\u00e7ament\u00e1rias (LDO) que assegurem o equil\u00edbrio das contas p\u00fablicas. Tamb\u00e9m os perigos de inscri\u00e7\u00e3o em Restos a Pagar (RAP) e a transpar\u00eancia na gest\u00e3o fiscal.<\/p>\n<p>Mais adiante, a entidade apresenta outros instrumentos de transpar\u00eancia e direciona o di\u00e1logo para a transi\u00e7\u00e3o e o per\u00edodo eleitoral. Como orienta a Lei 9.504\/1997, os prefeitos precisam cumprir uma s\u00e9rie de restri\u00e7\u00f5es, especialmente sobre o uso de bens p\u00fablicos e despesas realizadas pela administra\u00e7\u00e3o municipal.<\/p>\n<p>A cartilha abre o di\u00e1logo para um tema que ser\u00e1 aprofundado na XIX Marcha a Bras\u00edlia em Defesa dos Munic\u00edpios. Marcado para o per\u00edodo de 9 a 12 de maio deste ano, o evento \u00e9 o maior do segmento na Am\u00e9rica Latina.<\/p>\n<p><em>*Assomasul<\/em><\/p>\n","protected":false},"excerpt":{"rendered":"<p>A proximidade do encerramento de mais um mandato traz uma s\u00e9rie de condutas aos gestores municipais. Para que o per\u00edodo seja atravessado com tranquilidade, a Confedera\u00e7\u00e3o Nacional de Munic\u00edpios (CNM) reuniu dicas importantes e orienta\u00e7\u00f5es aos prefeitos. Com o t\u00edtulo \u201c2016: \u00faltimo ano de mandato\u201d a cartilha j\u00e1 est\u00e1 dispon\u00edvel para download na biblioteca virtual [&hellip;]<\/p>\n","protected":false},"author":4,"featured_media":24572,"comment_status":"closed","ping_status":"closed","sticky":false,"template":"","format":"standard","meta":{"footnotes":""},"categories":[37],"tags":[],"class_list":["post-24571","post","type-post","status-publish","format-standard","has-post-thumbnail","hentry","category-politica"],"_links":{"self":[{"href":"https:\/\/www.ocorreionews.com.br\/acervo-correio\/index.php?rest_route=\/wp\/v2\/posts\/24571","targetHints":{"allow":["GET"]}}],"collection":[{"href":"https:\/\/www.ocorreionews.com.br\/acervo-correio\/index.php?rest_route=\/wp\/v2\/posts"}],"about":[{"href":"https:\/\/www.ocorreionews.com.br\/acervo-correio\/index.php?rest_route=\/wp\/v2\/types\/post"}],"author":[{"embeddable":true,"href":"https:\/\/www.ocorreionews.com.br\/acervo-correio\/index.php?rest_route=\/wp\/v2\/users\/4"}],"replies":[{"embeddable":true,"href":"https:\/\/www.ocorreionews.com.br\/acervo-correio\/index.php?rest_route=%2Fwp%2Fv2%2Fcomments&post=24571"}],"version-history":[{"count":0,"href":"https:\/\/www.ocorreionews.com.br\/acervo-correio\/index.php?rest_route=\/wp\/v2\/posts\/24571\/revisions"}],"wp:featuredmedia":[{"embeddable":true,"href":"https:\/\/www.ocorreionews.com.br\/acervo-correio\/index.php?rest_route=\/wp\/v2\/media\/24572"}],"wp:attachment":[{"href":"https:\/\/www.ocorreionews.com.br\/acervo-correio\/index.php?rest_route=%2Fwp%2Fv2%2Fmedia&parent=24571"}],"wp:term":[{"taxonomy":"category","embeddable":true,"href":"https:\/\/www.ocorreionews.com.br\/acervo-correio\/index.php?rest_route=%2Fwp%2Fv2%2Fcategories&post=24571"},{"taxonomy":"post_tag","embeddable":true,"href":"https:\/\/www.ocorreionews.com.br\/acervo-correio\/index.php?rest_route=%2Fwp%2Fv2%2Ftags&post=24571"}],"curies":[{"name":"wp","href":"https:\/\/api.w.org\/{rel}","templated":true}]}}