{"id":245784,"date":"2023-07-18T10:22:12","date_gmt":"2023-07-18T14:22:12","guid":{"rendered":"https:\/\/www.ocorreionews.com.br\/acervo-correio\/?p=245784"},"modified":"2023-07-18T14:36:37","modified_gmt":"2023-07-18T18:36:37","slug":"inscricoes-abertas-para-o-curso-gratuito-de-oratoria-comunicacao-assertiva","status":"publish","type":"post","link":"https:\/\/www.ocorreionews.com.br\/acervo-correio\/?p=245784","title":{"rendered":"Inscri\u00e7\u00f5es abertas para o curso gratuito de \u201cOrat\u00f3ria &#8211; Comunica\u00e7\u00e3o Assertiva\u201d"},"content":{"rendered":"<p>A Prefeitura Municipal de Chapad\u00e3o do Sul, por meio da SEDEMA (Secretaria de Desenvolvimento Econ\u00f4mico e Meio Ambiente), em parceria com o Sindicato Rural, o SENAR\/MS (Servi\u00e7o Nacional de Aprendizagem Rural) e a ACE (Associa\u00e7\u00e3o Comercial Empresarial), tem o prazer de anunciar a abertura das inscri\u00e7\u00f5es para o curso &#8216;Orat\u00f3ria &#8211; Comunica\u00e7\u00e3o Assertiva&#8217;.<\/p>\n<p>O curso tem como objetivo capacitar os participantes a desenvolver habilidades de comunica\u00e7\u00e3o eficazes e persuasivas, proporcionando maior seguran\u00e7a e clareza na express\u00e3o de ideias. Atrav\u00e9s do dom\u00ednio das t\u00e9cnicas de orat\u00f3ria, os participantes ser\u00e3o capazes de transmitir suas mensagens de forma impactante e assertiva.<\/p>\n<p>As aulas ser\u00e3o realizadas nos dias 02\/08 e 03\/08, na sala de treinamentos localizada na rodovi\u00e1ria, com dura\u00e7\u00e3o das 07h \u00e0s 17h, hor\u00e1rio de Mato Grosso do Sul. Ser\u00e1 um ambiente prop\u00edcio para a troca de experi\u00eancias e o aprimoramento das habilidades de comunica\u00e7\u00e3o.<\/p>\n<p>O curso \u00e9 voltado para profissionais de todas as \u00e1reas, estudantes e demais interessados que desejam aprimorar suas t\u00e9cnicas de comunica\u00e7\u00e3o e se destacar em apresenta\u00e7\u00f5es, reuni\u00f5es e discursos p\u00fablicos. Al\u00e9m disso, \u00e9 uma oportunidade valiosa para quem busca aprimorar sua habilidade de persuas\u00e3o e influ\u00eancia.<\/p>\n<p>Ao final do curso, os participantes receber\u00e3o um certificado de conclus\u00e3o reconhecido pelo SENAR\/MS, que poder\u00e1 enriquecer seus curr\u00edculos e comprovar sua qualifica\u00e7\u00e3o na \u00e1rea de orat\u00f3ria.<\/p>\n<p>As vagas s\u00e3o limitadas, portanto, \u00e9 recomendado que os interessados realizem suas inscri\u00e7\u00f5es o mais breve poss\u00edvel. Para se inscrever, basta acessar o link\u00a0<a href=\"https:\/\/linktr.ee\/Sedema.online\" target=\"_blank\" rel=\"noopener\">https:\/\/linktr.ee\/Sedema.online<\/a>\u00a0ou entrar em contato pelos telefones 67 3562-5672 \/ WhatsApp:<a href=\"https:\/\/wa.me\/5567996183431\" target=\"_blank\" rel=\"noopener\">\u00a0https:\/\/wa.me\/5567996183431<\/a>. Aqueles que preferirem realizar a inscri\u00e7\u00e3o presencialmente podem se dirigir \u00e0 SEDEMA, localizada na Avenida Onze, n\u00ba 1045, Centro, no Pa\u00e7o Municipal, portando seus documentos pessoais (RG e CPF).<\/p>\n<p>Esse curso faz parte do Plano Municipal de Qualifica\u00e7\u00e3o e Gest\u00e3o, que tem como meta realizar mais de 80 cursos e qualifica\u00e7\u00f5es ao longo de 2023. O Plano busca promover uma educa\u00e7\u00e3o inclusiva, equitativa e de excel\u00eancia, facilitando a inser\u00e7\u00e3o das pessoas no mercado de trabalho, estimulando a cria\u00e7\u00e3o de empregos, o crescimento da renda e o fortalecimento do empreendedorismo local.<\/p>\n<p>N\u00e3o perca a oportunidade de aprimorar suas habilidades de comunica\u00e7\u00e3o e se destacar em sua vida pessoal e profissional. Inscreva-se agora mesmo no curso de Orat\u00f3ria &#8211; Comunica\u00e7\u00e3o Assertiva e descubra o poder de uma fala persuasiva e impactante.<\/p>\n<p><img loading=\"lazy\" decoding=\"async\" class=\"alignnone size-full wp-image-245788\" src=\"https:\/\/www.ocorreionews.com.br\/acervo-correio\/wp-content\/uploads\/2023\/07\/oratoria.jpeg\" alt=\"\" width=\"800\" height=\"533\" srcset=\"https:\/\/www.ocorreionews.com.br\/acervo-correio\/wp-content\/uploads\/2023\/07\/oratoria.jpeg 800w, https:\/\/www.ocorreionews.com.br\/acervo-correio\/wp-content\/uploads\/2023\/07\/oratoria-300x200.jpeg 300w, https:\/\/www.ocorreionews.com.br\/acervo-correio\/wp-content\/uploads\/2023\/07\/oratoria-768x512.jpeg 768w\" sizes=\"auto, (max-width: 800px) 100vw, 800px\" \/><\/p>\n<p>&nbsp;<\/p>\n<p>*Assecom PMCS<\/p>\n","protected":false},"excerpt":{"rendered":"<p>A Prefeitura Municipal de Chapad\u00e3o do Sul, por meio da SEDEMA (Secretaria de Desenvolvimento Econ\u00f4mico e Meio Ambiente), em parceria com o Sindicato Rural, o SENAR\/MS (Servi\u00e7o Nacional de Aprendizagem Rural) e a ACE (Associa\u00e7\u00e3o Comercial Empresarial), tem o prazer de anunciar a abertura das inscri\u00e7\u00f5es para o curso &#8216;Orat\u00f3ria &#8211; Comunica\u00e7\u00e3o Assertiva&#8217;. O curso [&hellip;]<\/p>\n","protected":false},"author":5,"featured_media":245830,"comment_status":"closed","ping_status":"closed","sticky":false,"template":"","format":"standard","meta":{"footnotes":""},"categories":[23],"tags":[],"class_list":["post-245784","post","type-post","status-publish","format-standard","has-post-thumbnail","hentry","category-chapadao-do-sul"],"_links":{"self":[{"href":"https:\/\/www.ocorreionews.com.br\/acervo-correio\/index.php?rest_route=\/wp\/v2\/posts\/245784","targetHints":{"allow":["GET"]}}],"collection":[{"href":"https:\/\/www.ocorreionews.com.br\/acervo-correio\/index.php?rest_route=\/wp\/v2\/posts"}],"about":[{"href":"https:\/\/www.ocorreionews.com.br\/acervo-correio\/index.php?rest_route=\/wp\/v2\/types\/post"}],"author":[{"embeddable":true,"href":"https:\/\/www.ocorreionews.com.br\/acervo-correio\/index.php?rest_route=\/wp\/v2\/users\/5"}],"replies":[{"embeddable":true,"href":"https:\/\/www.ocorreionews.com.br\/acervo-correio\/index.php?rest_route=%2Fwp%2Fv2%2Fcomments&post=245784"}],"version-history":[{"count":1,"href":"https:\/\/www.ocorreionews.com.br\/acervo-correio\/index.php?rest_route=\/wp\/v2\/posts\/245784\/revisions"}],"predecessor-version":[{"id":245789,"href":"https:\/\/www.ocorreionews.com.br\/acervo-correio\/index.php?rest_route=\/wp\/v2\/posts\/245784\/revisions\/245789"}],"wp:featuredmedia":[{"embeddable":true,"href":"https:\/\/www.ocorreionews.com.br\/acervo-correio\/index.php?rest_route=\/wp\/v2\/media\/245830"}],"wp:attachment":[{"href":"https:\/\/www.ocorreionews.com.br\/acervo-correio\/index.php?rest_route=%2Fwp%2Fv2%2Fmedia&parent=245784"}],"wp:term":[{"taxonomy":"category","embeddable":true,"href":"https:\/\/www.ocorreionews.com.br\/acervo-correio\/index.php?rest_route=%2Fwp%2Fv2%2Fcategories&post=245784"},{"taxonomy":"post_tag","embeddable":true,"href":"https:\/\/www.ocorreionews.com.br\/acervo-correio\/index.php?rest_route=%2Fwp%2Fv2%2Ftags&post=245784"}],"curies":[{"name":"wp","href":"https:\/\/api.w.org\/{rel}","templated":true}]}}