{"id":245790,"date":"2023-07-18T10:44:13","date_gmt":"2023-07-18T14:44:13","guid":{"rendered":"https:\/\/www.ocorreionews.com.br\/acervo-correio\/?p=245790"},"modified":"2023-07-18T14:39:17","modified_gmt":"2023-07-18T18:39:17","slug":"homem-e-detido-em-costa-rica-por-perturbacao-e-algazarra-em-sua-residencia","status":"publish","type":"post","link":"https:\/\/www.ocorreionews.com.br\/acervo-correio\/?p=245790","title":{"rendered":"Homem \u00e9 detido em Costa Rica por perturba\u00e7\u00e3o e algazarra em sua resid\u00eancia"},"content":{"rendered":"<p>Na madrugada desta ter\u00e7a-feira (18), um homem de 35 anos foi detido ap\u00f3s reclama\u00e7\u00f5es de que estava acontecendo algazarras e perturba\u00e7\u00e3o do sucesso em sua resid\u00eancia.<\/p>\n<p>Segundo informa\u00e7\u00f5es do Boletim de Ocorr\u00eancia, por volta das 01h a Policia Militar de Costa Rica foi acionada a atender uma ocorr\u00eancia de perturba\u00e7\u00e3o do sossego alheio na Rua Ambrosina Paes Coelho, Centro da cidade.<\/p>\n<p>Chegando ao local os militares flagraram dois indiv\u00edduos, o autor e outro homem, ambos estavam bebendo e foi este momento em que o autor desferiu um soco no outro homem que n\u00e3o quis apresentar queixa.<\/p>\n<p>A v\u00edtima da situa\u00e7\u00e3o de perturba\u00e7\u00e3o, uma moradora da regi\u00e3o, relatou que havia muita gritaria na casa do autor, motos acelerando entres outras coisas.<\/p>\n<p>O autor indignou-se com a situa\u00e7\u00e3o e confessou o que estava fazendo, disse tamb\u00e9m que \u201cn\u00e3o devia a ningu\u00e9m\u201d por isso estaria agindo daquela forma.<\/p>\n<p>O homem foi detido e encaminhado para a Delegacia Civil para tomar as medidas cab\u00edveis.<\/p>\n<p>&nbsp;<\/p>\n<p><em>* O Correio News, com informa\u00e7\u00f5es da Assessoria de comunica\u00e7\u00e3o da 4\u00aaCIPM.<\/em><\/p>\n","protected":false},"excerpt":{"rendered":"<p>Na madrugada desta ter\u00e7a-feira (18), um homem de 35 anos foi detido ap\u00f3s reclama\u00e7\u00f5es de que estava acontecendo algazarras e perturba\u00e7\u00e3o do sucesso em sua resid\u00eancia. Segundo informa\u00e7\u00f5es do Boletim de Ocorr\u00eancia, por volta das 01h a Policia Militar de Costa Rica foi acionada a atender uma ocorr\u00eancia de perturba\u00e7\u00e3o do sossego alheio na Rua [&hellip;]<\/p>\n","protected":false},"author":5,"featured_media":243084,"comment_status":"closed","ping_status":"closed","sticky":false,"template":"","format":"standard","meta":{"footnotes":""},"categories":[25,38],"tags":[],"class_list":["post-245790","post","type-post","status-publish","format-standard","has-post-thumbnail","hentry","category-costa-rica","category-policia"],"_links":{"self":[{"href":"https:\/\/www.ocorreionews.com.br\/acervo-correio\/index.php?rest_route=\/wp\/v2\/posts\/245790","targetHints":{"allow":["GET"]}}],"collection":[{"href":"https:\/\/www.ocorreionews.com.br\/acervo-correio\/index.php?rest_route=\/wp\/v2\/posts"}],"about":[{"href":"https:\/\/www.ocorreionews.com.br\/acervo-correio\/index.php?rest_route=\/wp\/v2\/types\/post"}],"author":[{"embeddable":true,"href":"https:\/\/www.ocorreionews.com.br\/acervo-correio\/index.php?rest_route=\/wp\/v2\/users\/5"}],"replies":[{"embeddable":true,"href":"https:\/\/www.ocorreionews.com.br\/acervo-correio\/index.php?rest_route=%2Fwp%2Fv2%2Fcomments&post=245790"}],"version-history":[{"count":1,"href":"https:\/\/www.ocorreionews.com.br\/acervo-correio\/index.php?rest_route=\/wp\/v2\/posts\/245790\/revisions"}],"predecessor-version":[{"id":245792,"href":"https:\/\/www.ocorreionews.com.br\/acervo-correio\/index.php?rest_route=\/wp\/v2\/posts\/245790\/revisions\/245792"}],"wp:featuredmedia":[{"embeddable":true,"href":"https:\/\/www.ocorreionews.com.br\/acervo-correio\/index.php?rest_route=\/wp\/v2\/media\/243084"}],"wp:attachment":[{"href":"https:\/\/www.ocorreionews.com.br\/acervo-correio\/index.php?rest_route=%2Fwp%2Fv2%2Fmedia&parent=245790"}],"wp:term":[{"taxonomy":"category","embeddable":true,"href":"https:\/\/www.ocorreionews.com.br\/acervo-correio\/index.php?rest_route=%2Fwp%2Fv2%2Fcategories&post=245790"},{"taxonomy":"post_tag","embeddable":true,"href":"https:\/\/www.ocorreionews.com.br\/acervo-correio\/index.php?rest_route=%2Fwp%2Fv2%2Ftags&post=245790"}],"curies":[{"name":"wp","href":"https:\/\/api.w.org\/{rel}","templated":true}]}}