{"id":245800,"date":"2023-07-18T13:44:11","date_gmt":"2023-07-18T17:44:11","guid":{"rendered":"https:\/\/www.ocorreionews.com.br\/acervo-correio\/?p=245800"},"modified":"2023-07-18T13:44:46","modified_gmt":"2023-07-18T17:44:46","slug":"ldo-e-debatida-em-audiencia-publica-na-camara-de-vereadores-de-costa-rica","status":"publish","type":"post","link":"https:\/\/www.ocorreionews.com.br\/acervo-correio\/?p=245800","title":{"rendered":"LDO \u00e9 debatida em audi\u00eancia p\u00fablica na C\u00e2mara de Vereadores de Costa Rica"},"content":{"rendered":"<div class=\"ntc_cont_descricao_noticia sw_txteditor\">\n<p>Na \u00faltima segunda-feira, 17, a C\u00e2mara de Vereadores de Costa Rica e o Executivo realizaram uma audi\u00eancia p\u00fablica conjunta para discutir o projeto de lei n\u00ba 1.518, que trata da Lei de Diretrizes Or\u00e7ament\u00e1rias (LDO) para o exerc\u00edcio de 2024. Esse encontro teve como objetivo permitir a participa\u00e7\u00e3o popular e promover a gest\u00e3o democr\u00e1tica.<\/p>\n<p>A abertura dos trabalhos contou com a presen\u00e7a da secret\u00e1ria de Assist\u00eancia Social, Evair Gomes Nogueira, que representou o Executivo. Ela destacou a import\u00e2ncia da parceria entre a C\u00e2mara Municipal e o Governo Municipal para solucionar os problemas da cidade, de modo que atendam as demandas dos vereadores e sejam vi\u00e1veis para a execu\u00e7\u00e3o pela Prefeitura de Costa Rica, em observ\u00e2ncia \u00e0 Lei de Responsabilidade Fiscal e a Constitui\u00e7\u00e3o Federal.<\/p>\n<p>O vereador Evaldo Paulino Garcia, que presidiu a audi\u00eancia, comprometeu-se a trabalhar junto \u00e0 Casa Legislativa para buscar uma solu\u00e7\u00e3o para os pontos em conflito. Ele sugeriu ainda a aproxima\u00e7\u00e3o entre os t\u00e9cnicos dos poderes Executivo e Legislativo para elaborarem essa nova formata\u00e7\u00e3o.<\/p>\n<p>Durante a audi\u00eancia, os t\u00e9cnicos da Emdico, consultoria de gest\u00e3o contratada pelo munic\u00edpio, detalharam a LDO 2023. Eles abordaram o cen\u00e1rio das receitas municipais e destacaram as a\u00e7\u00f5es realizadas para reduzir o impacto nas contas p\u00fablicas com a diminui\u00e7\u00e3o do ICMS. Segundo a equipe t\u00e9cnica, o governo tem mantido o equil\u00edbrio fiscal sem aumentar impostos e continuar\u00e1 investindo em \u00e1reas priorit\u00e1rias da cidade.<\/p>\n<p>O consultor Herbert Assun\u00e7\u00e3o explicou tamb\u00e9m o processo de adequa\u00e7\u00e3o da receita estimada pela Finan\u00e7as \u00e0s despesas do munic\u00edpio. Eles ressaltaram o trabalho desenvolvido pelo Executivo, que envolve uma articula\u00e7\u00e3o com todos os setores da administra\u00e7\u00e3o p\u00fablica municipal. A expectativa \u00e9 que a Lei Or\u00e7ament\u00e1ria Anual (LOA) de 2024 seja equilibrada e reflita os esfor\u00e7os do Executivo para melhorar os servi\u00e7os prestados \u00e0 popula\u00e7\u00e3o.<\/p>\n<p>Durante a audi\u00eancia, o assessor Jos\u00e9 Edson Narcizo Gon\u00e7alves, alertou para o fato de o Governo Federal ter encerrado o Programa das Escolas C\u00edvico-Militares. Isso exigir\u00e1 que Costa Rica encontre uma maneira de financiar a \u00fanica escola municipal que participava do programa. Essa medida impactar\u00e1 na disponibiliza\u00e7\u00e3o de mais recursos para essa finalidade.<\/p>\n<p>A LDO \u00e9 um instrumento que desdobra, em metas anuais, o planejamento de governo presente no Plano Plurianual (PPA 2022-2025). Ela orienta a elabora\u00e7\u00e3o da Lei Or\u00e7ament\u00e1ria Anual (LOA) e compreende as metas e prioridades do Executivo e do Legislativo Municipal, as diretrizes para a elabora\u00e7\u00e3o e execu\u00e7\u00e3o do or\u00e7amento do Munic\u00edpio, al\u00e9m das disposi\u00e7\u00f5es sobre altera\u00e7\u00f5es na legisla\u00e7\u00e3o tribut\u00e1ria e tarif\u00e1ria, despesas com pessoal e encargos sociais, metas fiscais e riscos fiscais.<\/p>\n<p>A audi\u00eancia contou com a presen\u00e7a de diversas autoridades, como o procurador geral do munic\u00edpio, Rogerio do Carmo Soto Coelho, a secret\u00e1ria de Educa\u00e7\u00e3o, Maria Aparecida Francisca de Souza Almeida, o secret\u00e1rio de Turismo, Meio Ambiente, Esporte e Cultura, Jo\u00e3o Carlos Candido Rocha, o presidente da C\u00e2mara de Vereadores, Ailton Martins de Amorim, a vice-presidente Rosangela Mar\u00e7al Paes, o 1\u00ba secret\u00e1rio Averaldo Barbosa da Costa, a 2\u00aa secret\u00e1ria prof.\u00aa mestre Manuelina Martins da Silva Arantes Cabral, dos vereadores Claudomiro Martins Rosa (Coc\u00f3), Artur Delgado Baird e Waldomiro Bocalan (Biri); entre outras e membros da popula\u00e7\u00e3o.<\/p>\n<p><img decoding=\"async\" class=\"imgcentraliza\" src=\"https:\/\/www.costarica.ms.gov.br\/fotos\/cbd8b85db9f01af615d0908e3e4923ae.jpg\" alt=\"Foto Noticia Principal Grande\" \/><\/p>\n<\/div>\n<div class=\"ntc_area_info_noticia sw_lato\">\n<div>\n<div class=\"ntc_info_noticia\"><strong class=\"sw_lato_black\">Fonte: <\/strong>Assessoria de Comunica\u00e7\u00e3o \/ PMCR,<strong class=\"sw_lato_black\">\u00a0<\/strong>Silvestre de Castro<\/div>\n<\/div>\n<\/div>\n","protected":false},"excerpt":{"rendered":"<p>Na \u00faltima segunda-feira, 17, a C\u00e2mara de Vereadores de Costa Rica e o Executivo realizaram uma audi\u00eancia p\u00fablica conjunta para discutir o projeto de lei n\u00ba 1.518, que trata da Lei de Diretrizes Or\u00e7ament\u00e1rias (LDO) para o exerc\u00edcio de 2024. Esse encontro teve como objetivo permitir a participa\u00e7\u00e3o popular e promover a gest\u00e3o democr\u00e1tica. A [&hellip;]<\/p>\n","protected":false},"author":5,"featured_media":245802,"comment_status":"closed","ping_status":"closed","sticky":false,"template":"","format":"standard","meta":{"footnotes":""},"categories":[25],"tags":[],"class_list":["post-245800","post","type-post","status-publish","format-standard","has-post-thumbnail","hentry","category-costa-rica"],"_links":{"self":[{"href":"https:\/\/www.ocorreionews.com.br\/acervo-correio\/index.php?rest_route=\/wp\/v2\/posts\/245800","targetHints":{"allow":["GET"]}}],"collection":[{"href":"https:\/\/www.ocorreionews.com.br\/acervo-correio\/index.php?rest_route=\/wp\/v2\/posts"}],"about":[{"href":"https:\/\/www.ocorreionews.com.br\/acervo-correio\/index.php?rest_route=\/wp\/v2\/types\/post"}],"author":[{"embeddable":true,"href":"https:\/\/www.ocorreionews.com.br\/acervo-correio\/index.php?rest_route=\/wp\/v2\/users\/5"}],"replies":[{"embeddable":true,"href":"https:\/\/www.ocorreionews.com.br\/acervo-correio\/index.php?rest_route=%2Fwp%2Fv2%2Fcomments&post=245800"}],"version-history":[{"count":2,"href":"https:\/\/www.ocorreionews.com.br\/acervo-correio\/index.php?rest_route=\/wp\/v2\/posts\/245800\/revisions"}],"predecessor-version":[{"id":245805,"href":"https:\/\/www.ocorreionews.com.br\/acervo-correio\/index.php?rest_route=\/wp\/v2\/posts\/245800\/revisions\/245805"}],"wp:featuredmedia":[{"embeddable":true,"href":"https:\/\/www.ocorreionews.com.br\/acervo-correio\/index.php?rest_route=\/wp\/v2\/media\/245802"}],"wp:attachment":[{"href":"https:\/\/www.ocorreionews.com.br\/acervo-correio\/index.php?rest_route=%2Fwp%2Fv2%2Fmedia&parent=245800"}],"wp:term":[{"taxonomy":"category","embeddable":true,"href":"https:\/\/www.ocorreionews.com.br\/acervo-correio\/index.php?rest_route=%2Fwp%2Fv2%2Fcategories&post=245800"},{"taxonomy":"post_tag","embeddable":true,"href":"https:\/\/www.ocorreionews.com.br\/acervo-correio\/index.php?rest_route=%2Fwp%2Fv2%2Ftags&post=245800"}],"curies":[{"name":"wp","href":"https:\/\/api.w.org\/{rel}","templated":true}]}}