{"id":245806,"date":"2023-07-18T13:50:11","date_gmt":"2023-07-18T17:50:11","guid":{"rendered":"https:\/\/www.ocorreionews.com.br\/acervo-correio\/?p=245806"},"modified":"2023-07-19T00:28:39","modified_gmt":"2023-07-19T04:28:39","slug":"policiais-sao-presos-por-assaltar-e-levar-cabelo-humano-avaliado-em-r-150-mil","status":"publish","type":"post","link":"https:\/\/www.ocorreionews.com.br\/acervo-correio\/?p=245806","title":{"rendered":"Policiais s\u00e3o presos por assaltar e levar cabelo humano avaliado em R$ 150 mil"},"content":{"rendered":"<p>Dois policiais, um civil e um militar, e um terceiro suspeito, que \u00e9 monitorado por tornozeleira eletr\u00f4nica, foram presos em Corumb\u00e1, acusados de participarem de um assalto contra duas pessoas que estavam em ve\u00edculo de aplicativo. Durante o assalto, foram levadas duas malas que continham cabelo humano, avaliado em R$ 150 mil. Os nomes dos policiais n\u00e3o foram divulgados.<\/p>\n<p>As v\u00edtimas relataram no boletim de ocorr\u00eancia que compraram as malas com cabelo humano na Bol\u00edvia e estavam em um carro de aplicativo quando foram paradas por um trio de homens armados, que estavam em um Onix. O rapaz, identificado apenas como Eric, amea\u00e7ou o motorista de aplicativo e obrigou ele a parar o carro. Neste momento, os policiais, que utilizavam toucas na cabe\u00e7a, pegaram as malas que estavam no bagageiro e sa\u00edram em alta velocidade.<\/p>\n<p>Pouco tempo ap\u00f3s o assalto, uma viatura da Pol\u00edcia Militar passava pelo local e as v\u00edtimas informaram as caracter\u00edsticas dos autores e do ve\u00edculo utilizado pelos bandidos. No Onix, identificado pelos policiais e reconhecido pelas v\u00edtimas, estava um policial civil conduzindo o carro, acompanhado por um policial militar e um rapaz identificado com Eric.<\/p>\n<p>Nervoso, o policial civil, que estava de folga, justificou que estaria atuando em um suposto flagrante de contrabando. O militar, que acompanhava e tamb\u00e9m estava de folga do servi\u00e7o, informou que estaria dando apoio ao flagrante. O militar teve sua arma momentaneamente retida. Todos os autores do assalto foram encaminhados \u00e0 1\u00b0 Delegacia de Pol\u00edcia Civil. O casal apresentou as notas fiscais comprovando a compra dos cabelos.<\/p>\n<p>A Sejusp (Secretaria Estadual de Seguran\u00e7a P\u00fablica) foi procurada, mas n\u00e3o se manifestou. O tenente-coronel Carlos Magno da Silva, comandante do 6\u00ba Batalh\u00e3o da PM, informou que abrir\u00e1 inqu\u00e9rito para apurar as circunst\u00e2ncias do caso. J\u00e1 a Pol\u00edcia Civil disse que a Corregedoria Geral &#8220;foi informada e adotar\u00e1 todas provid\u00eancias quanto ao Policial Civil. A Pol\u00edcia Civil refor\u00e7a que n\u00e3o coaduna com condutas que destoem de sua miss\u00e3o de servir e proteger a sociedade e reafirma o compromisso de apurar cabalmente o caso&#8221;.<\/p>\n<p>&nbsp;<\/p>\n<p>(*) Campo Grande News (Clara Farias), com informa\u00e7\u00f5es de Folha MS<\/p>\n","protected":false},"excerpt":{"rendered":"<p>Dois policiais, um civil e um militar, e um terceiro suspeito, que \u00e9 monitorado por tornozeleira eletr\u00f4nica, foram presos em Corumb\u00e1, acusados de participarem de um assalto contra duas pessoas que estavam em ve\u00edculo de aplicativo. Durante o assalto, foram levadas duas malas que continham cabelo humano, avaliado em R$ 150 mil. Os nomes dos [&hellip;]<\/p>\n","protected":false},"author":5,"featured_media":245807,"comment_status":"closed","ping_status":"closed","sticky":false,"template":"","format":"standard","meta":{"footnotes":""},"categories":[38],"tags":[],"class_list":["post-245806","post","type-post","status-publish","format-standard","has-post-thumbnail","hentry","category-policia"],"_links":{"self":[{"href":"https:\/\/www.ocorreionews.com.br\/acervo-correio\/index.php?rest_route=\/wp\/v2\/posts\/245806","targetHints":{"allow":["GET"]}}],"collection":[{"href":"https:\/\/www.ocorreionews.com.br\/acervo-correio\/index.php?rest_route=\/wp\/v2\/posts"}],"about":[{"href":"https:\/\/www.ocorreionews.com.br\/acervo-correio\/index.php?rest_route=\/wp\/v2\/types\/post"}],"author":[{"embeddable":true,"href":"https:\/\/www.ocorreionews.com.br\/acervo-correio\/index.php?rest_route=\/wp\/v2\/users\/5"}],"replies":[{"embeddable":true,"href":"https:\/\/www.ocorreionews.com.br\/acervo-correio\/index.php?rest_route=%2Fwp%2Fv2%2Fcomments&post=245806"}],"version-history":[{"count":1,"href":"https:\/\/www.ocorreionews.com.br\/acervo-correio\/index.php?rest_route=\/wp\/v2\/posts\/245806\/revisions"}],"predecessor-version":[{"id":245809,"href":"https:\/\/www.ocorreionews.com.br\/acervo-correio\/index.php?rest_route=\/wp\/v2\/posts\/245806\/revisions\/245809"}],"wp:featuredmedia":[{"embeddable":true,"href":"https:\/\/www.ocorreionews.com.br\/acervo-correio\/index.php?rest_route=\/wp\/v2\/media\/245807"}],"wp:attachment":[{"href":"https:\/\/www.ocorreionews.com.br\/acervo-correio\/index.php?rest_route=%2Fwp%2Fv2%2Fmedia&parent=245806"}],"wp:term":[{"taxonomy":"category","embeddable":true,"href":"https:\/\/www.ocorreionews.com.br\/acervo-correio\/index.php?rest_route=%2Fwp%2Fv2%2Fcategories&post=245806"},{"taxonomy":"post_tag","embeddable":true,"href":"https:\/\/www.ocorreionews.com.br\/acervo-correio\/index.php?rest_route=%2Fwp%2Fv2%2Ftags&post=245806"}],"curies":[{"name":"wp","href":"https:\/\/api.w.org\/{rel}","templated":true}]}}