{"id":245808,"date":"2023-07-18T13:55:18","date_gmt":"2023-07-18T17:55:18","guid":{"rendered":"https:\/\/www.ocorreionews.com.br\/acervo-correio\/?p=245808"},"modified":"2023-07-18T13:55:18","modified_gmt":"2023-07-18T17:55:18","slug":"sicredi-participa-do-maior-evento-de-cooperativismo-de-credito-do-mundo","status":"publish","type":"post","link":"https:\/\/www.ocorreionews.com.br\/acervo-correio\/?p=245808","title":{"rendered":"Sicredi participa do maior evento de cooperativismo de cr\u00e9dito do mundo"},"content":{"rendered":"<p class=\"x_m_7730750221898142470xmsonormal\">O futuro do cooperativismo de cr\u00e9dito, inclus\u00e3o financeira, sustentabilidade e lideran\u00e7a inclusiva ser\u00e3o alguns dos temas debatidos na Confer\u00eancia Mundial do Woccu (Conselho Mundial das Cooperativas de Cr\u00e9dito, na tradu\u00e7\u00e3o da sigla em ingl\u00eas), programada para acontecer entre 23 e 26 de julho, em Vancouver, no Canad\u00e1. O Sicredi estar\u00e1 presente no evento que conectar\u00e1 mais de 3 mil profissionais de cooperativas de cr\u00e9dito do mundo. Al\u00e9m de participar da confer\u00eancia com cerca de 70 representantes, o Sicredi apresentar\u00e1 pain\u00e9is focados em sustentabilidade, empreendedorismo feminino, coopera\u00e7\u00e3o, inclus\u00e3o e diversidade.<u><\/u><u><\/u><\/p>\n<p class=\"x_m_7730750221898142470xmsonormal\">\u00a0<u><\/u><u><\/u><\/p>\n<p class=\"x_m_7730750221898142470xmsonormal\">Como atividade pr\u00e9via \u00e0 confer\u00eancia, acontece no dia 22 de julho o\u00a0<i>WYCUP Global Emerging Leaders&#8217; Summit<\/i>, organizado pelo programa de Jovens Profissionais do Conselho Mundial das Cooperativas de Cr\u00e9dito. Na data, Isaura Morel, gerente de Sustentabilidade do Sicredi, ir\u00e1 abordar o tema \u201cEstrat\u00e9gia e Iniciativas Sist\u00eamicas de Sustentabilidade no Sicredi\u201d. Na sequ\u00eancia, Ariane Zen, gerente de Relacionamento da Sicredi Uni\u00e3o MS\/TO e Oeste da Bahia, apresentar\u00e1 o case sobre o projeto da cooperativa voltado a mulheres empreendedoras, o \u201cDonas do Neg\u00f3cio\u201d. Por fim, o associado da Sicredi Rio Paran\u00e1 PR\/SP e membro do comit\u00ea jovem, Victor Saab, falar\u00e1 sobre o projeto de recupera\u00e7\u00e3o florestal no painel sobre \u201cCoopera\u00e7\u00e3o e reflorestamento em matas ciliares da regi\u00e3o do Mirante do Paranapanema\u201d.<u><\/u><u><\/u><\/p>\n<p class=\"x_m_7730750221898142470xmsonormal\"><img loading=\"lazy\" decoding=\"async\" class=\"alignnone size-full wp-image-245811\" src=\"https:\/\/www.ocorreionews.com.br\/acervo-correio\/wp-content\/uploads\/2023\/07\/canada-sicred2.jpg\" alt=\"\" width=\"1200\" height=\"800\" srcset=\"https:\/\/www.ocorreionews.com.br\/acervo-correio\/wp-content\/uploads\/2023\/07\/canada-sicred2.jpg 1200w, https:\/\/www.ocorreionews.com.br\/acervo-correio\/wp-content\/uploads\/2023\/07\/canada-sicred2-300x200.jpg 300w, https:\/\/www.ocorreionews.com.br\/acervo-correio\/wp-content\/uploads\/2023\/07\/canada-sicred2-1024x683.jpg 1024w, https:\/\/www.ocorreionews.com.br\/acervo-correio\/wp-content\/uploads\/2023\/07\/canada-sicred2-768x512.jpg 768w\" sizes=\"auto, (max-width: 1200px) 100vw, 1200px\" \/> <u><\/u><u><\/u><\/p>\n<p class=\"x_m_7730750221898142470xmsonormal\">J\u00e1 a cerim\u00f4nia de abertura oficial da Confer\u00eancia Mundial do Woccu ocorrer\u00e1 no dia 23 de julho, domingo. No dia 24, C\u00e9sar Bochi, diretor presidente do Banco Cooperativo Sicredi, e Manfred Alfonso Dasenbrock, diretor do WOCCU e presidente da Central Sicredi PR\/SP\/RJ, representam o Sicredi na Assembleia Geral do Conselho Mundial das Cooperativas de Cr\u00e9dito, momento em que os l\u00edderes do Woccu se re\u00fanem para tomar decis\u00f5es conjuntas.<u><\/u><u><\/u><\/p>\n<p class=\"x_m_7730750221898142470xmsonormal\">\u00a0<u><\/u><u><\/u><\/p>\n<p class=\"x_m_7730750221898142470xmsonormal\">Seguindo a programa\u00e7\u00e3o da confer\u00eancia, no dia 25 de julho, Clairton Walter, superintendente Executivo de Assuntos Regulat\u00f3rios do Sicredi, tratar\u00e1 sobre as \u201cEstrat\u00e9gias Legais para Melhorar sua Cooperativa de Cr\u00e9dito\u201d. No mesmo dia, Romeo Balzan, superintendente de Cooperativismo e Sustentabilidade do Sicredi, ir\u00e1 expor sobre o \u201cComit\u00ea de Inclus\u00e3o, Diversidade e Equidade Sist\u00eamico\u201d. Balzan tamb\u00e9m encerrar\u00e1 as apresenta\u00e7\u00f5es do Sicredi na confer\u00eancia com a palestra \u201cDesmistificando a Jornada para Net Zero \u2013 Perspectivas Globais sobre Transi\u00e7\u00f5es Sustent\u00e1veis\u201d, no dia 26 de julho.<u><\/u><u><\/u><\/p>\n<p class=\"x_m_7730750221898142470xmsonormal\">\u00a0<u><\/u><u><\/u><\/p>\n<p class=\"x_m_7730750221898142470xmsonormal\">\u201cEste \u00e9 o maior evento de cooperativismo de cr\u00e9dito do mundo e para o Sicredi \u00e9 muito importante estarmos presentes n\u00e3o apenas como ouvintes, mas compartilhando nossas iniciativas e boas pr\u00e1ticas. A confer\u00eancia\u00a0\u00e9 uma oportunidade \u00fanica para trocar conhecimento com as cooperativas de cr\u00e9dito de diferentes pa\u00edses. Os debates sobre temas atuais e perspectivas para o futuro nos desafiam a pensar em novas solu\u00e7\u00f5es para nosso sistema e associados\u201d, afirma Manfred Alfonso Dasenbrock, diretor do WOCCU e presidente da Central Sicredi PR\/SP\/RJ.<u><\/u><u><\/u><\/p>\n<p class=\"x_m_7730750221898142470xmsonormal\">\u00a0<u><\/u><u><\/u><\/p>\n<p class=\"x_m_7730750221898142470xmsonormal\"><b>Sicredi \u00e9 finalista do Programa WYCUP 2023<\/b><u><\/u><u><\/u><\/p>\n<p class=\"x_m_7730750221898142470xmsonormal\"><b>\u00a0<\/b><u><\/u><u><\/u><\/p>\n<p class=\"x_m_7730750221898142470xmsonormal\">A colaboradora da Sicredi Uni\u00e3o MS\/TO e Oeste da Bahia, Ariane Zen, \u00a0teve reconhecimento internacional no WYCUP\u00a0 &#8211; World Council Young Credit Union People. A premia\u00e7\u00e3o faz parte do programa de bolsas para jovens l\u00edderes da Confer\u00eancia do WOCCU (Conselho Mundial das Cooperativas de Cr\u00e9dito, na tradu\u00e7\u00e3o da sigla em ingl\u00eas) e tem o objetivo de incentivar a forma\u00e7\u00e3o de jovens lideran\u00e7as por meio de projetos que ajudem a gerar impacto positivo tanto para o cooperativismo de cr\u00e9dito quanto para a sociedade.<u><\/u><u><\/u><\/p>\n<p class=\"x_m_7730750221898142470xmsonormal\">\u00a0<u><\/u><u><\/u><\/p>\n<p class=\"x_m_7730750221898142470xmsonormal\">Atrav\u00e9s de um case inscrito no programa, a colaboradora da Cooperativa, Ariane Zen, que hoje atua como gerente de relacionamento (comunica\u00e7\u00e3o, marketing e desenvolvimento do cooperativismo) falou sobre o seu papel de lideran\u00e7a dentre os projetos que hoje gerencia, elencando um como case de solidifica\u00e7\u00e3o do modelo de neg\u00f3cios cooperativista, que \u00e9 o Donas do Neg\u00f3cio, que tem como objetivo promover o crescimento econ\u00f4mico sustent\u00e1vel e inclusivo e por isso desenvolve a\u00e7\u00f5es que fortale\u00e7am a economia local. Com essa vontade, nasce o projeto Donas do Neg\u00f3cio, uma iniciativa inovadora desenvolvida em parceria com o IFC (International Finance Corporation) para apoiar e estimular o empreendedorismo feminino.<u><\/u><u><\/u><\/p>\n<p class=\"x_m_7730750221898142470xmsonormal\">\u00a0<u><\/u><u><\/u><\/p>\n<p class=\"x_m_7730750221898142470xmsonormal\">Al\u00e9m de apresentar suas boas pr\u00e1ticas na Confer\u00eancia Mundial do Woccu, o Sicredi tamb\u00e9m \u00e9 um dos finalistas do Pr\u00eamio\u00a0<i>WYCUP com\u00a0<\/i>o<i>\u00a0<\/i>projeto \u201cDonas do Neg\u00f3cio\u201d, apoiado pela Central BRC \u2013 Sicredi Uni\u00e3o MS\/TO e Oeste da Bahia. O reconhecimento ser\u00e1 anunciado no dia 22 de julho e \u00e9 concedido pelo\u00a0<i>World Council Young Credit Union Professionals<\/i>\u00a0(WYCUP), com o objetivo de estimular a forma\u00e7\u00e3o de jovens lideran\u00e7as e premiar projetos com potencial de causar influ\u00eancia global no cooperativismo de cr\u00e9dito.<u><\/u><u><\/u><\/p>\n<p class=\"x_m_7730750221898142470xmsonormal\">\u00a0<u><\/u><u><\/u><\/p>\n<p class=\"x_m_7730750221898142470xmsonormal\">O \u201cDonas do Neg\u00f3cio\u201d visa estimular o empreendedorismo, o empoderamento e a qualifica\u00e7\u00e3o das mulheres, agentes fundamentais da transforma\u00e7\u00e3o econ\u00f4mica do pa\u00eds.<b>\u00a0<\/b>O programa recebeu assessoria da\u00a0<i>International Finance Corporation\u00a0<\/i>(IFC) &#8211; maior institui\u00e7\u00e3o global de desenvolvimento voltada ao setor privado nos pa\u00edses em desenvolvimento e membro do Grupo Banco Mundial &#8211; visando potencializar o segmento de micro e pequenas empresas lideradas por mulheres e integr\u00e1-lo a seu modelo de neg\u00f3cio de forma sustent\u00e1vel.<u><\/u><u><\/u><\/p>\n<p class=\"x_m_7730750221898142470xmsonormal\">\u00a0<u><\/u><u><\/u><\/p>\n<p class=\"x_m_7730750221898142470xmsonormal\">\u201c\u00c9 uma felicidade imensa representar n\u00e3o s\u00f3 a Cooperativa, como o pa\u00eds neste momento, principalmente levando comigo este programa que faz tanto a diferen\u00e7a para a mulher empreendedora micro e pequena, somos uma institui\u00e7\u00e3o financeira de pessoas para pessoas, e o ser humano sempre ser\u00e1 o nosso principal valor. Espero poder inspirar outros a seguirem o mesmo caminho, gerando transforma\u00e7\u00f5es em suas comunidades e tendo engajamento global\u201d, destaca Ariane Zen.<u><\/u><u><\/u><\/p>\n<p class=\"x_m_7730750221898142470xmsonormal\">\u00a0<u><\/u><u><\/u><\/p>\n<p class=\"x_m_7730750221898142470xmsonormal\">\u201cEstamos lisonjeados em ter como a nossa colaboradora Ariane, como \u00fanica representante brasileira na Woccu, que ocorre no m\u00eas de julho no Canad\u00e1. Acreditamos no potencial transformador do jovem no cooperativismo, e estamos entusiasmados, para que pessoas do mundo todo saibam tamb\u00e9m do programa Donas do Neg\u00f3cio que tem como objetivo tornar a nossa cooperativa de cr\u00e9dito refer\u00eancia para a mulher empreendedora na nossa \u00e1rea de atua\u00e7\u00e3o e estimular o poder de transforma\u00e7\u00e3o socioecon\u00f4mico em suas comunidades. O Sicredi \u00e9 um agente de desenvolvimento dos neg\u00f3cios para este p\u00fablico. A inclus\u00e3o financeira, por meio desse trabalho, ir\u00e1 gerar uma proposta de valor s\u00f3lida, refor\u00e7ando o papel relevante da Cooperativa\u201d, afirma o presidente da Sicredi Uni\u00e3o MS\/TO e Oeste da Bahia, Celso R\u00e9gis.<u><\/u><u><\/u><\/p>\n<p class=\"x_m_7730750221898142470xmsonormal\">\u00a0<u><\/u><u><\/u><\/p>\n<p class=\"x_m_7730750221898142470xmsonormal\"><b>\u00a0<\/b><u><\/u><u><\/u><\/p>\n<p class=\"x_m_7730750221898142470xmsonormal\">\u00a0<u><\/u><u><\/u><\/p>\n<p class=\"x_m_7730750221898142470xmsonormal\"><b>Cooperativismo de cr\u00e9dito no mundo<\/b><u><\/u><u><\/u><\/p>\n<p class=\"x_m_7730750221898142470xmsonormal\">O cooperativismo de cr\u00e9dito \u00e9 um modelo de neg\u00f3cio presente em 118 pa\u00edses, segundo relat\u00f3rio do Conselho Mundial de Cooperativas de Cr\u00e9dito (Woccu 2021), reunindo mais de 393 milh\u00f5es de associados e ultrapassando a marca dos US$ 3,4 trilh\u00f5es em ativos. No Brasil, de acordo com o Banco Central, o cooperativismo de cr\u00e9dito est\u00e1 presente em mais da metade (55%) das cidades. J\u00e1 s\u00e3o mais de 15,6 milh\u00f5es de associados a 799 cooperativas de cr\u00e9dito em todo o pa\u00eds.<u><\/u><u><\/u><\/p>\n<p class=\"x_m_7730750221898142470xmsonormal\">\u00a0<u><\/u><u><\/u><\/p>\n<p class=\"x_m_7730750221898142470xparagraph\"><span class=\"x_m_7730750221898142470xnormaltextrun\"><b>Sobre o Sicredi<\/b><\/span><span class=\"x_m_7730750221898142470xeop\">\u00a0<\/span><u><\/u><u><\/u><\/p>\n<p class=\"x_m_7730750221898142470xparagraph\"><span class=\"x_m_7730750221898142470xnormaltextrun\">O Sicredi \u00e9 uma institui\u00e7\u00e3o financeira cooperativa comprometida com o crescimento de seus associados e com o desenvolvimento das regi\u00f5es onde atua. Possui um modelo de gest\u00e3o que valoriza a participa\u00e7\u00e3o dos 7 milh\u00f5es de associados, que exercem o papel de donos do neg\u00f3cio. Com mais de 2.500 ag\u00eancias, o Sicredi est\u00e1 presente fisicamente em todos os estados brasileiros e no Distrito Federal, disponibilizando uma gama completa de solu\u00e7\u00f5es financeiras e n\u00e3o financeiras.<\/span><u><\/u><u><\/u><\/p>\n<p class=\"x_m_7730750221898142470xmsonormal\">\u00a0<u><\/u><u><\/u><\/p>\n<p class=\"x_m_7730750221898142470xmsonormal\"><b>Participa\u00e7\u00e3o do Sicredi na Confer\u00eancia do Woccu<\/b><u><\/u><u><\/u><\/p>\n<p class=\"x_m_7730750221898142470xmsonormal\"><b><span lang=\"EN-US\">Local:\u00a0<\/span><\/b><span lang=\"EN-US\">Vancouver &#8211; Canad\u00e1<\/span><u><\/u><u><\/u><\/p>\n<p class=\"x_m_7730750221898142470xmsonormal\"><b><i><span lang=\"EN-US\">\u00a0<\/span><\/i><\/b><u><\/u><u><\/u><\/p>\n<p class=\"x_m_7730750221898142470xmsonormal\"><b><i><span lang=\"EN-US\">WYCUP Global Emerging Leaders&#8217; Summit<\/span><\/i><\/b><u><\/u><u><\/u><\/p>\n<p class=\"x_m_7730750221898142470xmsonormal\">Evento organizado pelo programa de Jovens Profissionais do Conselho Mundial das Cooperativas de Cr\u00e9dito<u><\/u><u><\/u><\/p>\n<p class=\"x_m_7730750221898142470xmsonormal\">Data: 22 de julho<u><\/u><u><\/u><\/p>\n<p class=\"x_m_7730750221898142470xmsonormal\"><b>\u00a0<\/b><u><\/u><u><\/u><\/p>\n<p class=\"x_m_7730750221898142470xmsonormal\">Apresenta\u00e7\u00e3o \u201cEstrat\u00e9gia e Iniciativas Sist\u00eamicas de Sustentabilidade no Sicredi\u201d<u><\/u><u><\/u><\/p>\n<p class=\"x_m_7730750221898142470xmsonormal\">Com Isaura Morel, gerente de Sustentabilidade do Sicredi<u><\/u><u><\/u><\/p>\n<p class=\"x_m_7730750221898142470xmsonormal\">\u00a0<u><\/u><u><\/u><\/p>\n<p class=\"x_m_7730750221898142470xmsonormal\">Apresenta\u00e7\u00e3o \u201cDesenvolvimento de Mulheres Empreendedoras\u201d<u><\/u><u><\/u><\/p>\n<p class=\"x_m_7730750221898142470xmsonormal\">Com Ariane Zen, gerente de Relacionamento da Sicredi Uni\u00e3o MS\/TO e Oeste da Bahia<u><\/u><u><\/u><\/p>\n<p class=\"x_m_7730750221898142470xmsonormal\">\u00a0<u><\/u><u><\/u><\/p>\n<p class=\"x_m_7730750221898142470xmsonormal\">Apresenta\u00e7\u00e3o \u201cSua jornada no Comit\u00ea Jovem e o projeto Coopera\u00e7\u00e3o e Reflorestamento em matas ciliares da regi\u00e3o do Mirante do Paranapanema\u201d<u><\/u><u><\/u><\/p>\n<p class=\"x_m_7730750221898142470xmsonormal\">Com Victor Saab, associado da Sicredi Rio Paran\u00e1 PR\/SP, membro do Comit\u00ea Jovem e atual Conselheiro Fiscal<u><\/u><u><\/u><\/p>\n<p class=\"x_m_7730750221898142470xmsonormal\"><b>\u00a0<\/b><u><\/u><u><\/u><\/p>\n<p class=\"x_m_7730750221898142470xmsonormal\"><b>WOCCU 2023 |\u00a0<i>World Credit Union Conference<\/i><\/b><u><\/u><u><\/u><\/p>\n<p class=\"x_m_7730750221898142470xmsonormal\"><b>Per\u00edodo:\u00a0<\/b>23 a 26 de julho de 2023<u><\/u><u><\/u><\/p>\n<p class=\"x_m_7730750221898142470xmsonormal\">\u00a0<u><\/u><u><\/u><\/p>\n<p class=\"x_m_7730750221898142470xmsonormal\"><b>24 de julho<\/b><u><\/u><u><\/u><\/p>\n<p class=\"x_m_7730750221898142470xmsonormal\">Assembleia Geral do Conselho Mundial das Cooperativas de Cr\u00e9dito<u><\/u><u><\/u><\/p>\n<p class=\"x_m_7730750221898142470xmsonormal\">Participa\u00e7\u00e3o de C\u00e9sar Bochi, diretor presidente do Banco Cooperativo Sicredi, e Manfred Alfonso Dasenbrock, diretor do WOCCU e presidente da Central Sicredi PR\/SP\/RJ<u><\/u><u><\/u><\/p>\n<p class=\"x_m_7730750221898142470xmsonormal\">\u00a0<u><\/u><u><\/u><\/p>\n<p class=\"x_m_7730750221898142470xmsonormal\"><b>25 de julho<\/b><u><\/u><u><\/u><\/p>\n<p class=\"x_m_7730750221898142470xmsonormal\">Apresenta\u00e7\u00e3o \u201cEstrat\u00e9gias Legais para Melhorar sua Cooperativa de Cr\u00e9dito\u201d<u><\/u><u><\/u><\/p>\n<p class=\"x_m_7730750221898142470xmsonormal\">Com Clairton Walter, superintendente Executivo de Assuntos Regulat\u00f3rios do Sicredi<u><\/u><u><\/u><\/p>\n<p class=\"x_m_7730750221898142470xmsonormal\">\n<p class=\"x_m_7730750221898142470xmsonormal\">Apresenta\u00e7\u00e3o \u201cComit\u00ea de Inclus\u00e3o, Diversidade e Equidade Sist\u00eamico\u201d<u><\/u><u><\/u><\/p>\n<p class=\"x_m_7730750221898142470xmsonormal\">Com Romeo Balzan, superintendente de Cooperativismo e Sustentabilidade do Sicredi<u><\/u><u><\/u><\/p>\n<p class=\"x_m_7730750221898142470xmsonormal\">\n<p class=\"x_m_7730750221898142470xmsonormal\"><b>26 de julho<\/b><u><\/u><u><\/u><\/p>\n<p class=\"x_m_7730750221898142470xmsonormal\">Apresenta\u00e7\u00e3o \u201cDesmistificando a Jornada para Net Zero \u2013 Perspectivas Globais sobre Transi\u00e7\u00f5es Sustent\u00e1veis\u201d<u><\/u><u><\/u><\/p>\n<p class=\"x_m_7730750221898142470xmsonormal\">Com Romeo Balzan, superintendente de Cooperativismo e Sustentabilidade do Sicredi<\/p>\n<p>Assessoria Borsari Comunica\u00e7\u00e3o<\/p>\n","protected":false},"excerpt":{"rendered":"<p>O futuro do cooperativismo de cr\u00e9dito, inclus\u00e3o financeira, sustentabilidade e lideran\u00e7a inclusiva ser\u00e3o alguns dos temas debatidos na Confer\u00eancia Mundial do Woccu (Conselho Mundial das Cooperativas de Cr\u00e9dito, na tradu\u00e7\u00e3o da sigla em ingl\u00eas), programada para acontecer entre 23 e 26 de julho, em Vancouver, no Canad\u00e1. O Sicredi estar\u00e1 presente no evento que conectar\u00e1 [&hellip;]<\/p>\n","protected":false},"author":4,"featured_media":245812,"comment_status":"closed","ping_status":"closed","sticky":false,"template":"","format":"standard","meta":{"footnotes":""},"categories":[26],"tags":[],"class_list":["post-245808","post","type-post","status-publish","format-standard","has-post-thumbnail","hentry","category-economia"],"_links":{"self":[{"href":"https:\/\/www.ocorreionews.com.br\/acervo-correio\/index.php?rest_route=\/wp\/v2\/posts\/245808","targetHints":{"allow":["GET"]}}],"collection":[{"href":"https:\/\/www.ocorreionews.com.br\/acervo-correio\/index.php?rest_route=\/wp\/v2\/posts"}],"about":[{"href":"https:\/\/www.ocorreionews.com.br\/acervo-correio\/index.php?rest_route=\/wp\/v2\/types\/post"}],"author":[{"embeddable":true,"href":"https:\/\/www.ocorreionews.com.br\/acervo-correio\/index.php?rest_route=\/wp\/v2\/users\/4"}],"replies":[{"embeddable":true,"href":"https:\/\/www.ocorreionews.com.br\/acervo-correio\/index.php?rest_route=%2Fwp%2Fv2%2Fcomments&post=245808"}],"version-history":[{"count":1,"href":"https:\/\/www.ocorreionews.com.br\/acervo-correio\/index.php?rest_route=\/wp\/v2\/posts\/245808\/revisions"}],"predecessor-version":[{"id":245813,"href":"https:\/\/www.ocorreionews.com.br\/acervo-correio\/index.php?rest_route=\/wp\/v2\/posts\/245808\/revisions\/245813"}],"wp:featuredmedia":[{"embeddable":true,"href":"https:\/\/www.ocorreionews.com.br\/acervo-correio\/index.php?rest_route=\/wp\/v2\/media\/245812"}],"wp:attachment":[{"href":"https:\/\/www.ocorreionews.com.br\/acervo-correio\/index.php?rest_route=%2Fwp%2Fv2%2Fmedia&parent=245808"}],"wp:term":[{"taxonomy":"category","embeddable":true,"href":"https:\/\/www.ocorreionews.com.br\/acervo-correio\/index.php?rest_route=%2Fwp%2Fv2%2Fcategories&post=245808"},{"taxonomy":"post_tag","embeddable":true,"href":"https:\/\/www.ocorreionews.com.br\/acervo-correio\/index.php?rest_route=%2Fwp%2Fv2%2Ftags&post=245808"}],"curies":[{"name":"wp","href":"https:\/\/api.w.org\/{rel}","templated":true}]}}