{"id":245853,"date":"2023-07-19T07:27:37","date_gmt":"2023-07-19T11:27:37","guid":{"rendered":"https:\/\/www.ocorreionews.com.br\/acervo-correio\/?p=245853"},"modified":"2023-07-19T14:22:26","modified_gmt":"2023-07-19T18:22:26","slug":"alcinopolis-prepara-para-realizar-uma-das-maiores-festas-do-peao-da-regiao","status":"publish","type":"post","link":"https:\/\/www.ocorreionews.com.br\/acervo-correio\/?p=245853","title":{"rendered":"Alcin\u00f3polis prepara para realizar uma das maiores festas do pe\u00e3o da regi\u00e3o"},"content":{"rendered":"<p>O munic\u00edpio de Alcin\u00f3polis conhecido como a capital da Arte Rupestre se prepara agora, para ser tornar tamb\u00e9m um dos grandes realizadores de Festa do pe\u00e3o da Regi\u00e3o norte do estado.<\/p>\n<p>Este ano acontece entre os dias 30\/08 a 02\/09, a 21\u00aa Edi\u00e7\u00e3o da Festa do Pe\u00e3o, com montarias em touros e cavalos, al\u00e9m de uma grade especial de shows.<\/p>\n<p>A Comiss\u00e3o organizadora da Festa do Pe\u00e3o de Alcin\u00f3polis, j\u00e1 deram um show de presteza e as contrata\u00e7\u00f5es das empresas para realiza\u00e7\u00e3o do evento, como boiadas, locutores, juiz, comentarista, arquibancada e shows concurso da rainha do rodeio, j\u00e1 est\u00e1 tudo no papel.<\/p>\n<p><strong>Montaria em Cutiano<\/strong><\/p>\n<p>Esse ano o rodeio ter\u00e1 uma novidade, haver\u00e1 montaria em cavalo (Cutiano), com a participa\u00e7\u00e3o da SBC \u201cSele\u00e7\u00e3o Brasileira de Cutiano\u201d, com t\u00e9cnico Eder Fiori.<\/p>\n<p><strong>Premia\u00e7\u00e3o de R$ 56 mil reais<\/strong><\/p>\n<p>Outra novidade \u00e9 que esse ano ser\u00e1 uma premia\u00e7\u00e3o in\u00e9dita, a maior premia\u00e7\u00e3o j\u00e1 oferecida para o rodeio realizado em Alcin\u00f3polis, ser\u00e3o R$ 56.000,00 (Cinquenta e seis mil reais), sendo divididos entre as duas modalidades:<\/p>\n<p><strong><span style=\"color: #ff0000;\">Premia\u00e7\u00e3o em Touros<\/span>.<\/strong><\/p>\n<p>1: Lugar 10.000,00 &#8211; Carvalho Leil\u00f5es.<\/p>\n<p>2: Lugar\u00a0\u00a0 5.000,00 &#8211; Banco Sicredi.<\/p>\n<p>3: Lugar 3.000,00 \u2013 Deputada Estadual Mara Caseiro\/Ver Passarinho.<\/p>\n<p>4: Lugar 2.000,00 &#8211;\u00a0 Fernando Almeida.<\/p>\n<p>5: Lugar 1.500,00 &#8211;\u00a0 Agropecu\u00e1ria Asa Branca.<\/p>\n<p>6: Lugar 1.300,00 &#8211;\u00a0 Adevaldo e Nelza.<\/p>\n<p>7: Lugar 1.200,00 &#8211;\u00a0 Hortifruti Edinaldo Menezes.<\/p>\n<p>8: Lugar 1.000,00 &#8211;\u00a0 Matsuda &#8211; Rep. Sirlei.<\/p>\n<p>9: Lugar 1.000,00 &#8211;\u00a0 Drogaria Modelo.<\/p>\n<p>10: Lugar 1.000,00 &#8211;\u00a0 Sacol\u00e3o Econ\u00f4mico.<\/p>\n<p><span style=\"color: #000080;\"><strong>Premia\u00e7\u00e3o em Cavalo.<\/strong><\/span><\/p>\n<p>1: Lugar 10.000,00 &#8211;\u00a0 Grupo Paran\u00e1.<\/p>\n<p>2: Lugar 5.000,00 &#8211;\u00a0 Baxim Furtado.<\/p>\n<p>3: Lugar 3.000,00 &#8211;\u00a0 Star Agro Weliton.<\/p>\n<p>4: Lugar 2.000,00 &#8211;\u00a0 Auto pe\u00e7as S\u00e3o Crist\u00f3v\u00e3o\/ Prefeito Dalmy.<\/p>\n<p>5: Lugar 1.500,00 &#8211;\u00a0 Nova Terra Agro.<\/p>\n<p>6: Lugar 1.300,00 &#8211;\u00a0 Hortifruti Edinaldo Menezes.<\/p>\n<p>7: Lugar 1.200,00 &#8211;\u00a0 Cs Marketing e Loca\u00e7\u00f5es.<\/p>\n<p>8: Lugar 1.000,00 &#8211; Juliana farm\u00e1cia.<\/p>\n<p>9: Lugar 1.000,00 &#8211; Magazine Muller.<\/p>\n<p>10:\u00a0 Lugar 1.000,00 &#8211; Beni Almeida Store.<\/p>\n<p>&nbsp;<\/p>\n<p><strong>A grade de \u00a0shows ficou assim definida : <\/strong><\/p>\n<ul>\n<li>Dia 30 de agosto (quarta-feira) \u2013 Maria Cecilia &amp; Rodolfo.<\/li>\n<li>Dia 31 de agosto (quinta-feira) \u2013 Bruna Viola.<\/li>\n<li>Dia 01 de setembro (sexta-feira) \u2013 Jo\u00e3o Bosco e Vinicius.<\/li>\n<li>Dia 02 de setembro (s\u00e1bado) \u2013 Gian &amp; Giovani.<\/li>\n<\/ul>\n<p>&nbsp;<\/p>\n<p><strong>Boiadas<\/strong>: Cia de Rodeio Sete Ouro; Cia de Rodeio CR; Cia de Rodeio Vira Copos; Cia de Rodeio 3 cora\u00e7\u00f5es; Cia de Rodeio Vilela\u2019s BX.<\/p>\n<p><strong>Tropa (cutiano)<\/strong>: Companhia Pro Horse Rodeo \u2013 Barretos SP.<\/p>\n<p><strong>Locutores<\/strong>: Luciano de Oliveira; Claudiney Mathias; Z\u00e9 do Pires; Edmar Goiano; Bruno Camilo.<\/p>\n<p><strong>Juiz<\/strong>: Adriano Vitoria &#8211; Inoc\u00eancia MS, Alex Ara\u00fajo &#8211; Parana\u00edba MS e Marcelo Ara\u00fajo &#8211; Colina SP.<\/p>\n<p><strong>Comentarista<\/strong>: Lu\u00eds Ant\u00f4nio \u2013 Piru<\/p>\n<p><strong>Salva Vida<\/strong>: Escurinho, Yago, Gauchinho e Estrad\u00e3o.<\/p>\n<p>O evento \u00e9 uma realiza\u00e7\u00e3o da Prefeitura Municipal, com a organiza\u00e7\u00e3o do Sindicato Rural, apoio do Governo do Estado de Mato Grosso do Sul, FCMS \u201cFunda\u00e7\u00e3o de Cultura do Mato Grosso do Sul, C\u00e2mara Municipal de Alcin\u00f3polis, SEMECE \u201cSecretaria Municipal de Educa\u00e7\u00e3o, Cultura e Esporte\u201d.<\/p>\n<p><img loading=\"lazy\" decoding=\"async\" class=\"alignnone size-full wp-image-242806\" src=\"https:\/\/www.ocorreionews.com.br\/acervo-correio\/wp-content\/uploads\/2023\/06\/festa-do-peao02.jpg\" alt=\"\" width=\"526\" height=\"586\" srcset=\"https:\/\/www.ocorreionews.com.br\/acervo-correio\/wp-content\/uploads\/2023\/06\/festa-do-peao02.jpg 526w, https:\/\/www.ocorreionews.com.br\/acervo-correio\/wp-content\/uploads\/2023\/06\/festa-do-peao02-269x300.jpg 269w\" sizes=\"auto, (max-width: 526px) 100vw, 526px\" \/><\/p>\n<p>*Com informa\u00e7\u00f5es do Regional MS<\/p>\n","protected":false},"excerpt":{"rendered":"<p>O munic\u00edpio de Alcin\u00f3polis conhecido como a capital da Arte Rupestre se prepara agora, para ser tornar tamb\u00e9m um dos grandes realizadores de Festa do pe\u00e3o da Regi\u00e3o norte do estado. Este ano acontece entre os dias 30\/08 a 02\/09, a 21\u00aa Edi\u00e7\u00e3o da Festa do Pe\u00e3o, com montarias em touros e cavalos, al\u00e9m de [&hellip;]<\/p>\n","protected":false},"author":4,"featured_media":242808,"comment_status":"closed","ping_status":"closed","sticky":false,"template":"","format":"standard","meta":{"footnotes":""},"categories":[18,41],"tags":[],"class_list":["post-245853","post","type-post","status-publish","format-standard","has-post-thumbnail","hentry","category-alcinopolis","category-destaque"],"_links":{"self":[{"href":"https:\/\/www.ocorreionews.com.br\/acervo-correio\/index.php?rest_route=\/wp\/v2\/posts\/245853","targetHints":{"allow":["GET"]}}],"collection":[{"href":"https:\/\/www.ocorreionews.com.br\/acervo-correio\/index.php?rest_route=\/wp\/v2\/posts"}],"about":[{"href":"https:\/\/www.ocorreionews.com.br\/acervo-correio\/index.php?rest_route=\/wp\/v2\/types\/post"}],"author":[{"embeddable":true,"href":"https:\/\/www.ocorreionews.com.br\/acervo-correio\/index.php?rest_route=\/wp\/v2\/users\/4"}],"replies":[{"embeddable":true,"href":"https:\/\/www.ocorreionews.com.br\/acervo-correio\/index.php?rest_route=%2Fwp%2Fv2%2Fcomments&post=245853"}],"version-history":[{"count":2,"href":"https:\/\/www.ocorreionews.com.br\/acervo-correio\/index.php?rest_route=\/wp\/v2\/posts\/245853\/revisions"}],"predecessor-version":[{"id":245918,"href":"https:\/\/www.ocorreionews.com.br\/acervo-correio\/index.php?rest_route=\/wp\/v2\/posts\/245853\/revisions\/245918"}],"wp:featuredmedia":[{"embeddable":true,"href":"https:\/\/www.ocorreionews.com.br\/acervo-correio\/index.php?rest_route=\/wp\/v2\/media\/242808"}],"wp:attachment":[{"href":"https:\/\/www.ocorreionews.com.br\/acervo-correio\/index.php?rest_route=%2Fwp%2Fv2%2Fmedia&parent=245853"}],"wp:term":[{"taxonomy":"category","embeddable":true,"href":"https:\/\/www.ocorreionews.com.br\/acervo-correio\/index.php?rest_route=%2Fwp%2Fv2%2Fcategories&post=245853"},{"taxonomy":"post_tag","embeddable":true,"href":"https:\/\/www.ocorreionews.com.br\/acervo-correio\/index.php?rest_route=%2Fwp%2Fv2%2Ftags&post=245853"}],"curies":[{"name":"wp","href":"https:\/\/api.w.org\/{rel}","templated":true}]}}