{"id":245857,"date":"2023-07-19T08:44:09","date_gmt":"2023-07-19T12:44:09","guid":{"rendered":"https:\/\/www.ocorreionews.com.br\/acervo-correio\/?p=245857"},"modified":"2023-07-19T08:43:41","modified_gmt":"2023-07-19T12:43:41","slug":"evento-de-entrega-de-certificados-marca-exito-do-plano-municipal-de-qualificacao-e-gestao","status":"publish","type":"post","link":"https:\/\/www.ocorreionews.com.br\/acervo-correio\/?p=245857","title":{"rendered":"Evento de entrega de certificados marca \u00eaxito do Plano Municipal de Qualifica\u00e7\u00e3o e Gest\u00e3o"},"content":{"rendered":"<p>Foi realizada na\u00a0 segunda-feira, 17, a t\u00e3o aguardada cerim\u00f4nia de entrega dos certificados do Plano Municipal de Qualifica\u00e7\u00e3o e Gest\u00e3o, promovido pela Prefeitura Municipal atrav\u00e9s da Secretaria de Desenvolvimento Econ\u00f4mico e Meio Ambiente (SEDEMA) em parceria com C\u00e2mara Municipal, ACE, SEBRAE, SENAI, SENAC e SENAR. O evento, realizado na C\u00e2mara Municipal, reuniu alunos, autoridades e representantes de entidades envolvidas para celebrar o sucesso dessa iniciativa.<\/p>\n<p>O Plano Municipal de Qualifica\u00e7\u00e3o e Gest\u00e3o, criado em 2021, tem como objetivo principal garantir uma educa\u00e7\u00e3o inclusiva, equitativa e de qualidade, proporcionando oportunidades de aprendizagem para todos os moradores de Chapad\u00e3o do Sul. Neste ano, mais de 80 cursos gratuitos de qualifica\u00e7\u00e3o ser\u00e3o oferecidos \u00e0 popula\u00e7\u00e3o, abrangendo \u00e1reas de grande crescimento e demanda por m\u00e3o de obra qualificada, como empreendedorismo, constru\u00e7\u00e3o civil, com\u00e9rcio, agroneg\u00f3cio, gest\u00e3o e servi\u00e7os.<\/p>\n<p><img loading=\"lazy\" decoding=\"async\" class=\"alignnone size-full wp-image-245858\" src=\"https:\/\/www.ocorreionews.com.br\/acervo-correio\/wp-content\/uploads\/2023\/07\/entrega-de-diplomas-cursos.jpg\" alt=\"\" width=\"800\" height=\"533\" srcset=\"https:\/\/www.ocorreionews.com.br\/acervo-correio\/wp-content\/uploads\/2023\/07\/entrega-de-diplomas-cursos.jpg 800w, https:\/\/www.ocorreionews.com.br\/acervo-correio\/wp-content\/uploads\/2023\/07\/entrega-de-diplomas-cursos-300x200.jpg 300w, https:\/\/www.ocorreionews.com.br\/acervo-correio\/wp-content\/uploads\/2023\/07\/entrega-de-diplomas-cursos-768x512.jpg 768w\" sizes=\"auto, (max-width: 800px) 100vw, 800px\" \/><\/p>\n<p>Ao longo do programa, mais de 3.000 moradores de Chapad\u00e3o do Sul foram beneficiados, adquirindo conhecimentos e habilidades relevantes para o mercado de trabalho local. A cerim\u00f4nia de entrega dos certificados foi uma forma de reconhecer e valorizar o esfor\u00e7o e dedica\u00e7\u00e3o dos alunos, que se empenharam em buscar uma forma\u00e7\u00e3o profissional de qualidade.<\/p>\n<p>Durante o evento, foram anunciados os nomes dos alunos que receberiam os certificados, simbolizando a conclus\u00e3o bem-sucedida dos cursos. A atmosfera era de alegria e satisfa\u00e7\u00e3o, com os participantes celebrando suas conquistas e agradecendo \u00e0s autoridades e \u00e0 equipe respons\u00e1vel pelo programa de qualifica\u00e7\u00e3o.<\/p>\n<p>\u201cO sucesso da cerim\u00f4nia de entrega dos certificados do Plano Municipal de Qualifica\u00e7\u00e3o em Chapad\u00e3o do Sul reflete o compromisso da administra\u00e7\u00e3o municipal em promover a capacita\u00e7\u00e3o profissional da popula\u00e7\u00e3o, proporcionando-lhes oportunidades de crescimento e desenvolvimento. Essa iniciativa certamente contribuir\u00e1 para a constru\u00e7\u00e3o de um futuro promissor para os habitantes do munic\u00edpio.\u201d Finaliza, Jo\u00e3o Carlos Krug \u2013 Prefeito Municipal.<\/p>\n<p>O secret\u00e1rio de Desenvolvimento Econ\u00f4mico e Meio Ambiente, respons\u00e1vel pela execu\u00e7\u00e3o do Plano Municipal de Qualifica\u00e7\u00e3o, destacou a import\u00e2ncia dessa iniciativa para a comunidade. &#8220;Estamos muito felizes com o resultado alcan\u00e7ado at\u00e9 o momento. O Plano Municipal de Qualifica\u00e7\u00e3o tem sido um verdadeiro impulsionador do desenvolvimento econ\u00f4mico e social de Chapad\u00e3o do Sul. Estamos capacitando nossos moradores, tornando-os mais preparados para enfrentar os desafios do mercado de trabalho e contribuindo para o crescimento do munic\u00edpio&#8221;, afirmou Jos\u00e9 Teixeira J\u00fanior.<\/p>\n<p>Al\u00e9m disso, refor\u00e7ou que as inscri\u00e7\u00f5es para os cursos que ocorrer\u00e3o at\u00e9 o final do ano est\u00e3o abertas. Os interessados podem realizar a pr\u00e9-inscri\u00e7\u00e3o atrav\u00e9s do link https:\/\/linktr.ee\/sedema.online.<\/p>\n<p>&nbsp;<\/p>\n<p>Para mais informa\u00e7\u00f5es basta acessar o link <a href=\"https:\/\/linktr.ee\/Sedema.online\">https:\/\/linktr.ee\/Sedema.online<\/a> ou entrar em contato pelos telefones 67 3562-5672 \/ WhatsApp: <a href=\"https:\/\/wa.me\/5567996183431\">https:\/\/wa.me\/5567996183431<\/a>. Aqueles que preferirem realizar atendimento presencialmente podem se dirigir \u00e0 SEDEMA, localizada na Avenida Onze, n\u00ba 1045, Centro, no Pa\u00e7o Municipal.<\/p>\n<p>ASCOM<\/p>\n","protected":false},"excerpt":{"rendered":"<p>Foi realizada na\u00a0 segunda-feira, 17, a t\u00e3o aguardada cerim\u00f4nia de entrega dos certificados do Plano Municipal de Qualifica\u00e7\u00e3o e Gest\u00e3o, promovido pela Prefeitura Municipal atrav\u00e9s da Secretaria de Desenvolvimento Econ\u00f4mico e Meio Ambiente (SEDEMA) em parceria com C\u00e2mara Municipal, ACE, SEBRAE, SENAI, SENAC e SENAR. O evento, realizado na C\u00e2mara Municipal, reuniu alunos, autoridades e [&hellip;]<\/p>\n","protected":false},"author":4,"featured_media":245859,"comment_status":"closed","ping_status":"closed","sticky":false,"template":"","format":"standard","meta":{"footnotes":""},"categories":[23,41],"tags":[],"class_list":["post-245857","post","type-post","status-publish","format-standard","has-post-thumbnail","hentry","category-chapadao-do-sul","category-destaque"],"_links":{"self":[{"href":"https:\/\/www.ocorreionews.com.br\/acervo-correio\/index.php?rest_route=\/wp\/v2\/posts\/245857","targetHints":{"allow":["GET"]}}],"collection":[{"href":"https:\/\/www.ocorreionews.com.br\/acervo-correio\/index.php?rest_route=\/wp\/v2\/posts"}],"about":[{"href":"https:\/\/www.ocorreionews.com.br\/acervo-correio\/index.php?rest_route=\/wp\/v2\/types\/post"}],"author":[{"embeddable":true,"href":"https:\/\/www.ocorreionews.com.br\/acervo-correio\/index.php?rest_route=\/wp\/v2\/users\/4"}],"replies":[{"embeddable":true,"href":"https:\/\/www.ocorreionews.com.br\/acervo-correio\/index.php?rest_route=%2Fwp%2Fv2%2Fcomments&post=245857"}],"version-history":[{"count":1,"href":"https:\/\/www.ocorreionews.com.br\/acervo-correio\/index.php?rest_route=\/wp\/v2\/posts\/245857\/revisions"}],"predecessor-version":[{"id":245860,"href":"https:\/\/www.ocorreionews.com.br\/acervo-correio\/index.php?rest_route=\/wp\/v2\/posts\/245857\/revisions\/245860"}],"wp:featuredmedia":[{"embeddable":true,"href":"https:\/\/www.ocorreionews.com.br\/acervo-correio\/index.php?rest_route=\/wp\/v2\/media\/245859"}],"wp:attachment":[{"href":"https:\/\/www.ocorreionews.com.br\/acervo-correio\/index.php?rest_route=%2Fwp%2Fv2%2Fmedia&parent=245857"}],"wp:term":[{"taxonomy":"category","embeddable":true,"href":"https:\/\/www.ocorreionews.com.br\/acervo-correio\/index.php?rest_route=%2Fwp%2Fv2%2Fcategories&post=245857"},{"taxonomy":"post_tag","embeddable":true,"href":"https:\/\/www.ocorreionews.com.br\/acervo-correio\/index.php?rest_route=%2Fwp%2Fv2%2Ftags&post=245857"}],"curies":[{"name":"wp","href":"https:\/\/api.w.org\/{rel}","templated":true}]}}