{"id":245867,"date":"2023-07-19T08:19:41","date_gmt":"2023-07-19T12:19:41","guid":{"rendered":"https:\/\/www.ocorreionews.com.br\/acervo-correio\/?p=245867"},"modified":"2023-07-19T08:19:41","modified_gmt":"2023-07-19T12:19:41","slug":"cassilandia-policia-militar-recupera-carro-furtado-e-prende-suspeitos-de-receptacao","status":"publish","type":"post","link":"https:\/\/www.ocorreionews.com.br\/acervo-correio\/?p=245867","title":{"rendered":"Cassil\u00e2ndia: Pol\u00edcia Militar recupera carro furtado e prende suspeitos de recepta\u00e7\u00e3o"},"content":{"rendered":"<p>Cassil\u00e2ndia (MS) \u2013 Na tarde dessa sexta-feira (14\/07), dois (2) homens foram presos pelo crime de recepta\u00e7\u00e3o, ap\u00f3s terem sido flagrados tentando vender um ve\u00edculo furtado em Cassil\u00e2ndia.<\/p>\n<p>A guarni\u00e7\u00e3o policial militar recebeu a informa\u00e7\u00e3o an\u00f4nima de que um ve\u00edculo VW Gol havia sido furtado na cidade vizinha de Inoc\u00eancia e estaria circulando em Cassil\u00e2ndia.<\/p>\n<p>De posse das informa\u00e7\u00f5es a Guarni\u00e7\u00e3o PM passou a realizar rondas e rapidamente a procurar o ve\u00edculo, tendo \u00eaxodo na recupera\u00e7\u00e3o quando encontrado estacionado na frente de uma resid\u00eancia na Rua: Juarez Ant\u00f4nio Garcia e que segundo a vizinhan\u00e7a um rapaz teria deixado o ve\u00edculo naquele local e mais tarde um casal tentaram sair com o mesmo.<\/p>\n<p>Ap\u00f3s verifica\u00e7\u00e3o foi encontrado os tr\u00eas indiv\u00edduos que confessaram tentar comprar o carro de um que oferecia o mesmo por R$ 2.000,00. Os jovens de 18 e 20 anos foram presos e encaminhados a Delegacia de pol\u00edcia Civil com o produto do furto, onde permanece at\u00e9 a entrega a seu propriet\u00e1rio.<\/p>\n<p>[PMMS]<\/p>\n","protected":false},"excerpt":{"rendered":"<p>Cassil\u00e2ndia (MS) \u2013 Na tarde dessa sexta-feira (14\/07), dois (2) homens foram presos pelo crime de recepta\u00e7\u00e3o, ap\u00f3s terem sido flagrados tentando vender um ve\u00edculo furtado em Cassil\u00e2ndia. A guarni\u00e7\u00e3o policial militar recebeu a informa\u00e7\u00e3o an\u00f4nima de que um ve\u00edculo VW Gol havia sido furtado na cidade vizinha de Inoc\u00eancia e estaria circulando em Cassil\u00e2ndia. [&hellip;]<\/p>\n","protected":false},"author":4,"featured_media":245870,"comment_status":"closed","ping_status":"closed","sticky":false,"template":"","format":"standard","meta":{"footnotes":""},"categories":[38],"tags":[],"class_list":["post-245867","post","type-post","status-publish","format-standard","has-post-thumbnail","hentry","category-policia"],"_links":{"self":[{"href":"https:\/\/www.ocorreionews.com.br\/acervo-correio\/index.php?rest_route=\/wp\/v2\/posts\/245867","targetHints":{"allow":["GET"]}}],"collection":[{"href":"https:\/\/www.ocorreionews.com.br\/acervo-correio\/index.php?rest_route=\/wp\/v2\/posts"}],"about":[{"href":"https:\/\/www.ocorreionews.com.br\/acervo-correio\/index.php?rest_route=\/wp\/v2\/types\/post"}],"author":[{"embeddable":true,"href":"https:\/\/www.ocorreionews.com.br\/acervo-correio\/index.php?rest_route=\/wp\/v2\/users\/4"}],"replies":[{"embeddable":true,"href":"https:\/\/www.ocorreionews.com.br\/acervo-correio\/index.php?rest_route=%2Fwp%2Fv2%2Fcomments&post=245867"}],"version-history":[{"count":1,"href":"https:\/\/www.ocorreionews.com.br\/acervo-correio\/index.php?rest_route=\/wp\/v2\/posts\/245867\/revisions"}],"predecessor-version":[{"id":245871,"href":"https:\/\/www.ocorreionews.com.br\/acervo-correio\/index.php?rest_route=\/wp\/v2\/posts\/245867\/revisions\/245871"}],"wp:featuredmedia":[{"embeddable":true,"href":"https:\/\/www.ocorreionews.com.br\/acervo-correio\/index.php?rest_route=\/wp\/v2\/media\/245870"}],"wp:attachment":[{"href":"https:\/\/www.ocorreionews.com.br\/acervo-correio\/index.php?rest_route=%2Fwp%2Fv2%2Fmedia&parent=245867"}],"wp:term":[{"taxonomy":"category","embeddable":true,"href":"https:\/\/www.ocorreionews.com.br\/acervo-correio\/index.php?rest_route=%2Fwp%2Fv2%2Fcategories&post=245867"},{"taxonomy":"post_tag","embeddable":true,"href":"https:\/\/www.ocorreionews.com.br\/acervo-correio\/index.php?rest_route=%2Fwp%2Fv2%2Ftags&post=245867"}],"curies":[{"name":"wp","href":"https:\/\/api.w.org\/{rel}","templated":true}]}}