{"id":245869,"date":"2023-07-19T08:36:20","date_gmt":"2023-07-19T12:36:20","guid":{"rendered":"https:\/\/www.ocorreionews.com.br\/acervo-correio\/?p=245869"},"modified":"2023-07-19T08:36:20","modified_gmt":"2023-07-19T12:36:20","slug":"costa-rica-esporte-clube-e-declarado-de-utilidade-publica-estadual","status":"publish","type":"post","link":"https:\/\/www.ocorreionews.com.br\/acervo-correio\/?p=245869","title":{"rendered":"Costa Rica Esporte Clube \u00e9 declarado de utilidade p\u00fablica estadual"},"content":{"rendered":"<div class=\"ntc_cont_descricao_noticia sw_txteditor\">Na \u00faltima sexta-feira, 14 de julho, foi sancionada a Lei n\u00ba 6.090, que declara o Costa Rica Esporte Clube (CREC) como de Utilidade P\u00fablica Estadual. Com sede em Costa Rica\/MS, o clube passa a ter reconhecimento oficial e benef\u00edcios como isen\u00e7\u00e3o fiscal e facilidades para obten\u00e7\u00e3o de recursos p\u00fablicos e privados. A Cobra do Norte ganha ainda mais respaldo e poder\u00e1 ampliar suas a\u00e7\u00f5es e programas esportivos em benef\u00edcio da comunidade.<\/p>\n<p>Essa medida \u00e9 de extrema import\u00e2ncia para o fortalecimento do esporte na regi\u00e3o e para a valoriza\u00e7\u00e3o do clube esportivo. Al\u00e9m de proporcionar benef\u00edcios financeiros e administrativos, a declara\u00e7\u00e3o de Utilidade P\u00fablica Estadual representa um reconhecimento do trabalho realizado pelo clube em prol do esporte e da comunidade local.<\/p><\/div>\n<div class=\"ntc_cont_descricao_noticia sw_txteditor\"><img loading=\"lazy\" decoding=\"async\" class=\"imgcentraliza aligncenter\" src=\"https:\/\/www.costarica.ms.gov.br\/fotos\/92042127df780b0ff8bd747e58d0c45c.jpg\" alt=\"Foto Noticia Principal Grande\" width=\"601\" height=\"451\" \/><\/p>\n<p>A lei sancionada pelo governador em exerc\u00edcio, Jos\u00e9 Carlos Barbosa (Barbosinha) entrou em vigor na \u00faltima segunda-feira (17) com a publica\u00e7\u00e3o no Di\u00e1rio Oficial Eletr\u00f4nico do Estado, edi\u00e7\u00e3o n\u00ba <a href=\"https:\/\/www.spdo.ms.gov.br\/diariodoe\/Index\/PaginaDocumento\/47944\/?Pagina=2\">11.214<\/a> e promete impulsionar o clube em seu objetivo de promover o esporte e formar jovens atletas talentosos.<\/div>\n<div class=\"ntc_cont_descricao_noticia sw_txteditor\"><img decoding=\"async\" class=\"imgcentraliza aligncenter\" src=\"https:\/\/www.costarica.ms.gov.br\/fotos\/c5bebb7c61b652987e11f7f2e0c50329.jpg\" alt=\"Foto Noticia Principal Grande\" \/><\/p>\n<p>A indica\u00e7\u00e3o \u00e9 do deputado Gerson Claro, que apresentou o Projeto de Lei 163\/2023 na Assembleia Legislativa de Mato Grosso do Sul (ALEMS), propondo a declara\u00e7\u00e3o de utilidade p\u00fablica do Clube.<\/p>\n<p>O parlamentar destaca que a declara\u00e7\u00e3o de utilidade p\u00fablica estadual proporcionar\u00e1 ao Costa Rica Esporte Clube o reconhecimento oficial de sua import\u00e2ncia para a sociedade e a possibilidade de receber benef\u00edcios fiscais e parcerias com \u00f3rg\u00e3os p\u00fablicos. Al\u00e9m disso, essa conquista ir\u00e1 fortalecer o clube e suas atividades, permitindo que ele continue contribuindo para o desenvolvimento esportivo e social da comunidade de Costa Rica e do estado de Mato Grosso do Sul, justifica o parlamentar.<\/p>\n<p><strong>Hist\u00f3rico<\/strong><\/p>\n<p>O clube, fundado por desportistas do munic\u00edpio de Costa Rica em 2 de dezembro de 2004, \u00e9 uma agremia\u00e7\u00e3o esportiva, social, assistencial, recreativa e educacional.<\/p>\n<p>O Costa Rica Esporte Clube \u00e9 bicampe\u00e3o sul-mato-grossense de 2021 e 2023, participou de diversos campeonatos estaduais de futebol, representando o estado de Mato Grosso do Sul em competi\u00e7\u00f5es nacionais, como a Copa do Brasil, S\u00e9rie D do Brasileiro e Copa Verde, e tamb\u00e9m em outros campeonatos amadores, sendo campe\u00e3o no sub 15 em 2022 e campe\u00e3o no sub 16 em 2023. Al\u00e9m disso, o clube realiza atividades sociais e assistenciais, acolhendo jovens e adolescentes atrav\u00e9s do Projeto Forjando Campe\u00f5es, apoiando e incentivando diversas modalidades esportivas.<\/p><\/div>\n<div class=\"ntc_cont_descricao_noticia sw_txteditor\"><img loading=\"lazy\" decoding=\"async\" class=\"imgcentraliza aligncenter\" src=\"https:\/\/www.costarica.ms.gov.br\/fotos\/605669f1b48506a9d607cabf7c6f015a.jpg\" alt=\"Foto Noticia Principal Grande\" width=\"604\" height=\"403\" \/><\/p>\n<p>O Projeto Forjando Campe\u00f5es tem como objetivo proporcionar apoio social e assistencial aos jovens, despertando neles o interesse pelo esporte e incentivando seu crescimento social. Atrav\u00e9s desse projeto, os jovens recebem suporte para alcan\u00e7ar seus sonhos e planos, contribuindo para seu desenvolvimento e sucesso.<\/p><\/div>\n<div class=\"ntc_cont_descricao_noticia sw_txteditor\">\n<img loading=\"lazy\" decoding=\"async\" class=\"imgcentraliza aligncenter\" src=\"https:\/\/www.costarica.ms.gov.br\/fotos\/b2a12913692706d206dc356cd88e580f.jpg\" alt=\"Foto Noticia Principal Grande\" width=\"596\" height=\"398\" \/><\/div>\n<div class=\"ntc_area_info_noticia sw_lato\">\n<div>\n<div class=\"ntc_info_noticia\"><strong class=\"sw_lato_black\">Fonte: <\/strong>Assessoria de Comunica\u00e7\u00e3o \/ PMCR<\/div>\n<div class=\"ntc_info_noticia\"><strong class=\"sw_lato_black\">Autor: <\/strong>Silvestre de Castro<\/div>\n<\/div>\n<\/div>\n","protected":false},"excerpt":{"rendered":"<p>Na \u00faltima sexta-feira, 14 de julho, foi sancionada a Lei n\u00ba 6.090, que declara o Costa Rica Esporte Clube (CREC) como de Utilidade P\u00fablica Estadual. Com sede em Costa Rica\/MS, o clube passa a ter reconhecimento oficial e benef\u00edcios como isen\u00e7\u00e3o fiscal e facilidades para obten\u00e7\u00e3o de recursos p\u00fablicos e privados. A Cobra do Norte [&hellip;]<\/p>\n","protected":false},"author":5,"featured_media":237123,"comment_status":"closed","ping_status":"closed","sticky":false,"template":"","format":"standard","meta":{"footnotes":""},"categories":[25,41],"tags":[],"class_list":["post-245869","post","type-post","status-publish","format-standard","has-post-thumbnail","hentry","category-costa-rica","category-destaque"],"_links":{"self":[{"href":"https:\/\/www.ocorreionews.com.br\/acervo-correio\/index.php?rest_route=\/wp\/v2\/posts\/245869","targetHints":{"allow":["GET"]}}],"collection":[{"href":"https:\/\/www.ocorreionews.com.br\/acervo-correio\/index.php?rest_route=\/wp\/v2\/posts"}],"about":[{"href":"https:\/\/www.ocorreionews.com.br\/acervo-correio\/index.php?rest_route=\/wp\/v2\/types\/post"}],"author":[{"embeddable":true,"href":"https:\/\/www.ocorreionews.com.br\/acervo-correio\/index.php?rest_route=\/wp\/v2\/users\/5"}],"replies":[{"embeddable":true,"href":"https:\/\/www.ocorreionews.com.br\/acervo-correio\/index.php?rest_route=%2Fwp%2Fv2%2Fcomments&post=245869"}],"version-history":[{"count":1,"href":"https:\/\/www.ocorreionews.com.br\/acervo-correio\/index.php?rest_route=\/wp\/v2\/posts\/245869\/revisions"}],"predecessor-version":[{"id":245877,"href":"https:\/\/www.ocorreionews.com.br\/acervo-correio\/index.php?rest_route=\/wp\/v2\/posts\/245869\/revisions\/245877"}],"wp:featuredmedia":[{"embeddable":true,"href":"https:\/\/www.ocorreionews.com.br\/acervo-correio\/index.php?rest_route=\/wp\/v2\/media\/237123"}],"wp:attachment":[{"href":"https:\/\/www.ocorreionews.com.br\/acervo-correio\/index.php?rest_route=%2Fwp%2Fv2%2Fmedia&parent=245869"}],"wp:term":[{"taxonomy":"category","embeddable":true,"href":"https:\/\/www.ocorreionews.com.br\/acervo-correio\/index.php?rest_route=%2Fwp%2Fv2%2Fcategories&post=245869"},{"taxonomy":"post_tag","embeddable":true,"href":"https:\/\/www.ocorreionews.com.br\/acervo-correio\/index.php?rest_route=%2Fwp%2Fv2%2Ftags&post=245869"}],"curies":[{"name":"wp","href":"https:\/\/api.w.org\/{rel}","templated":true}]}}