{"id":245872,"date":"2023-07-19T08:30:37","date_gmt":"2023-07-19T12:30:37","guid":{"rendered":"https:\/\/www.ocorreionews.com.br\/acervo-correio\/?p=245872"},"modified":"2023-07-19T08:30:37","modified_gmt":"2023-07-19T12:30:37","slug":"costa-rica-conquista-4-trofeus-e-47-medalhas-no-campeonato-estadual-de-inverno-de-natacao","status":"publish","type":"post","link":"https:\/\/www.ocorreionews.com.br\/acervo-correio\/?p=245872","title":{"rendered":"Costa Rica conquista 4 trof\u00e9us e 47 Medalhas no Campeonato Estadual de Inverno de Nata\u00e7\u00e3o"},"content":{"rendered":"<div class=\"ntc_cont_descricao_noticia sw_txteditor\">A cidade de Costa Rica teve uma participa\u00e7\u00e3o destacada no Campeonato Estadual de Inverno de Nata\u00e7\u00e3o de 9 a 14 anos, realizado de 14 a 16 de julho de 2023, no R\u00e1dio Clube Cidade, em Campo Grande\/MS. O evento contou com a participa\u00e7\u00e3o de 10 clubes e 145 atletas. A APAN\/Costa Rica foi representada por 26 nadadores, divididos em 8 na categoria mirim, 9 na petiz e 9 na infantil. Conquistou 4 trof\u00e9us e um total de 47 medalhas no certame.<\/p>\n<p>O prefeito de Costa Rica, delegado Cleverson Alves dos Santos, parabenizou todos os atletas da APAN\/Costa Rica (Associa\u00e7\u00e3o de Pais e Amigos da Nata\u00e7\u00e3o) por seu desempenho exemplar e desejou que continuem brilhando em futuras competi\u00e7\u00f5es. \u201cO empenho, dedica\u00e7\u00e3o e supera\u00e7\u00e3o de cada um s\u00e3o um verdadeiro orgulho para a cidade. Que esses resultados inspirem outras crian\u00e7as e adolescentes a seguirem o exemplo desses grandes nadadores\u201d, destaca.<\/p>\n<p>J\u00e1 o secret\u00e1rio de Turismo, Meio Ambiente, Esporte e Cultura, Jo\u00e3o Carlos Candido Rocha, reconhece que o esporte \u00e9 fundamental para o desenvolvimento dos jovens e para a forma\u00e7\u00e3o de cidad\u00e3os comprometidos e saud\u00e1veis. Tamb\u00e9m, parabenizou a APAN pelo excelente desempenho no Campeonato. \u201cParab\u00e9ns a todos os envolvidos pelo sucesso alcan\u00e7ado e pelo aprendizado proporcionado aos atletas. Vamos continuar valorizando o esporte e investindo em seus talentos locais\u201d, disse.<\/p>\n<p>A equipe da APAN\/Costa Rica conquistou 4 trof\u00e9us no campeonato, com destaque para o 1\u00b0 lugar na categoria Petiz, 2\u00b0 lugar nas categorias Mirim, Mirim e Petiz e Infantil. Al\u00e9m disso, os atletas da equipe tiveram melhoras pessoais significativas e puderam adquirir muito aprendizado durante o evento.<\/p>\n<p>Dois atletas da APAN Ganharam trof\u00e9us como as melhores performances da categoria infantil (13 e 14 anos), Murilo Tabuas nos 1500 livre e Maria Fernanda Margonar nos 800 livre.<\/p>\n<p>Cinco atletas da APAN\/Costa Rica se destacaram como recordistas do campeonato, Murilo Tabuas e Maria Fernanda Margonar, com destaque para as marcas de Murilo nos 800 metros e 1500 metros livres, Maria Fernanda nos 800 metros livres, Heros Fonseca Brant nos 400 metros medley, Igor Pereira Martins nos 200 metros borboleta e Jo\u00e3o Vitor Menezes Santos nos 200 metros peito.<\/p>\n<p>A equipe da APAN\/Costa Rica obteve um total de 1.462,50 pontos e ficou na 5\u00aa coloca\u00e7\u00e3o no geral masculino\/feminino. Na categoria Infantil, a equipe ficou em 2\u00ba lugar, com os mesmos 1.462,50 pontos.<\/p>\n<p>No quadro de medalhas, a APAN\/Costa Rica conquistou um total de 47 medalhas, sendo 13 em 1\u00ba lugar, 18 em 2\u00ba lugar, 16 em 3\u00ba lugar, 3 em quarto lugar e uma do 5\u00ba ao 8\u00ba lugar. No geral, a equipe ficou em 4\u00ba lugar.<\/p>\n<p>O t\u00e9cnico da equipe, professor Anderson Viana Gon\u00e7alves\u00a0(Bob), mais uma vez, agradeceu e ressaltou o objetivo e a import\u00e2ncia do evento, que contou com a parceria da Prefeitura de Costa Rica e do Costa Rica Esporte Clube (CREC) com o apoio da C\u00e2mara de Vereadores, por meio do Projeto Forjando Campe\u00f5es, que tem como objetivo incentivar o esporte na regi\u00e3o. \u201cA participa\u00e7\u00e3o da equipe da APAN\/Costa Rica no campeonato demonstra o comprometimento e o talento dos atletas, al\u00e9m do apoio e investimento da cidade no desenvolvimento esportivo da nossa modalidade\u201d, disse.<\/p>\n<\/div>\n<div class=\"ntc_area_info_noticia sw_lato\">\n<div>\n<div class=\"ntc_info_noticia\"><strong class=\"sw_lato_black\">Fonte:<\/strong>Assessoria de Comunica\u00e7\u00e3o \/ PMCR<\/div>\n<div class=\"ntc_info_noticia\"><strong class=\"sw_lato_black\">Autor:<\/strong>Silvestre de Castro &#8211;<\/div>\n<\/div>\n<\/div>\n","protected":false},"excerpt":{"rendered":"<p>A cidade de Costa Rica teve uma participa\u00e7\u00e3o destacada no Campeonato Estadual de Inverno de Nata\u00e7\u00e3o de 9 a 14 anos, realizado de 14 a 16 de julho de 2023, no R\u00e1dio Clube Cidade, em Campo Grande\/MS. O evento contou com a participa\u00e7\u00e3o de 10 clubes e 145 atletas. A APAN\/Costa Rica foi representada por [&hellip;]<\/p>\n","protected":false},"author":4,"featured_media":245874,"comment_status":"closed","ping_status":"closed","sticky":false,"template":"","format":"standard","meta":{"footnotes":""},"categories":[25],"tags":[],"class_list":["post-245872","post","type-post","status-publish","format-standard","has-post-thumbnail","hentry","category-costa-rica"],"_links":{"self":[{"href":"https:\/\/www.ocorreionews.com.br\/acervo-correio\/index.php?rest_route=\/wp\/v2\/posts\/245872","targetHints":{"allow":["GET"]}}],"collection":[{"href":"https:\/\/www.ocorreionews.com.br\/acervo-correio\/index.php?rest_route=\/wp\/v2\/posts"}],"about":[{"href":"https:\/\/www.ocorreionews.com.br\/acervo-correio\/index.php?rest_route=\/wp\/v2\/types\/post"}],"author":[{"embeddable":true,"href":"https:\/\/www.ocorreionews.com.br\/acervo-correio\/index.php?rest_route=\/wp\/v2\/users\/4"}],"replies":[{"embeddable":true,"href":"https:\/\/www.ocorreionews.com.br\/acervo-correio\/index.php?rest_route=%2Fwp%2Fv2%2Fcomments&post=245872"}],"version-history":[{"count":1,"href":"https:\/\/www.ocorreionews.com.br\/acervo-correio\/index.php?rest_route=\/wp\/v2\/posts\/245872\/revisions"}],"predecessor-version":[{"id":245875,"href":"https:\/\/www.ocorreionews.com.br\/acervo-correio\/index.php?rest_route=\/wp\/v2\/posts\/245872\/revisions\/245875"}],"wp:featuredmedia":[{"embeddable":true,"href":"https:\/\/www.ocorreionews.com.br\/acervo-correio\/index.php?rest_route=\/wp\/v2\/media\/245874"}],"wp:attachment":[{"href":"https:\/\/www.ocorreionews.com.br\/acervo-correio\/index.php?rest_route=%2Fwp%2Fv2%2Fmedia&parent=245872"}],"wp:term":[{"taxonomy":"category","embeddable":true,"href":"https:\/\/www.ocorreionews.com.br\/acervo-correio\/index.php?rest_route=%2Fwp%2Fv2%2Fcategories&post=245872"},{"taxonomy":"post_tag","embeddable":true,"href":"https:\/\/www.ocorreionews.com.br\/acervo-correio\/index.php?rest_route=%2Fwp%2Fv2%2Ftags&post=245872"}],"curies":[{"name":"wp","href":"https:\/\/api.w.org\/{rel}","templated":true}]}}