{"id":245878,"date":"2023-07-19T08:40:30","date_gmt":"2023-07-19T12:40:30","guid":{"rendered":"https:\/\/www.ocorreionews.com.br\/acervo-correio\/?p=245878"},"modified":"2023-07-19T08:40:30","modified_gmt":"2023-07-19T12:40:30","slug":"costa-rica-vai-receber-o-sinal-da-tv-educativa-de-ms-a-partir-de-agosto","status":"publish","type":"post","link":"https:\/\/www.ocorreionews.com.br\/acervo-correio\/?p=245878","title":{"rendered":"Costa Rica vai receber o sinal da TV Educativa de MS a partir de agosto"},"content":{"rendered":"<div class=\"ntc_cont_descricao_noticia sw_txteditor\">A partir da primeira semana de agosto, a cidade de Costa Rica passa a receber o sinal da TV Educativa de Mato Grosso do Sul.<\/p>\n<p>O an\u00fancio foi feito na \u00faltima ter\u00e7a-feira (18) pelo diretor-presidente da Funda\u00e7\u00e3o Estadual Jornalista Luiz Chagas de R\u00e1dio e TV Educativa do Mato Grosso do Sul (Fertel), Elias Mendes, que cumpre agenda em Bras\u00edlia (DF).<\/p>\n<p>Elias reuniu-se na EBC (Empresa Brasileira de Comunica\u00e7\u00e3o) onde assinou junto ao diretor-presidente, Helio Marcos Prates Doyle, e o diretor-geral, Jeansley Charlles de Lima, o acordo de coopera\u00e7\u00e3o para a expans\u00e3o do sinal para a ado\u00e7\u00e3o de a\u00e7\u00f5es conjuntas visando a implanta\u00e7\u00e3o, opera\u00e7\u00e3o e a retransmiss\u00e3o de servi\u00e7os de radiodifus\u00e3o de sons e imagens de canais consignados \u00e0 EBC.<\/p>\n<p>A expans\u00e3o do sinal da Rede Educativa refor\u00e7a o compromisso do Governo Estado, atrav\u00e9s da Fertel de levar aos munic\u00edpios uma programa\u00e7\u00e3o de qualidade, com educa\u00e7\u00e3o, informa\u00e7\u00e3o e entretenimento, com conte\u00fados que valorizam a identidade do Mato Grosso do Sul.<\/p>\n<p><img decoding=\"async\" class=\"imgcentraliza\" src=\"https:\/\/www.costarica.ms.gov.br\/fotos\/cb7ee2862d7c252f2cfc1a7dba67cdb8.jpg\" alt=\"Foto Noticia Principal Grande\" \/><\/div>\n<div class=\"ntc_area_info_noticia sw_lato\">\n<div>\n<div class=\"ntc_info_noticia\"><strong class=\"sw_lato_black\">Fonte: <\/strong>Assessoria de Comunica\u00e7\u00e3o \/ PMCR &#8211; <strong class=\"sw_lato_black\">\u00a0<\/strong>Silvestre de Castro<\/div>\n<\/div>\n<\/div>\n","protected":false},"excerpt":{"rendered":"<p>A partir da primeira semana de agosto, a cidade de Costa Rica passa a receber o sinal da TV Educativa de Mato Grosso do Sul. O an\u00fancio foi feito na \u00faltima ter\u00e7a-feira (18) pelo diretor-presidente da Funda\u00e7\u00e3o Estadual Jornalista Luiz Chagas de R\u00e1dio e TV Educativa do Mato Grosso do Sul (Fertel), Elias Mendes, que [&hellip;]<\/p>\n","protected":false},"author":5,"featured_media":245879,"comment_status":"closed","ping_status":"closed","sticky":false,"template":"","format":"standard","meta":{"footnotes":""},"categories":[25],"tags":[],"class_list":["post-245878","post","type-post","status-publish","format-standard","has-post-thumbnail","hentry","category-costa-rica"],"_links":{"self":[{"href":"https:\/\/www.ocorreionews.com.br\/acervo-correio\/index.php?rest_route=\/wp\/v2\/posts\/245878","targetHints":{"allow":["GET"]}}],"collection":[{"href":"https:\/\/www.ocorreionews.com.br\/acervo-correio\/index.php?rest_route=\/wp\/v2\/posts"}],"about":[{"href":"https:\/\/www.ocorreionews.com.br\/acervo-correio\/index.php?rest_route=\/wp\/v2\/types\/post"}],"author":[{"embeddable":true,"href":"https:\/\/www.ocorreionews.com.br\/acervo-correio\/index.php?rest_route=\/wp\/v2\/users\/5"}],"replies":[{"embeddable":true,"href":"https:\/\/www.ocorreionews.com.br\/acervo-correio\/index.php?rest_route=%2Fwp%2Fv2%2Fcomments&post=245878"}],"version-history":[{"count":1,"href":"https:\/\/www.ocorreionews.com.br\/acervo-correio\/index.php?rest_route=\/wp\/v2\/posts\/245878\/revisions"}],"predecessor-version":[{"id":245880,"href":"https:\/\/www.ocorreionews.com.br\/acervo-correio\/index.php?rest_route=\/wp\/v2\/posts\/245878\/revisions\/245880"}],"wp:featuredmedia":[{"embeddable":true,"href":"https:\/\/www.ocorreionews.com.br\/acervo-correio\/index.php?rest_route=\/wp\/v2\/media\/245879"}],"wp:attachment":[{"href":"https:\/\/www.ocorreionews.com.br\/acervo-correio\/index.php?rest_route=%2Fwp%2Fv2%2Fmedia&parent=245878"}],"wp:term":[{"taxonomy":"category","embeddable":true,"href":"https:\/\/www.ocorreionews.com.br\/acervo-correio\/index.php?rest_route=%2Fwp%2Fv2%2Fcategories&post=245878"},{"taxonomy":"post_tag","embeddable":true,"href":"https:\/\/www.ocorreionews.com.br\/acervo-correio\/index.php?rest_route=%2Fwp%2Fv2%2Ftags&post=245878"}],"curies":[{"name":"wp","href":"https:\/\/api.w.org\/{rel}","templated":true}]}}