{"id":245882,"date":"2023-07-19T09:04:36","date_gmt":"2023-07-19T13:04:36","guid":{"rendered":"https:\/\/www.ocorreionews.com.br\/acervo-correio\/?p=245882"},"modified":"2023-07-19T09:04:36","modified_gmt":"2023-07-19T13:04:36","slug":"desenrola-brasil-vale-a-pena-renegociar-dividas-no-programa-do-governo","status":"publish","type":"post","link":"https:\/\/www.ocorreionews.com.br\/acervo-correio\/?p=245882","title":{"rendered":"Desenrola Brasil: vale a pena renegociar d\u00edvidas no programa do governo?"},"content":{"rendered":"<div id=\"chunk-bk5rn\">\n<div class=\"mc-column content-text active-extra-styles \" data-block-type=\"unstyled\" data-block-weight=\"36\" data-block-id=\"3\">\n<p class=\"content-text__container \" data-track-category=\"Link no Texto\" data-track-links=\"\">O governo federal iniciou nesta segunda-feira (17\/7) a primeira fase do programa Desenrola Brasil, destinado a incentivar a renegocia\u00e7\u00e3o de d\u00edvidas \u2014 um problema que atinge 71,9 milh\u00f5es de brasileiros, segundo a avaliadora de cr\u00e9dito Serasa.<\/p>\n<p data-track-category=\"Link no Texto\" data-track-links=\"\">\n<\/div>\n<\/div>\n<div class=\"wall protected-content\">\n<div id=\"chunk-88i31\">\n<div class=\"mc-column content-text active-extra-styles \" data-block-type=\"unstyled\" data-block-weight=\"26\" data-block-id=\"4\">\n<p class=\"content-text__container \" data-track-category=\"Link no Texto\" data-track-links=\"\">Esta primeira etapa inclui quem tem d\u00e9bitos com bancos e renda mensal bruta de at\u00e9 R$ 20 mil. Cada banco decide se quer ou n\u00e3o participar.<\/p>\n<p data-track-category=\"Link no Texto\" data-track-links=\"\">\n<\/div>\n<\/div>\n<div id=\"chunk-c9nc0\">\n<div class=\"mc-column content-text active-extra-styles \" data-block-type=\"unstyled\" data-block-weight=\"42\" data-block-id=\"5\">\n<p class=\"content-text__container \" data-track-category=\"Link no Texto\" data-track-links=\"\">Em setembro, o governo promete lan\u00e7ar a segunda e mais importante fase do programa, destinada a quem tem renda at\u00e9 dois sal\u00e1rios m\u00ednimos (R$ 2.640) ou esteja inscrito no Cad\u00danico, o cadastro \u00fanico de quem recebe Bolsa Fam\u00edlia e outros programas sociais.<\/p>\n<\/div>\n<\/div>\n<div class=\"content-ads content-ads--reveal\" data-block-type=\"ads\" data-block-id=\"6\"><\/div>\n<div id=\"chunk-9dsk6\">\n<div class=\"mc-column content-text active-extra-styles \" data-block-type=\"unstyled\" data-block-weight=\"50\" data-block-id=\"7\">\n<p class=\"content-text__container \" data-track-category=\"Link no Texto\" data-track-links=\"\">O objetivo do Desenrola, segundo o governo, \u00e9 que brasileiros endividados limpem seus nomes ou deixem de ter o &#8220;CPF negativado&#8221;. Com o nome &#8220;limpo&#8221; e o CPF livre, \u00e9 poss\u00edvel voltar a comprar a prazo, pedir empr\u00e9stimos, abrir credi\u00e1rio ou fazer um novo contrato de aluguel, por exemplo.<\/p>\n<p data-track-category=\"Link no Texto\" data-track-links=\"\">\n<\/div>\n<\/div>\n<div id=\"chunk-19mgt\">\n<div class=\"mc-column content-text active-extra-styles \" data-block-type=\"unstyled\" data-block-weight=\"50\" data-block-id=\"8\">\n<p class=\"content-text__container \" data-track-category=\"Link no Texto\" data-track-links=\"\">Abaixo, a BBC News Brasil explica os principais pontos do programa e ouve economistas que avaliam as duas fases do Desenrola: vale participar desta etapa ofertada pelos bancos? O que deve servir de alerta para os endividados? Quais s\u00e3o os riscos de fazer a renegocia\u00e7\u00e3o e n\u00e3o conseguir pagar?<\/p>\n<\/div>\n<\/div>\n<div id=\"chunk-27jjs\">\n<p class=\"content-text__container\">\n<div class=\"mc-column content-text active-extra-styles\" data-block-type=\"raw\" data-block-weight=\"7\" data-block-id=\"9\">\n<div class=\"content-intertitle\">\n<h2>Quem pode participar do programa e quando?<\/h2>\n<\/div>\n<\/div>\n<p>&nbsp;<\/p>\n<\/div>\n<div id=\"chunk-d27k0\">\n<div class=\"mc-column content-text active-extra-styles \" data-block-type=\"unstyled\" data-block-weight=\"20\" data-block-id=\"10\">\n<p class=\"content-text__container \" data-track-category=\"Link no Texto\" data-track-links=\"\"><strong>Etapa j\u00e1 iniciada, faixa 2: renda at\u00e9 R$ 20 mil e &#8220;limpeza do nome&#8221; para d\u00e9bitos de R$ 100<\/strong><\/p>\n<p data-track-category=\"Link no Texto\" data-track-links=\"\">\n<\/div>\n<\/div>\n<div id=\"chunk-dfkpp\">\n<div class=\"mc-column content-text active-extra-styles \" data-block-type=\"unstyled\" data-block-weight=\"41\" data-block-id=\"11\">\n<p class=\"content-text__container \" data-track-category=\"Link no Texto\" data-track-links=\"\">Quem ganha at\u00e9 R$ 20 mil brutos por m\u00eas e tem d\u00edvidas atrasadas de qualquer valor pode procurar sua institui\u00e7\u00e3o banc\u00e1ria para saber se ela aderiu ou n\u00e3o ao Desenrola &#8211; cada banco pode decidir se entra ou n\u00e3o no programa.<\/p>\n<p data-track-category=\"Link no Texto\" data-track-links=\"\">\n<\/div>\n<\/div>\n<div id=\"chunk-7kqje\">\n<div class=\"mc-column content-text active-extra-styles \" data-block-type=\"unstyled\" data-block-weight=\"22\" data-block-id=\"12\">\n<p class=\"content-text__container \" data-track-category=\"Link no Texto\" data-track-links=\"\">Aten\u00e7\u00e3o para a data dos d\u00e9bitos: s\u00f3 poder\u00e3o ser renegociadas as d\u00edvidas contra\u00eddas entre 2019 e 31 de dezembro de 2022.<\/p>\n<p data-track-category=\"Link no Texto\" data-track-links=\"\">\n<\/div>\n<\/div>\n<div id=\"chunk-7kqhm\">\n<div class=\"mc-column content-text active-extra-styles \" data-block-type=\"unstyled\" data-block-weight=\"24\" data-block-id=\"13\">\n<p class=\"content-text__container \" data-track-category=\"Link no Texto\" data-track-links=\"\">S\u00f3 valem d\u00edvidas com os pr\u00f3prios bancos. D\u00e9bitos com concession\u00e1rias de servi\u00e7os como \u00e1gua e luz, ou com lojas, n\u00e3o podem ser inclu\u00eddos.<\/p>\n<p data-track-category=\"Link no Texto\" data-track-links=\"\">\n<\/div>\n<\/div>\n<div id=\"chunk-89dl\">\n<div class=\"content-ads content-ads--reveal\" data-block-type=\"ads\" data-block-id=\"14\"><\/div>\n<\/div>\n<div id=\"chunk-esec\">\n<div class=\"mc-column content-text active-extra-styles \" data-block-type=\"unstyled\" data-block-weight=\"9\" data-block-id=\"15\">\n<p class=\"content-text__container \" data-track-category=\"Link no Texto\" data-track-links=\"\">As renegocia\u00e7\u00f5es poder\u00e3o ser feitas at\u00e9 o dia 30\/12\/2023.<\/p>\n<p data-track-category=\"Link no Texto\" data-track-links=\"\">\n<\/div>\n<\/div>\n<div id=\"chunk-5kskv\">\n<div class=\"mc-column content-text active-extra-styles \" data-block-type=\"unstyled\" data-block-weight=\"62\" data-block-id=\"16\">\n<p class=\"content-text__container \" data-track-category=\"Link no Texto\" data-track-links=\"\">Os bancos que aceitarem entrar no Desenrola tamb\u00e9m v\u00e3o &#8220;limpar o nome&#8221; automaticamente de quem tem d\u00e9bitos at\u00e9 R$ 100.<\/p>\n<p class=\"content-text__container \" data-track-category=\"Link no Texto\" data-track-links=\"\">Quem tem d\u00edvida at\u00e9 esse teto de valor n\u00e3o vai estar mais &#8220;negativado&#8221;, ou seja, vai poder comprar a cr\u00e9dito, se n\u00e3o tiver outras restri\u00e7\u00f5es. Com essa a\u00e7\u00e3o, o governo federal considera que pode beneficiar cerca de 1,5 milh\u00e3o de pessoas.<\/p>\n<p data-track-category=\"Link no Texto\" data-track-links=\"\">\n<\/div>\n<\/div>\n<div id=\"chunk-33s17\">\n<div class=\"mc-column content-text active-extra-styles \" data-block-type=\"unstyled\" data-block-weight=\"42\" data-block-id=\"17\">\n<p class=\"content-text__container \" data-track-category=\"Link no Texto\" data-track-links=\"\">A Federa\u00e7\u00e3o Brasileira de Bancos (Febraban) lembra que n\u00e3o se trata de um &#8220;perd\u00e3o&#8221; das d\u00edvidas de at\u00e9 R$ 100. Os devedores t\u00eam que comparecer aos banco para renegoci\u00e1-las. Se n\u00e3o o fizerem, voltar\u00e3o a ficar com o nome sujo no futuro.<\/p>\n<p data-track-category=\"Link no Texto\" data-track-links=\"\">\n<\/div>\n<\/div>\n<div id=\"chunk-88a5e\">\n<div class=\"mc-column content-text active-extra-styles \" data-block-type=\"unstyled\" data-block-weight=\"11\" data-block-id=\"18\">\n<p class=\"content-text__container \" data-track-category=\"Link no Texto\" data-track-links=\"\"><strong>Etapa prevista para setembro, faixa 1: renda at\u00e9 2 sal\u00e1rios m\u00ednimos<\/strong><\/p>\n<p data-track-category=\"Link no Texto\" data-track-links=\"\">\n<\/div>\n<\/div>\n<div id=\"chunk-91nr3\">\n<div class=\"mc-column content-text active-extra-styles \" data-block-type=\"unstyled\" data-block-weight=\"44\" data-block-id=\"19\">\n<p class=\"content-text__container \" data-track-category=\"Link no Texto\" data-track-links=\"\">O governo promete lan\u00e7ar em setembro a fase de renegocia\u00e7\u00e3o das d\u00edvidas da chamada faixa 1 de renda, que s\u00e3o os trabalhadores que recebem at\u00e9 dois sal\u00e1rios m\u00ednimos (R$ 2.640) ou pessoas cadastradas no Cad\u00danico, que re\u00fane os os benefici\u00e1rios dos principais programas sociais.<\/p>\n<p data-track-category=\"Link no Texto\" data-track-links=\"\">\n<\/div>\n<\/div>\n<div id=\"chunk-dvn6g\">\n<div class=\"mc-column content-text active-extra-styles \" data-block-type=\"unstyled\" data-block-weight=\"10\" data-block-id=\"20\">\n<p class=\"content-text__container \" data-track-category=\"Link no Texto\" data-track-links=\"\">Para este p\u00fablico, valem d\u00edvidas de at\u00e9 R$ 5 mil.<\/p>\n<p data-track-category=\"Link no Texto\" data-track-links=\"\">\n<\/div>\n<\/div>\n<div id=\"chunk-e0jl2\">\n<div class=\"mc-column content-text active-extra-styles \" data-block-type=\"unstyled\" data-block-weight=\"22\" data-block-id=\"21\">\n<p class=\"content-text__container \" data-track-category=\"Link no Texto\" data-track-links=\"\">Nesta segunda fase, al\u00e9m das d\u00edvidas com os bancos, tamb\u00e9m poder\u00e3o ser renegociadas outras d\u00edvidas, como contas de energia, internet e telefone.<\/p>\n<\/div>\n<\/div>\n<div id=\"chunk-8flre\">\n<div class=\"content-ads content-ads--reveal\" data-block-type=\"ads\" data-block-id=\"22\"><\/div>\n<\/div>\n<div id=\"chunk-aq0lf\">\n<div class=\"mc-column content-text active-extra-styles \" data-block-type=\"unstyled\" data-block-weight=\"28\" data-block-id=\"23\">\n<p class=\"content-text__container \" data-track-category=\"Link no Texto\" data-track-links=\"\">Destinada \u00e0 parcela mais pobre da popula\u00e7\u00e3o, essa fase \u00e9 considerada \u201co grande teste de fogo&#8221; do programa, diz Lauro Gonzalez, professor do departamento de finan\u00e7as da FGV.<\/p>\n<p data-track-category=\"Link no Texto\" data-track-links=\"\">\n<\/div>\n<\/div>\n<div id=\"chunk-ve5p\">\n<div class=\"mc-column content-text active-extra-styles \" data-block-type=\"unstyled\" data-block-weight=\"29\" data-block-id=\"24\">\n<p class=\"content-text__container \" data-track-category=\"Link no Texto\" data-track-links=\"\">O motivo \u00e9 que o governo vai lan\u00e7ar uma plataforma espec\u00edfica para o programa, a ser usada por devedores e institui\u00e7\u00f5es financeiras, e que ainda est\u00e1 sendo desenvolvida.<\/p>\n<p data-track-category=\"Link no Texto\" data-track-links=\"\">\n<\/div>\n<\/div>\n<div id=\"chunk-51e2q\">\n<div class=\"mc-column content-text active-extra-styles \" data-block-type=\"unstyled\" data-block-weight=\"25\" data-block-id=\"25\">\n<p class=\"content-text__container \" data-track-category=\"Link no Texto\" data-track-links=\"\">Segundo Gonzalez e Izis Ferreira, economista da Confedera\u00e7\u00e3o Nacional do Com\u00e9rcio de Bens, Servi\u00e7os e Turismo (CNC), ainda n\u00e3o est\u00e1 claro como funcionar\u00e1 esse aplicativo.<\/p>\n<p data-track-category=\"Link no Texto\" data-track-links=\"\">\n<\/div>\n<\/div>\n<div id=\"chunk-2014d\">\n<div class=\"mc-column content-text active-extra-styles \" data-block-type=\"unstyled\" data-block-weight=\"26\" data-block-id=\"26\">\n<p class=\"content-text__container \" data-track-category=\"Link no Texto\" data-track-links=\"\">A expectativa \u00e9 que, por meio dessa plataforma, as pessoas endividadas tenham acesso a todos os d\u00e9bitos e \u00e0s propostas de cada institui\u00e7\u00e3o para a renegocia\u00e7\u00e3o.<\/p>\n<p data-track-category=\"Link no Texto\" data-track-links=\"\">\n<\/div>\n<\/div>\n<div id=\"chunk-6idv1\">\n<div class=\"mc-column content-text active-extra-styles \" data-block-type=\"unstyled\" data-block-weight=\"14\" data-block-id=\"27\">\n<p class=\"content-text__container \" data-track-category=\"Link no Texto\" data-track-links=\"\">Garantir que ela funcione e seja f\u00e1cil para o uso \u00e9 um dos desafios.<\/p>\n<\/div>\n<\/div>\n<div id=\"chunk-c7anc\">\n<p class=\"content-text__container\">\n<div class=\"mc-column content-text active-extra-styles\" data-block-type=\"raw\" data-block-weight=\"8\" data-block-id=\"28\">\n<div class=\"content-intertitle\">\n<h2>Qual a taxa de juros oferecida na renegocia\u00e7\u00e3o?<\/h2>\n<\/div>\n<p>&nbsp;<\/p>\n<\/div>\n<\/div>\n<div id=\"chunk-8f4jb\">\n<div class=\"mc-column content-text active-extra-styles \" data-block-type=\"unstyled\" data-block-weight=\"9\" data-block-id=\"29\">\n<p class=\"content-text__container \" data-track-category=\"Link no Texto\" data-track-links=\"\"><strong>Para renda at\u00e9 R$ 20 mil (faixa 2)<\/strong><\/p>\n<p data-track-category=\"Link no Texto\" data-track-links=\"\">\n<\/div>\n<\/div>\n<div id=\"chunk-4hpc5\">\n<div class=\"mc-column content-text active-extra-styles \" data-block-type=\"unstyled\" data-block-weight=\"13\" data-block-id=\"30\">\n<p class=\"content-text__container \" data-track-category=\"Link no Texto\" data-track-links=\"\">Na etapa j\u00e1 iniciada, cada endividado deve procurar seu banco para saber se:<\/p>\n<\/div>\n<\/div>\n<div id=\"chunk-4lfvr\">\n<div class=\"mc-column content-text active-extra-styles \" data-block-type=\"unstyled\" data-block-weight=\"8\" data-block-id=\"31\">\n<p class=\"content-text__container \" data-track-category=\"Link no Texto\" data-track-links=\"\">1) a institui\u00e7\u00e3o est\u00e1 participando do programa;<\/p>\n<\/div>\n<\/div>\n<div id=\"chunk-d67kq\">\n<div class=\"mc-column content-text active-extra-styles \" data-block-type=\"unstyled\" data-block-weight=\"11\" data-block-id=\"32\">\n<p class=\"content-text__container \" data-track-category=\"Link no Texto\" data-track-links=\"\">2) avaliar qual a oferta de renegocia\u00e7\u00e3o est\u00e1 sendo feita.<\/p>\n<p data-track-category=\"Link no Texto\" data-track-links=\"\">\n<\/div>\n<\/div>\n<div id=\"chunk-ccse9\">\n<div class=\"mc-column content-text active-extra-styles \" data-block-type=\"unstyled\" data-block-weight=\"36\" data-block-id=\"33\">\n<p class=\"content-text__container \" data-track-category=\"Link no Texto\" data-track-links=\"\">Ou seja, para esta faixa de renda, n\u00e3o h\u00e1 teto para as taxas de juros que os bancos podem oferecer nem m\u00ednimo de desconto nas d\u00edvidas, desde que parcelem os d\u00e9bitos em pelo menos 12 vezes.<\/p>\n<p data-track-category=\"Link no Texto\" data-track-links=\"\">\n<\/div>\n<\/div>\n<div id=\"chunk-and13\">\n<div class=\"content-ads content-ads--reveal\" data-block-type=\"ads\" data-block-id=\"34\"><\/div>\n<\/div>\n<div id=\"chunk-d1271\">\n<div class=\"mc-column content-text active-extra-styles \" data-block-type=\"unstyled\" data-block-weight=\"54\" data-block-id=\"35\">\n<p class=\"content-text__container \" data-track-category=\"Link no Texto\" data-track-links=\"\">Para incentivar os bancos a darem descontos maiores, o governo vai oferecer cr\u00e9dito tribut\u00e1rio. Em outras palavras, vai reduzir os impostos a serem pagos pelas empresas. Segundo o ministro da Fazenda, Fernando Haddad, a cada R$ 1 dado em desconto nas d\u00edvidas, o governo vai abrir m\u00e3o de receber R$ 1 real em tributos.<\/p>\n<p data-track-category=\"Link no Texto\" data-track-links=\"\">\n<\/div>\n<\/div>\n<div id=\"chunk-covgc\">\n<div class=\"mc-column content-text active-extra-styles \" data-block-type=\"unstyled\" data-block-weight=\"8\" data-block-id=\"36\">\n<p class=\"content-text__container \" data-track-category=\"Link no Texto\" data-track-links=\"\"><strong>Para renda at\u00e9 2 sal\u00e1rios m\u00ednimos (faixa 1)<\/strong><\/p>\n<p data-track-category=\"Link no Texto\" data-track-links=\"\">\n<\/div>\n<\/div>\n<div id=\"chunk-ejtgg\">\n<div class=\"mc-column content-text active-extra-styles \" data-block-type=\"unstyled\" data-block-weight=\"37\" data-block-id=\"37\">\n<p class=\"content-text__container \" data-track-category=\"Link no Texto\" data-track-links=\"\">Nesta etapa prevista para setembro, o teto para as taxas de juros na renegocia\u00e7\u00e3o das d\u00edvidas \u00e9 de at\u00e9 1,99% ao m\u00eas, com d\u00e9bitos parcelados em at\u00e9 60 vezes, tendo valor m\u00ednimo de R$ 50 por parcela.<\/p>\n<p data-track-category=\"Link no Texto\" data-track-links=\"\">\n<\/div>\n<\/div>\n<div id=\"chunk-euh25\">\n<div class=\"mc-column content-text active-extra-styles \" data-block-type=\"unstyled\" data-block-weight=\"31\" data-block-id=\"38\">\n<p class=\"content-text__container \" data-track-category=\"Link no Texto\" data-track-links=\"\">Como as negocia\u00e7\u00f5es v\u00e3o ser feitas por meio de um aplicativo, a expectativa do governo \u00e9 que haja um &#8220;leil\u00e3o&#8221;. Quem oferecer as melhores condi\u00e7\u00f5es (maiores descontos no d\u00e9bito), leva.<\/p>\n<p data-track-category=\"Link no Texto\" data-track-links=\"\">\n<\/div>\n<\/div>\n<div id=\"chunk-bqfa0\">\n<div class=\"mc-column content-text active-extra-styles \" data-block-type=\"unstyled\" data-block-weight=\"61\" data-block-id=\"39\">\n<p class=\"content-text__container \" data-track-category=\"Link no Texto\" data-track-links=\"\">O que o banco ganhar\u00e1 em troca? A certeza de que receber\u00e1 todo o dinheiro da d\u00edvida renegociada, caso o cliente n\u00e3o pague.<\/p>\n<p class=\"content-text__container \" data-track-category=\"Link no Texto\" data-track-links=\"\">Isso ocorre porque, para esta etapa do programa, o governo criou um Fundo Garantidor de Opera\u00e7\u00f5es (FGO) para o Desenrola.<\/p>\n<p class=\"content-text__container \" data-track-category=\"Link no Texto\" data-track-links=\"\">Ap\u00f3s 60 dias de atraso da parcela, o banco pode pedir ao governo que pague a d\u00edvida correspondente.<\/p>\n<p data-track-category=\"Link no Texto\" data-track-links=\"\">\n<\/div>\n<\/div>\n<div id=\"chunk-f0bqj\">\n<p class=\"content-text__container\">\n<div class=\"mc-column content-text active-extra-styles\" data-block-type=\"raw\" data-block-weight=\"7\" data-block-id=\"40\">\n<div class=\"content-intertitle\">\n<h2>Vale a pena aderir ao programa agora?<\/h2>\n<\/div>\n<\/div>\n<p>&nbsp;<\/p>\n<\/div>\n<div id=\"chunk-e187v\">\n<div class=\"mc-column content-text active-extra-styles \" data-block-type=\"unstyled\" data-block-weight=\"41\" data-block-id=\"41\">\n<p class=\"content-text__container \" data-track-category=\"Link no Texto\" data-track-links=\"\">Para os especialistas ouvidos pela BBC News Brasil, \u00e9 sempre importante renegociar d\u00edvidas para evitar que os valores devidos cres\u00e7am m\u00eas a m\u00eas com as altas taxas de juros. Quanto antes for poss\u00edvel renegociar e ficar com o nome limpo, melhor.<\/p>\n<\/div>\n<\/div>\n<div id=\"chunk-77uee\">\n<div><\/div>\n<\/div>\n<div id=\"chunk-du1it\">\n<div class=\"mc-column content-text active-extra-styles \" data-block-type=\"unstyled\" data-block-weight=\"21\" data-block-id=\"43\">\n<p class=\"content-text__container \" data-track-category=\"Link no Texto\" data-track-links=\"\">\u201cO sobrenome \u00e9 o \u00fanico ativo do brasileiro. Ficar com ele sujo traz transtornos, inclusive psicol\u00f3gicos\u201d, diz Izis Ferreira, da CNC.<\/p>\n<\/div>\n<\/div>\n<div id=\"chunk-6p11p\">\n<div class=\"mc-column content-text active-extra-styles \" data-block-type=\"unstyled\" data-block-weight=\"35\" data-block-id=\"44\">\n<p class=\"content-text__container \" data-track-category=\"Link no Texto\" data-track-links=\"\">Mas, como nesta etapa atual do programa n\u00e3o h\u00e1 teto para a taxa de juros das renegocia\u00e7\u00f5es, a recomenda\u00e7\u00e3o \u00e9 avaliar cuidadosamente a oferta dos bancos para decidir se vale a pena aderir j\u00e1.<\/p>\n<p data-track-category=\"Link no Texto\" data-track-links=\"\">\n<\/div>\n<\/div>\n<div id=\"chunk-c7nad\">\n<div class=\"mc-column content-text active-extra-styles \" data-block-type=\"unstyled\" data-block-weight=\"16\" data-block-id=\"45\">\n<p class=\"content-text__container \" data-track-category=\"Link no Texto\" data-track-links=\"\">A dica \u00e9 tentar barganhar as melhores condi\u00e7\u00f5es para pagar o que deve antes de setembro.<\/p>\n<p data-track-category=\"Link no Texto\" data-track-links=\"\">\n<\/div>\n<\/div>\n<div id=\"chunk-1dmf0\">\n<div class=\"mc-column content-text active-extra-styles \" data-block-type=\"unstyled\" data-block-weight=\"27\" data-block-id=\"46\">\n<p class=\"content-text__container \" data-track-category=\"Link no Texto\" data-track-links=\"\">&#8220;Primeiro, eu buscaria a institui\u00e7\u00e3o para a qual eu devo e perguntaria o que ela me oferece para renegociar esse valor sem o Desenrola&#8221;, diz Ferreira.<\/p>\n<p data-track-category=\"Link no Texto\" data-track-links=\"\">\n<\/div>\n<\/div>\n<div id=\"chunk-6q0p2\">\n<div class=\"mc-column content-text active-extra-styles \" data-block-type=\"unstyled\" data-block-weight=\"19\" data-block-id=\"47\">\n<p class=\"content-text__container \" data-track-category=\"Link no Texto\" data-track-links=\"\">&#8220;Tentaria propor que eles adiantem as condi\u00e7\u00f5es para que essa d\u00edvida, sujeita a juros, n\u00e3o aumente\u201d, sugere a economista.<\/p>\n<p data-track-category=\"Link no Texto\" data-track-links=\"\">\n<\/div>\n<\/div>\n<div id=\"chunk-eea8s\">\n<div class=\"mc-column content-text active-extra-styles \" data-block-type=\"unstyled\" data-block-weight=\"47\" data-block-id=\"48\">\n<p class=\"content-text__container \" data-track-category=\"Link no Texto\" data-track-links=\"\">Para a especialista, mesmo que a institui\u00e7\u00e3o financeira ainda n\u00e3o tenha aderido ao Desenrola, ou que a d\u00edvida s\u00f3 se enquadre na segunda etapa do programa, vale a pena j\u00e1 ligar para o banco e perguntar que tipo de condi\u00e7\u00f5es ele oferece para uma eventual renegocia\u00e7\u00e3o.<\/p>\n<p data-track-category=\"Link no Texto\" data-track-links=\"\">\n<\/div>\n<\/div>\n<div id=\"chunk-4r59m\">\n<div class=\"mc-column content-text active-extra-styles \" data-block-type=\"unstyled\" data-block-weight=\"26\" data-block-id=\"49\">\n<p class=\"content-text__container \" data-track-category=\"Link no Texto\" data-track-links=\"\">Outra op\u00e7\u00e3o, caso seu banco n\u00e3o esteja no programa, \u00e9 tentar fazer a transfer\u00eancia da d\u00edvida para outra institui\u00e7\u00e3o que tenha aderido ao Desenrola.<\/p>\n<p data-track-category=\"Link no Texto\" data-track-links=\"\">\n<\/div>\n<\/div>\n<div id=\"chunk-4o650\">\n<div class=\"mc-column content-text active-extra-styles \" data-block-type=\"unstyled\" data-block-weight=\"28\" data-block-id=\"50\">\n<p class=\"content-text__container \" data-track-category=\"Link no Texto\" data-track-links=\"\">Ferreira afirma, ainda, que este per\u00edodo pode ser uma oportunidade para que at\u00e9 mesmo as pessoas que tenham presta\u00e7\u00f5es em dia tentem uma renegocia\u00e7\u00e3o para baixar os juros.<\/p>\n<\/div>\n<\/div>\n<div class=\"content-ads content-ads--reveal\" data-block-type=\"ads\" data-block-id=\"51\"><\/div>\n<div id=\"chunk-6rq6j\">\n<div class=\"mc-column content-text active-extra-styles \" data-block-type=\"unstyled\" data-block-weight=\"43\" data-block-id=\"52\">\n<p class=\"content-text__container \" data-track-category=\"Link no Texto\" data-track-links=\"\">\u201cAs pessoas podem conversar diretamente com a institui\u00e7\u00e3o financeira. No contrato de cr\u00e9dito, h\u00e1 uma cl\u00e1usula que garante a renegocia\u00e7\u00e3o em qualquer per\u00edodo do contrato. Principalmente se ela est\u00e1 com dificuldades para arcar com esse pagamento, h\u00e1 chances desses juros serem revistos\u201d, diz.<\/p>\n<\/div>\n<\/div>\n<div id=\"chunk-8dgrv\">\n<p class=\"content-text__container\">\n<div class=\"mc-column content-text active-extra-styles\" data-block-type=\"raw\" data-block-weight=\"14\" data-block-id=\"53\">\n<div class=\"content-intertitle\">\n<h2>Minha fase do programa s\u00f3 come\u00e7a em setembro. J\u00e1 posso me inscrever no aplicativo?<\/h2>\n<\/div>\n<\/div>\n<p>&nbsp;<\/p>\n<\/div>\n<div id=\"chunk-c2587\">\n<div class=\"mc-column content-text active-extra-styles \" data-block-type=\"unstyled\" data-block-weight=\"27\" data-block-id=\"54\">\n<p class=\"content-text__container \" data-track-category=\"Link no Texto\" data-track-links=\"\">O governo ainda n\u00e3o lan\u00e7ou o aplicativo do programa, mas j\u00e1 informou que, para participar, ser\u00e1 preciso estar inscrito no portal do governo federal GOV.BR, o <a href=\"http:\/\/www.gov.br\">www.gov.br<\/a>.<\/p>\n<p data-track-category=\"Link no Texto\" data-track-links=\"\">\n<\/div>\n<\/div>\n<div id=\"chunk-3vb0v\">\n<div class=\"mc-column content-text active-extra-styles \" data-block-type=\"unstyled\" data-block-weight=\"45\" data-block-id=\"55\">\n<p class=\"content-text__container \" data-track-category=\"Link no Texto\" data-track-links=\"\">O material de divulga\u00e7\u00e3o do Desenrola incentiva que os devedores fa\u00e7am j\u00e1 o cadastro do portal oficial, usando o CPF e seguindo as instru\u00e7\u00f5es. Quem se conectar usando dados de seu banco, por exemplo, &#8220;sobe&#8221; de n\u00edvel no portal, de &#8220;Bronze&#8221; para &#8220;Prata&#8221; ou &#8220;Ouro&#8221;.<\/p>\n<p data-track-category=\"Link no Texto\" data-track-links=\"\">\n<\/div>\n<\/div>\n<div id=\"chunk-52hc0\">\n<div class=\"mc-column content-text active-extra-styles \" data-block-type=\"unstyled\" data-block-weight=\"33\" data-block-id=\"56\">\n<p class=\"content-text__container \" data-track-category=\"Link no Texto\" data-track-links=\"\">O governo tamb\u00e9m informa que os interessados tamb\u00e9m poder\u00e3o fazer o seu cadastro no GOV.BR presencialmente nas ag\u00eancias do INSS. L\u00e1, dever\u00e3o se informar sobre como obter a certifica\u00e7\u00e3o n\u00edvel &#8220;Prata&#8221; ou &#8220;Ouro&#8221;.<\/p>\n<\/div>\n<\/div>\n<div id=\"chunk-4qbsd\">\n<div class=\"bs-video-block mc-column  content-media content-video\" data-block-type=\"backstage-video\" data-block-id=\"57\">\n<div class=\"content-media__container\">\n<div class=\"content-video__bigger-player-description-fixer\">\n<article class=\"content-video\">\n<section class=\"content-video__video-container\">\n<div class=\"content-video__video\">\n<div class=\"content-video__placeholder\" data-video-id=\"11789383\" data-video-has-viewport-play=\"True\"><\/div>\n<\/div>\n<\/section>\n<\/article>\n<\/div>\n<\/div>\n<\/div>\n<\/div>\n<\/div>\n<div id=\"chunk-4qbsd\">\n<div class=\"bs-video-block mc-column  content-media content-video\" data-block-type=\"backstage-video\" data-block-id=\"57\">\n<div class=\"content-media__container\">\n<div class=\"content-video__bigger-player-description-fixer\">\n<article class=\"content-video\">\n<section class=\"content-video__video-container\">\n<div class=\"content-video__video\"><\/div>\n<\/section>\n<\/article>\n<\/div>\n<p class=\"content-media__description\">\n<\/div>\n<\/div>\n<\/div>\n<div id=\"chunk-dmr4k\">\n<div class=\"content-ads content-ads--reveal\" data-block-type=\"ads\" data-block-id=\"58\">\n<div><\/div>\n<\/div>\n<\/div>\n<div id=\"chunk-5orsi\">\n<div class=\"mc-column content-text active-extra-styles\" data-block-type=\"raw\" data-block-weight=\"12\" data-block-id=\"59\">\n<p class=\"content-text__container\">\n<div class=\"content-intertitle\">\n<h2>O que acontece se voc\u00ea renegociar e n\u00e3o conseguir pagar as parcelas?<\/h2>\n<\/div>\n<\/div>\n<p>&nbsp;<\/p>\n<\/div>\n<div id=\"chunk-eb3g9\">\n<div class=\"mc-column content-text active-extra-styles \" data-block-type=\"unstyled\" data-block-weight=\"34\" data-block-id=\"60\">\n<p class=\"content-text__container \" data-track-category=\"Link no Texto\" data-track-links=\"\">O professor da FGV Luiz Gonzalez afirma que \u00e9 essencial manter a calma no momento de fazer a renegocia\u00e7\u00e3o. O objetivo \u00e9 que as pessoas n\u00e3o acabem aceitando parcelas que n\u00e3o v\u00e3o conseguir pagar.<\/p>\n<p data-track-category=\"Link no Texto\" data-track-links=\"\">\n<\/div>\n<\/div>\n<div id=\"chunk-2k5jq\">\n<div class=\"mc-column content-text active-extra-styles \" data-block-type=\"unstyled\" data-block-weight=\"25\" data-block-id=\"61\">\n<p class=\"content-text__container \" data-track-category=\"Link no Texto\" data-track-links=\"\">\u201cA pessoa tem que estar atenta para que ela saiba se vai conseguir de fato cumprir as obriga\u00e7\u00f5es dessa nova renegocia\u00e7\u00e3o&#8221;, diz o professor.<\/p>\n<p data-track-category=\"Link no Texto\" data-track-links=\"\">\n<\/div>\n<\/div>\n<div id=\"chunk-1bhuo\">\n<div class=\"mc-column content-text active-extra-styles \" data-block-type=\"unstyled\" data-block-weight=\"32\" data-block-id=\"62\">\n<p class=\"content-text__container \" data-track-category=\"Link no Texto\" data-track-links=\"\">&#8220;Se ela desconfiar que n\u00e3o vai dar conta, ela pode tentar barganhar para obter uma presta\u00e7\u00e3o que caiba no or\u00e7amento dela e sabendo quais s\u00e3o as condi\u00e7\u00f5es oferecidas normalmente pelo mercado\u201d, afirma.<\/p>\n<p data-track-category=\"Link no Texto\" data-track-links=\"\">\n<\/div>\n<\/div>\n<div id=\"chunk-f2vcs\">\n<div class=\"mc-column content-text active-extra-styles \" data-block-type=\"unstyled\" data-block-weight=\"29\" data-block-id=\"63\">\n<p class=\"content-text__container \" data-track-category=\"Link no Texto\" data-track-links=\"\">J\u00e1 Iziz Ferreira, da CNC, alerta que as pessoas que eventualmente n\u00e3o cumprirem com esses pagamentos da renegocia\u00e7\u00e3o devem ter muita dificuldade ao tentar garantir cr\u00e9dito novamente no futuro.<\/p>\n<p data-track-category=\"Link no Texto\" data-track-links=\"\">\n<\/div>\n<\/div>\n<div id=\"chunk-44v4q\">\n<div class=\"mc-column content-text active-extra-styles \" data-block-type=\"unstyled\" data-block-weight=\"41\" data-block-id=\"64\">\n<p class=\"content-text__container \" data-track-category=\"Link no Texto\" data-track-links=\"\">\u201cA pessoa que aceitar a renegocia\u00e7\u00e3o e n\u00e3o cumprir com essa nova d\u00edvida tem que ter saber as consequ\u00eancias disso. Porque o credor vai receber, mas ele (o consumidor) provavelmente vai ter muita dificuldade para obter cr\u00e9dito novamente\u201d, diz a economista.<\/p>\n<\/div>\n<\/div>\n<div id=\"chunk-c24mi\">\n<p class=\"content-text__container\">\n<div class=\"mc-column content-text active-extra-styles\" data-block-type=\"raw\" data-block-weight=\"8\" data-block-id=\"65\">\n<div class=\"content-intertitle\">\n<h2>Vai ser obrigat\u00f3rio fazer curso de educa\u00e7\u00e3o financeira?<\/h2>\n<\/div>\n<\/div>\n<p>&nbsp;<\/p>\n<\/div>\n<div id=\"chunk-cv6st\">\n<div class=\"mc-column content-text active-extra-styles \" data-block-type=\"unstyled\" data-block-weight=\"31\" data-block-id=\"66\">\n<p class=\"content-text__container \" data-track-category=\"Link no Texto\" data-track-links=\"\">O governo afirma que a plataforma que ser\u00e1 lan\u00e7ada para o programa ter\u00e1 um curso de educa\u00e7\u00e3o financeira para os benefici\u00e1rios que aderirem ao Desenrola Brasil da faixa 1 de renda.<\/p>\n<\/div>\n<\/div>\n<div id=\"chunk-9djlg\">\n<div class=\"content-ads content-ads--reveal\" data-block-type=\"ads\" data-block-id=\"67\">\n<div><\/div>\n<\/div>\n<\/div>\n<div id=\"chunk-68i2v\">\n<div class=\"mc-column content-text active-extra-styles \" data-block-type=\"unstyled\" data-block-weight=\"30\" data-block-id=\"68\">\n<p class=\"content-text__container \" data-track-category=\"Link no Texto\" data-track-links=\"\">&#8220;\u00c9 muito importante a realiza\u00e7\u00e3o do curso, para que o beneficiado pelo programa saiba como evitar novas situa\u00e7\u00f5es de endividamento&#8221;, diz o material de perguntas e respostas disponibilizado pelo programa.<\/p>\n<p data-track-category=\"Link no Texto\" data-track-links=\"\">\n<\/div>\n<\/div>\n<div id=\"chunk-9dn1d\">\n<div class=\"mc-column content-text active-extra-styles \" data-block-type=\"unstyled\" data-block-weight=\"10\" data-block-id=\"69\">\n<p class=\"content-text__container \" data-track-category=\"Link no Texto\" data-track-links=\"\">N\u00e3o est\u00e1 claro, por\u00e9m, se fazer o curso ser\u00e1 obrigat\u00f3rio.<\/p>\n<p data-track-category=\"Link no Texto\" data-track-links=\"\">\n<\/div>\n<\/div>\n<div id=\"chunk-b7pbn\">\n<div class=\"mc-column content-text active-extra-styles \" data-block-type=\"unstyled\" data-block-weight=\"32\" data-block-id=\"70\">\n<p class=\"content-text__container \" data-track-category=\"Link no Texto\" data-track-links=\"\">Para a economista Izis Ferreira, uma das principais preocupa\u00e7\u00f5es como o programa \u00e9 saber como as pessoas v\u00e3o reagir quando souberem que est\u00e3o com o nome limpo e podem fazer novas d\u00edvidas.<\/p>\n<p data-track-category=\"Link no Texto\" data-track-links=\"\">\n<\/div>\n<\/div>\n<div id=\"chunk-npve\">\n<div class=\"mc-column content-text active-extra-styles \" data-block-type=\"unstyled\" data-block-weight=\"42\" data-block-id=\"71\">\n<p class=\"content-text__container \" data-track-category=\"Link no Texto\" data-track-links=\"\">\u201cN\u00e3o vimos nenhum tipo de grande campanha nacional sendo feita em paralelo com o Desenrola. N\u00e3o adianta o governo s\u00f3 colocar um curso atrelado ao aplicativo, como j\u00e1 anunciou, porque muitas vezes as pessoas nem conseguem acess\u00e1-lo por falta de internet&#8221;, comenta.<\/p>\n<p data-track-category=\"Link no Texto\" data-track-links=\"\">\n<\/div>\n<\/div>\n<div id=\"chunk-8tn2h\">\n<div class=\"mc-column content-text active-extra-styles \" data-block-type=\"unstyled\" data-block-weight=\"26\" data-block-id=\"72\">\n<p class=\"content-text__container \" data-track-category=\"Link no Texto\" data-track-links=\"\">&#8220;Se a gente quer manter o consumo dessas pessoas sustent\u00e1vel, vamos ter que fazer com que elas tenham uma racionalidade e uso melhor desse cr\u00e9dito\u201d, afirma.<\/p>\n<p data-track-category=\"Link no Texto\" data-track-links=\"\">\n<\/div>\n<\/div>\n<div id=\"chunk-7ngra\">\n<div class=\"mc-column content-text active-extra-styles \" data-block-type=\"unstyled\" data-block-weight=\"17\" data-block-id=\"73\">\n<p class=\"content-text__container \" data-track-category=\"Link no Texto\" data-track-links=\"\">Ferreira aponta, por exemplo, que 87% dos endividados do pa\u00eds t\u00eam faturas do cart\u00e3o de cr\u00e9dito atrasadas.<\/p>\n<\/div>\n<\/div>\n<div id=\"chunk-56rpq\">\n<p class=\"content-text__container\">\n<div class=\"mc-column content-text active-extra-styles\" data-block-type=\"raw\" data-block-weight=\"7\" data-block-id=\"74\">\n<div class=\"content-intertitle\">\n<h2>Qual a situa\u00e7\u00e3o de endividamento dos brasileiros?<\/h2>\n<\/div>\n<\/div>\n<p>&nbsp;<\/p>\n<\/div>\n<div id=\"chunk-b0bgf\">\n<div class=\"mc-column content-text active-extra-styles \" data-block-type=\"unstyled\" data-block-weight=\"51\" data-block-id=\"75\">\n<p class=\"content-text__container \" data-track-category=\"Link no Texto\" data-track-links=\"\">Em 2022, a cada 100 fam\u00edlias brasileiras, 78 estavam endividadas. O patamar j\u00e1 era o mais elevado da s\u00e9rie hist\u00f3rica (com in\u00edcio em 2010) da Pesquisa de Endividamento e Inadimpl\u00eancia do Consumidor (Peic) da CNC. Em junho, depois de meses de estabilidade, esse n\u00famero avan\u00e7ou mais um pouco, chegando a 78,5%.<\/p>\n<\/div>\n<\/div>\n<div id=\"chunk-8cj38\">\n<div class=\"content-ads content-ads--reveal\" data-block-type=\"ads\" data-block-id=\"76\">\n<div><\/div>\n<\/div>\n<\/div>\n<div id=\"chunk-5otp2\">\n<div class=\"mc-column content-text active-extra-styles \" data-block-type=\"unstyled\" data-block-weight=\"20\" data-block-id=\"77\">\n<p class=\"content-text__container \" data-track-category=\"Link no Texto\" data-track-links=\"\">Entre 2020 e 2022, a propor\u00e7\u00e3o de fam\u00edlias endividadas passou de 66,5% para 77,9%, uma alta de 11,4 pontos percentuais.<\/p>\n<p data-track-category=\"Link no Texto\" data-track-links=\"\">\n<\/div>\n<\/div>\n<div id=\"chunk-f7e7k\">\n<div class=\"mc-column content-text active-extra-styles \" data-block-type=\"unstyled\" data-block-weight=\"74\" data-block-id=\"78\">\n<p class=\"content-text__container \" data-track-category=\"Link no Texto\" data-track-links=\"\">A CNC explicou esse recorde de endividamento em 2022 com base em tr\u00eas fatores: a alta da infla\u00e7\u00e3o at\u00e9 a metade do ano passado, que corroeu o poder de compra das fam\u00edlias; o incentivo crescente ao uso do cart\u00e3o de cr\u00e9dito, atrav\u00e9s da oferta de novos produtos e servi\u00e7os por bancos e fintechs; e, para os mais ricos, a demanda represada por servi\u00e7os, como viagens e compra de passagens a\u00e9reas, geralmente pagos no cart\u00e3o.<\/p>\n<p data-track-category=\"Link no Texto\" data-track-links=\"\">\n<\/div>\n<\/div>\n<div id=\"chunk-3vojo\">\n<div class=\"mc-column content-text active-extra-styles \" data-block-type=\"unstyled\" data-block-weight=\"40\" data-block-id=\"79\">\n<p class=\"content-text__container \" data-track-category=\"Link no Texto\" data-track-links=\"\">Aliviar a situa\u00e7\u00e3o dos endividados foi uma promessa de campanha do presidente Luiz In\u00e1cio Lula da Silva (PT). Para o governo, limpar o nome de boa parte dos brasileiros vai devolv\u00ea-los ao mercado consumidor e ajudar a economia a crescer.<\/p>\n<\/div>\n<\/div>\n<div id=\"chunk-69evt\">\n<div class=\"mc-column content-text active-extra-styles \" data-block-type=\"unstyled\" data-block-weight=\"10\" data-block-id=\"80\">\n<p class=\"content-text__container \" data-track-category=\"Link no Texto\" data-track-links=\"\">\n<\/div>\n<\/div>\n<p>&nbsp;<\/p>\n<p>Por Felipe Souza, BBC News <em>*Colaborou Fl\u00e1via Marreiro, da BBC News Brasil em S\u00e3o Paulo<\/em><\/p>\n","protected":false},"excerpt":{"rendered":"<p>O governo federal iniciou nesta segunda-feira (17\/7) a primeira fase do programa Desenrola Brasil, destinado a incentivar a renegocia\u00e7\u00e3o de d\u00edvidas \u2014 um problema que atinge 71,9 milh\u00f5es de brasileiros, segundo a avaliadora de cr\u00e9dito Serasa. Esta primeira etapa inclui quem tem d\u00e9bitos com bancos e renda mensal bruta de at\u00e9 R$ 20 mil. Cada [&hellip;]<\/p>\n","protected":false},"author":5,"featured_media":245883,"comment_status":"closed","ping_status":"closed","sticky":false,"template":"","format":"standard","meta":{"footnotes":""},"categories":[26],"tags":[],"class_list":["post-245882","post","type-post","status-publish","format-standard","has-post-thumbnail","hentry","category-economia"],"_links":{"self":[{"href":"https:\/\/www.ocorreionews.com.br\/acervo-correio\/index.php?rest_route=\/wp\/v2\/posts\/245882","targetHints":{"allow":["GET"]}}],"collection":[{"href":"https:\/\/www.ocorreionews.com.br\/acervo-correio\/index.php?rest_route=\/wp\/v2\/posts"}],"about":[{"href":"https:\/\/www.ocorreionews.com.br\/acervo-correio\/index.php?rest_route=\/wp\/v2\/types\/post"}],"author":[{"embeddable":true,"href":"https:\/\/www.ocorreionews.com.br\/acervo-correio\/index.php?rest_route=\/wp\/v2\/users\/5"}],"replies":[{"embeddable":true,"href":"https:\/\/www.ocorreionews.com.br\/acervo-correio\/index.php?rest_route=%2Fwp%2Fv2%2Fcomments&post=245882"}],"version-history":[{"count":1,"href":"https:\/\/www.ocorreionews.com.br\/acervo-correio\/index.php?rest_route=\/wp\/v2\/posts\/245882\/revisions"}],"predecessor-version":[{"id":245884,"href":"https:\/\/www.ocorreionews.com.br\/acervo-correio\/index.php?rest_route=\/wp\/v2\/posts\/245882\/revisions\/245884"}],"wp:featuredmedia":[{"embeddable":true,"href":"https:\/\/www.ocorreionews.com.br\/acervo-correio\/index.php?rest_route=\/wp\/v2\/media\/245883"}],"wp:attachment":[{"href":"https:\/\/www.ocorreionews.com.br\/acervo-correio\/index.php?rest_route=%2Fwp%2Fv2%2Fmedia&parent=245882"}],"wp:term":[{"taxonomy":"category","embeddable":true,"href":"https:\/\/www.ocorreionews.com.br\/acervo-correio\/index.php?rest_route=%2Fwp%2Fv2%2Fcategories&post=245882"},{"taxonomy":"post_tag","embeddable":true,"href":"https:\/\/www.ocorreionews.com.br\/acervo-correio\/index.php?rest_route=%2Fwp%2Fv2%2Ftags&post=245882"}],"curies":[{"name":"wp","href":"https:\/\/api.w.org\/{rel}","templated":true}]}}